{"id":16924,"date":"2024-01-26T16:24:12","date_gmt":"2024-01-26T19:24:12","guid":{"rendered":"https:\/\/sites.uel.br\/prograd\/?p=16924"},"modified":"2024-01-26T16:46:28","modified_gmt":"2024-01-26T19:46:28","slug":"ajuste-de-matricula-prorrogacao-de-prazo","status":"publish","type":"post","link":"https:\/\/sites.uel.br\/prograd\/matriculas\/2024\/01\/26\/ajuste-de-matricula-prorrogacao-de-prazo\/","title":{"rendered":"Ajuste de Matr\u00edcula &#8211; Prorroga\u00e7\u00e3o de Prazo"},"content":{"rendered":"\n<p><\/p>\n\n\n\n<p>At\u00e9 29\/01\/2024 \u2013 \u00faltimo dia para os estudantes regularmente matriculados no Sistema Acad\u00eamico de Cr\u00e9dito Anual, Semestral e Sistema de Matr\u00edcula por Atividade Acad\u00eamica, exceto ingressantes em 2023, realizarem o Ajuste de Matr\u00edcula no Portal do Estudante.<\/p>\n\n\n\n<p>Obs: O Resultado do Ajuste de Matr\u00edcula ser\u00e1 publicado em 02\/02\/2024, como previsto no <a href=\"https:\/\/sites.uel.br\/prograd\/estudante\/calendario\/\">calend\u00e1rio acad\u00eamico<\/a>.<\/p>\n\n\n\n<p>Acesse: <a href=\"http:\/\/www.uel.br\/portaldoestudante\" target=\"_blank\" rel=\"noreferrer noopener\">www.uel.br\/portaldoestudante<\/a><\/p>\n","protected":false},"excerpt":{"rendered":"<p>At\u00e9 29\/01\/2024 \u2013 \u00faltimo dia para os estudantes regularmente matriculados no Sistema Acad\u00eamico de Cr\u00e9dito Anual, Semestral e Sistema de Matr\u00edcula por Atividade Acad\u00eamica, exceto ingressantes em 2023, realizarem o Ajuste de Matr\u00edcula no Portal do Estudante. Obs: O Resultado do Ajuste de Matr\u00edcula ser\u00e1 publicado em 02\/02\/2024, como previsto no calend\u00e1rio acad\u00eamico. Acesse: www.uel.br\/portaldoestudante<\/p>\n","protected":false},"author":8,"featured_media":0,"comment_status":"open","ping_status":"open","sticky":false,"template":"","format":"standard","meta":{"_acf_changed":false,"_themeisle_gutenberg_block_has_review":false,"footnotes":""},"categories":[41],"tags":[],"class_list":["post-16924","post","type-post","status-publish","format-standard","hentry","category-matriculas"],"acf":[],"_links":{"self":[{"href":"https:\/\/sites.uel.br\/prograd\/wp-json\/wp\/v2\/posts\/16924","targetHints":{"allow":["GET"]}}],"collection":[{"href":"https:\/\/sites.uel.br\/prograd\/wp-json\/wp\/v2\/posts"}],"about":[{"href":"https:\/\/sites.uel.br\/prograd\/wp-json\/wp\/v2\/types\/post"}],"author":[{"embeddable":true,"href":"https:\/\/sites.uel.br\/prograd\/wp-json\/wp\/v2\/users\/8"}],"replies":[{"embeddable":true,"href":"https:\/\/sites.uel.br\/prograd\/wp-json\/wp\/v2\/comments?post=16924"}],"version-history":[{"count":5,"href":"https:\/\/sites.uel.br\/prograd\/wp-json\/wp\/v2\/posts\/16924\/revisions"}],"predecessor-version":[{"id":16929,"href":"https:\/\/sites.uel.br\/prograd\/wp-json\/wp\/v2\/posts\/16924\/revisions\/16929"}],"wp:attachment":[{"href":"https:\/\/sites.uel.br\/prograd\/wp-json\/wp\/v2\/media?parent=16924"}],"wp:term":[{"taxonomy":"category","embeddable":true,"href":"https:\/\/sites.uel.br\/prograd\/wp-json\/wp\/v2\/categories?post=16924"},{"taxonomy":"post_tag","embeddable":true,"href":"https:\/\/sites.uel.br\/prograd\/wp-json\/wp\/v2\/tags?post=16924"}],"curies":[{"name":"wp","href":"https:\/\/api.w.org\/{rel}","templated":true}]}}