{"id":7189,"date":"2025-11-18T17:11:36","date_gmt":"2025-11-18T20:11:36","guid":{"rendered":"https:\/\/sites.uel.br\/proex\/?p=7189"},"modified":"2025-11-19T10:40:42","modified_gmt":"2025-11-19T13:40:42","slug":"associacoes-canabicas-e-o-praxis-itinerante-realizam-curso-na-uel-sobre-o-uso-medicinal-da-cannabis-para-humanos-e-animais","status":"publish","type":"post","link":"https:\/\/sites.uel.br\/proex\/projetos-de-extensao\/2025\/11\/18\/associacoes-canabicas-e-o-praxis-itinerante-realizam-curso-na-uel-sobre-o-uso-medicinal-da-cannabis-para-humanos-e-animais\/","title":{"rendered":"Associa\u00e7\u00f5es can\u00e1bicas e o Pr\u00e1xis Itinerante realizam curso na UEL sobre o uso medicinal da cannabis para humanos e animais"},"content":{"rendered":"\n<p>Debatendo o sistema endocanabinoide, o curso \u201cEntre a planta e o corpo\u201d, acontece nos dias 2 e 3 de dezembro<\/p>\n\n\n\n<p class=\"has-text-align-right\">Clara Borbalan*<\/p>\n\n\n\n<p>O curso \u201cEntre a planta e o corpo: Sistema Endocanabinoide: maconha &amp; cannabis e suas aplica\u00e7\u00f5es em humanos e animais\u201d, ser\u00e1 ministrado na UEL nos dias 02 e 03 de dezembro pela Associa\u00e7\u00e3o Can\u00e1bica Maria Flor, de Mar\u00edlia (SP). A forma\u00e7\u00e3o \u00e9 uma parceria entre a Associa\u00e7\u00e3o, o Programa de Extens\u00e3o Pr\u00e1xis Itinerante e a Associa\u00e7\u00e3o Can\u00e1bica Cura em<br>Flor.<\/p>\n\n\n\n<p><\/p>\n\n\n<div class=\"wp-block-image\">\n<figure class=\"aligncenter size-large\"><img loading=\"lazy\" decoding=\"async\" width=\"827\" height=\"1024\" src=\"https:\/\/sites.uel.br\/proex\/wp-content\/uploads\/2025\/11\/WhatsApp-Image-2025-11-18-at-16.57.21-827x1024.jpeg\" alt=\"\" class=\"wp-image-7190\" srcset=\"https:\/\/sites.uel.br\/proex\/wp-content\/uploads\/2025\/11\/WhatsApp-Image-2025-11-18-at-16.57.21-827x1024.jpeg 827w, https:\/\/sites.uel.br\/proex\/wp-content\/uploads\/2025\/11\/WhatsApp-Image-2025-11-18-at-16.57.21-242x300.jpeg 242w, https:\/\/sites.uel.br\/proex\/wp-content\/uploads\/2025\/11\/WhatsApp-Image-2025-11-18-at-16.57.21-768x951.jpeg 768w, https:\/\/sites.uel.br\/proex\/wp-content\/uploads\/2025\/11\/WhatsApp-Image-2025-11-18-at-16.57.21.jpeg 1178w\" sizes=\"auto, (max-width: 827px) 100vw, 827px\" \/><\/figure>\n<\/div>\n\n\n<p>No primeiro dia, 02, a partir das 19h15, ser\u00e1 abordado o sistema endocanabinoide e conhecimentos b\u00e1sicos sobre a planta, na Sala de Eventos do CLCH, com Pedro Henrique Ferrari Mazalli e Alceu Alves, da Ci\u00eancias Farmac\u00eauticas, Fabiana Augusto Pereira, Gabriel Cabrerizo e Gustavo Nonato Esteves, da Medicina Veterin\u00e1ria.<\/p>\n\n\n\n<p>Para discutir as aplica\u00e7\u00f5es espec\u00edficas do sistema endocanabinoide em diferentes contextos, no dia 3 ser\u00e3o realizadas duas atividades. A forma\u00e7\u00e3o sobre canabidiol na sa\u00fade humana, com os palestrantes Pedro Henrique Ferrari Mazalli e Alceu Alves, ocorrer\u00e1 na Sala 02 do Curso Especial Pr\u00e9-Vestibular da UEL (CEPV). J\u00e1 a cannabis para a sa\u00fade animal ser\u00e1 discutida na Sala 03 do CEPV, com Fabiana Augusto Pereira, Gabriel Cabrerizo e Gustavo Nonato Esteves. Ambas as atividades acontecer\u00e3o das 19h15 \u00e0s 22h15.<\/p>\n\n\n\n<p>As inscri\u00e7\u00f5es podem ser feitas pelo <a href=\"https:\/\/www.sistemasweb.uel.br\/index.php?contents=system\/insc\/index.php&amp;pagina=view\/inscricoes\/seleciona_evento.php&amp;cod_evento=11441\">sistema da UEL<\/a>. A taxa de inscri\u00e7\u00e3o para o evento varia conforme o p\u00fablico participante: para estudantes de gradua\u00e7\u00e3o da UEL, o valor \u00e9 de R$ 7,00, para pessoas cadastradas no CAD\u00daNICO ou integrantes de movimentos sociais, a inscri\u00e7\u00e3o \u00e9 gratuita e para a comunidade externa o valor \u00e9 de R$50,00.<\/p>\n\n\n\n<p>O curso \u00e9 uma realiza\u00e7\u00e3o do Programa de Extens\u00e3o Pr\u00e1xis Itinerante, Associa\u00e7\u00e3o Can\u00e1bica Maria Flor, Associa\u00e7\u00e3o Can\u00e1bica Cura em Flor, Programa de P\u00f3s Gradua\u00e7\u00e3o em Sociologia &#8211; PPGSOC; Programa de P\u00f3s Gradua\u00e7\u00e3o em Agronomia \u2013 PPGAGRO e Programa de P\u00f3s Gradua\u00e7\u00e3o em Ci\u00eancias Farmac\u00eauticas.<\/p>\n\n\n\n<p><strong>Quem s\u00e3o os palestrantes<\/strong><\/p>\n\n\n\n<p>Alceu Alves \u00e9 farmac\u00eautico-bioqu\u00edmico, pesquisador da Associa\u00e7\u00e3o Can\u00e1bica Maria Fl\u00f4r, doutorando em Agronomia pela UNOESTE e estudante da influ\u00eancia da nutri\u00e7\u00e3o mineral e org\u00e2nica na produ\u00e7\u00e3o de compostos terap\u00eauticos da Cannabis sativa L.<\/p>\n\n\n\n<p>Gustavo Nonato Esteves \u00e9 m\u00e9dico-veterin\u00e1rio formado pela UNIMAR, Mar\u00edlia \u2013 SP. Especialista em Grandes Animais, Odontologia Equina. Atua no atendimento de haras da regi\u00e3o, com manejo preventivo e cl\u00ednico. M\u00e9dico veterin\u00e1rio da Associa\u00e7\u00e3o Maria Flor. Prescritor de Cannabis Medicinal.<\/p>\n\n\n\n<p>Fabiana Augusto Pereira \u00e9 M\u00e9dica Veterin\u00e1ria formada pela Universidade Anhembi Morumbi. Possui p\u00f3s-gradua\u00e7\u00f5es em Dermatologia, Neurologia, Atualiza\u00e7\u00e3o Cl\u00ednica e Cir\u00fargica Hospitalar, al\u00e9m de especializa\u00e7\u00e3o em Geriatria. Participou de importantes forma\u00e7\u00f5es nacionais e internacionais em Medicina Veterin\u00e1ria Canabinoide, realizadas por institui\u00e7\u00f5es como Instituto Bioethicus, VetCann, UNESP, Unifesp e Red Cannabs Medicinal Internacional. Atualmente, \u00e9 coordenadora do N\u00facleo de Medicina Veterin\u00e1ria Canabinoide da Faculdade Anclivepa e M\u00e9dica Veterin\u00e1ria parceira da Associa\u00e7\u00e3o Maria Flor.<\/p>\n\n\n\n<p>Gabriel Cabrerizo \u00e9 M\u00e9dico Veterin\u00e1rio formado pela Universidade Estadual de Londrina. Possui p\u00f3s-gradua\u00e7\u00e3o em Cl\u00ednica M\u00e9dica e Atualiza\u00e7\u00e3o Cl\u00ednica e Cir\u00fargica Hospitalar. \u00c9coordenador do N\u00facleo de Medicina Veterin\u00e1ria Canabinoide da Faculdade Anclivepa e conta com forma\u00e7\u00f5es nacionais e internacionais em Medicina Veterin\u00e1ria Canabinoide, realizadas por institui\u00e7\u00f5es como Instituto Bioethicus, VetCann, UNESP, Unifesp e Red Cannabis Medicinal Internacional. Atua tamb\u00e9m como M\u00e9dico Veterin\u00e1rio parceiro da Associa\u00e7\u00e3o Maria Flor.<\/p>\n\n\n\n<p>Pedro Henrique Ferrari Mazalli \u00e9 farmac\u00eautico formado na Unimar, atualmente est\u00e1 cursando p\u00f3s-gradua\u00e7\u00e3o em agronomia com foco em cannabis na Unoeste e \u00e9 farmac\u00eautico na associa\u00e7\u00e3o Maria Flor.<\/p>\n\n\n\n<p><strong>Servi\u00e7o:<\/strong><\/p>\n\n\n\n<p><br><strong>Curso:<\/strong> Entre a planta e o corpo: Sistema Endocanabinoide: maconha &amp; cannabis e suas<br>aplica\u00e7\u00f5es em humanos e animais<br><strong>Carga Hor\u00e1ria: <\/strong>6 horas<br><strong>Dias:<\/strong> 02 e 03 de dezembro<br><strong>Hor\u00e1rio:<\/strong> 19h15 \u00e0s 22h15<br><strong>Locais:<\/strong><br>1\u00b0 dia (02): Sala de Eventos do CLCH<br>2\u00b0 dia (03): Sala 417 do CESA e Sala 03 do CEPV<br>Inscri\u00e7\u00e3o: Estudantes de Gradua\u00e7\u00e3o UEL &#8211; R$ 7,00<br>Pessoas com CAD\u00daNICO e que integram Movimentos Sociais- Gratuito<br>Demais participantes- R$50,00<\/p>\n\n\n\n<p>*Estudante de jornalismo e bolsista do Programa Pr\u00e1xis Itinerante. <\/p>\n","protected":false},"excerpt":{"rendered":"<p>Debatendo o sistema endocanabinoide, o curso \u201cEntre a planta e o corpo\u201d, acontece nos dias 2 e 3 de dezembro Clara Borbalan* O curso \u201cEntre a planta e o corpo: Sistema Endocanabinoide: maconha &amp; cannabis e suas aplica\u00e7\u00f5es em humanos e animais\u201d, ser\u00e1 ministrado na UEL nos dias 02 e 03 de dezembro pela Associa\u00e7\u00e3o [&hellip;]<\/p>\n","protected":false},"author":27,"featured_media":7190,"comment_status":"open","ping_status":"open","sticky":false,"template":"","format":"standard","meta":{"_acf_changed":false,"_themeisle_gutenberg_block_has_review":false,"footnotes":""},"categories":[10],"tags":[],"class_list":["post-7189","post","type-post","status-publish","format-standard","has-post-thumbnail","hentry","category-projetos-de-extensao"],"acf":[],"_links":{"self":[{"href":"https:\/\/sites.uel.br\/proex\/wp-json\/wp\/v2\/posts\/7189","targetHints":{"allow":["GET"]}}],"collection":[{"href":"https:\/\/sites.uel.br\/proex\/wp-json\/wp\/v2\/posts"}],"about":[{"href":"https:\/\/sites.uel.br\/proex\/wp-json\/wp\/v2\/types\/post"}],"author":[{"embeddable":true,"href":"https:\/\/sites.uel.br\/proex\/wp-json\/wp\/v2\/users\/27"}],"replies":[{"embeddable":true,"href":"https:\/\/sites.uel.br\/proex\/wp-json\/wp\/v2\/comments?post=7189"}],"version-history":[{"count":5,"href":"https:\/\/sites.uel.br\/proex\/wp-json\/wp\/v2\/posts\/7189\/revisions"}],"predecessor-version":[{"id":7196,"href":"https:\/\/sites.uel.br\/proex\/wp-json\/wp\/v2\/posts\/7189\/revisions\/7196"}],"wp:featuredmedia":[{"embeddable":true,"href":"https:\/\/sites.uel.br\/proex\/wp-json\/wp\/v2\/media\/7190"}],"wp:attachment":[{"href":"https:\/\/sites.uel.br\/proex\/wp-json\/wp\/v2\/media?parent=7189"}],"wp:term":[{"taxonomy":"category","embeddable":true,"href":"https:\/\/sites.uel.br\/proex\/wp-json\/wp\/v2\/categories?post=7189"},{"taxonomy":"post_tag","embeddable":true,"href":"https:\/\/sites.uel.br\/proex\/wp-json\/wp\/v2\/tags?post=7189"}],"curies":[{"name":"wp","href":"https:\/\/api.w.org\/{rel}","templated":true}]}}