{"id":4135,"date":"2024-06-13T09:28:57","date_gmt":"2024-06-13T12:28:57","guid":{"rendered":"https:\/\/sites.uel.br\/proex\/?p=4135"},"modified":"2024-06-13T09:30:43","modified_gmt":"2024-06-13T12:30:43","slug":"uel-prepara-eventos-e-acoes-de-recepcao-aos-ingressantes-do-ano-letivo-2024","status":"publish","type":"post","link":"https:\/\/sites.uel.br\/proex\/sem-categoria\/2024\/06\/13\/uel-prepara-eventos-e-acoes-de-recepcao-aos-ingressantes-do-ano-letivo-2024\/","title":{"rendered":"UEL prepara eventos e a\u00e7\u00f5es de recep\u00e7\u00e3o aos ingressantes do ano letivo 2024\u00a0"},"content":{"rendered":"\n<p><a href=\"https:\/\/operobal.uel.br\/prograd\/2024\/06\/11\/uel-prepara-serie-de-eventos-e-acoes-para-receber-ingressantes-do-ano-letivo-2024\/\">Ag\u00eancia UEL de not\u00edcias <\/a><\/p>\n\n\n\n<p>O ano letivo de 2024 ter\u00e1 in\u00edcio nesta segunda-feira (17) para mais de 12,6 mil estudantes de gradua\u00e7\u00e3o da Universidade Estadual de Londrina.&nbsp;Contando com 2,8 mil ingressantes por meio dos processos seletivos Vestibular e Sistema de Sele\u00e7\u00e3o Unificada (Sisu), a comunidade universit\u00e1ria da UEL ser\u00e1 acolhida pela administra\u00e7\u00e3o com uma s\u00e9rie de eventos e a\u00e7\u00f5es inseridas na Semana de Recep\u00e7\u00e3o (SER UEL) 2024. As boas-vindas oficiais da reitora, Marta Favaro, ser\u00e3o na quarta-feira (19) em dois hor\u00e1rios, 11h30 e 19h, na pra\u00e7a do Restaurante Universit\u00e1rio (RU), no Campus Universit\u00e1rio.<\/p>\n\n\n\n<h2 class=\"wp-block-heading has-text-align-left\"><\/h2>\n\n\n\n<p><strong>#EuRespeito\u00a0<\/strong><\/p>\n\n\n\n<p>A reitora da UEL, Marta Favaro, convida os ingressantes a conhecerem todos os servi\u00e7os, espa\u00e7os e possibilidades, ofertadas pela UEL por meio de centenas de projetos de Ensino, Pesquisa e Extens\u00e3o, al\u00e9m de laborat\u00f3rios, bibliotecas e \u00f3rg\u00e3os suplementares e de apoio.<\/p>\n\n\n\n<p>O objetivo da administra\u00e7\u00e3o \u00e9 colocar a estrutura da UEL \u00e0 disposi\u00e7\u00e3o de todos, atuando tamb\u00e9m na orienta\u00e7\u00e3o e preven\u00e7\u00e3o dos epis\u00f3dios violentos em festas e eventos de recep\u00e7\u00e3o. Para isso, uma&nbsp;<a href=\"https:\/\/operobal.uel.br\/ultimas\/2024\/04\/10\/serie-de-palestras-visa-aperfeicoar-cultura-de-paz-e-respeito-dentro-e-fora-da-uel\/\" target=\"_blank\" rel=\"noreferrer noopener\">s\u00e9rie de palestras<\/a>&nbsp;foi realizada com alunos concluintes dos primeiros anos da gradua\u00e7\u00e3o no segundo per\u00edodo letivo de 2023 e que ser\u00e3o os respons\u00e1veis por receber os ingressantes a partir desta semana.&nbsp;<\/p>\n\n\n<div class=\"wp-block-image\">\n<figure class=\"aligncenter size-full\"><img loading=\"lazy\" decoding=\"async\" width=\"840\" height=\"560\" src=\"https:\/\/sites.uel.br\/proex\/wp-content\/uploads\/2024\/06\/FOTO-CAPA-UEL-4.png.webp\" alt=\"\" class=\"wp-image-4136\" srcset=\"https:\/\/sites.uel.br\/proex\/wp-content\/uploads\/2024\/06\/FOTO-CAPA-UEL-4.png.webp 840w, https:\/\/sites.uel.br\/proex\/wp-content\/uploads\/2024\/06\/FOTO-CAPA-UEL-4.png-300x200.webp 300w, https:\/\/sites.uel.br\/proex\/wp-content\/uploads\/2024\/06\/FOTO-CAPA-UEL-4.png-768x512.webp 768w\" sizes=\"auto, (max-width: 840px) 100vw, 840px\" \/><\/figure>\n<\/div>","protected":false},"excerpt":{"rendered":"<p>Ag\u00eancia UEL de not\u00edcias O ano letivo de 2024 ter\u00e1 in\u00edcio nesta segunda-feira (17) para mais de 12,6 mil estudantes de gradua\u00e7\u00e3o da Universidade Estadual de Londrina.&nbsp;Contando com 2,8 mil ingressantes por meio dos processos seletivos Vestibular e Sistema de Sele\u00e7\u00e3o Unificada (Sisu), a comunidade universit\u00e1ria da UEL ser\u00e1 acolhida pela administra\u00e7\u00e3o com uma s\u00e9rie [&hellip;]<\/p>\n","protected":false},"author":9,"featured_media":0,"comment_status":"open","ping_status":"open","sticky":false,"template":"","format":"standard","meta":{"_acf_changed":false,"_themeisle_gutenberg_block_has_review":false,"footnotes":""},"categories":[1],"tags":[],"class_list":["post-4135","post","type-post","status-publish","format-standard","hentry","category-sem-categoria"],"acf":[],"_links":{"self":[{"href":"https:\/\/sites.uel.br\/proex\/wp-json\/wp\/v2\/posts\/4135","targetHints":{"allow":["GET"]}}],"collection":[{"href":"https:\/\/sites.uel.br\/proex\/wp-json\/wp\/v2\/posts"}],"about":[{"href":"https:\/\/sites.uel.br\/proex\/wp-json\/wp\/v2\/types\/post"}],"author":[{"embeddable":true,"href":"https:\/\/sites.uel.br\/proex\/wp-json\/wp\/v2\/users\/9"}],"replies":[{"embeddable":true,"href":"https:\/\/sites.uel.br\/proex\/wp-json\/wp\/v2\/comments?post=4135"}],"version-history":[{"count":5,"href":"https:\/\/sites.uel.br\/proex\/wp-json\/wp\/v2\/posts\/4135\/revisions"}],"predecessor-version":[{"id":4142,"href":"https:\/\/sites.uel.br\/proex\/wp-json\/wp\/v2\/posts\/4135\/revisions\/4142"}],"wp:attachment":[{"href":"https:\/\/sites.uel.br\/proex\/wp-json\/wp\/v2\/media?parent=4135"}],"wp:term":[{"taxonomy":"category","embeddable":true,"href":"https:\/\/sites.uel.br\/proex\/wp-json\/wp\/v2\/categories?post=4135"},{"taxonomy":"post_tag","embeddable":true,"href":"https:\/\/sites.uel.br\/proex\/wp-json\/wp\/v2\/tags?post=4135"}],"curies":[{"name":"wp","href":"https:\/\/api.w.org\/{rel}","templated":true}]}}