{"id":796,"date":"2026-03-17T21:18:57","date_gmt":"2026-03-18T00:18:57","guid":{"rendered":"https:\/\/sites.uel.br\/ninter\/?p=796"},"modified":"2026-03-17T21:25:11","modified_gmt":"2026-03-18T00:25:11","slug":"nova-edicao-do-projeto-3s","status":"publish","type":"post","link":"https:\/\/sites.uel.br\/ninter\/sem-categoria\/2026\/03\/17\/nova-edicao-do-projeto-3s\/","title":{"rendered":"Nova edi\u00e7\u00e3o do Projeto 3S"},"content":{"rendered":"\n<div style=\"height:20px\" aria-hidden=\"true\" class=\"wp-block-spacer\"><\/div>\n\n\n\n<p>O N\u00facleo Interdisciplinar de Res\u00edduos da Universidade Estadual de Londrina (NINTER-UEL) torna p\u00fablico o edital de sele\u00e7\u00e3o para estudantes de gradua\u00e7\u00e3o interessados em atuar como volunt\u00e1rios na Atividade Acad\u00eamica de Extens\u00e3o (AEX) <strong>Projeto 3S: Sensibiliza\u00e7\u00e3o e Separa\u00e7\u00e3o Seletiva em Condom\u00ednios Residenciais<\/strong>.<\/p>\n\n\n\n<p>O projeto visa selecionar alunos que residam em condom\u00ednios horizontais (pr\u00e9dios) em Londrina para atuarem como agentes de dissemina\u00e7\u00e3o de pr\u00e1ticas de manejo de res\u00edduos s\u00f3lidos em seus locais de moradia.<\/p>\n\n\n\n<p>| S\u00e3o <strong>50 vagas<\/strong> disponibilizadas para estudantes de qualquer curso de gradua\u00e7\u00e3o da UEL.<\/p>\n\n\n\n<p>| As atividades do projeto ocorrer\u00e3o de abril a outubro de 2026.<\/p>\n\n\n\n<p>Os <em>crit\u00e9rios de sele\u00e7\u00e3o, cronograma detalhado e atribui\u00e7\u00f5es dos volunt\u00e1rios<\/em> est\u00e3o dispon\u00edveis no documento oficial abaixo.<\/p>\n\n\n\n<div style=\"height:40px\" aria-hidden=\"true\" class=\"wp-block-spacer\"><\/div>\n\n\n\n<div data-wp-interactive=\"core\/file\" class=\"wp-block-file aligncenter\"><object data-wp-bind--hidden=\"!state.hasPdfPreview\" hidden class=\"wp-block-file__embed\" data=\"https:\/\/sites.uel.br\/ninter\/wp-content\/uploads\/2026\/03\/EDITAL-DE-SELECAO-DE-ESTUDANTES-2026-PROJETO-3S.pdf\" type=\"application\/pdf\" style=\"width:100%;height:600px\" aria-label=\"Incorporado de EDITAL DE SELE\u00c7\u00c3O DE ESTUDANTES 2026 -   PROJETO 3S.\"><\/object><a id=\"wp-block-file--media-d0a36dfa-6b6a-40f9-90be-73134ccf2e6a\" href=\"https:\/\/sites.uel.br\/ninter\/wp-content\/uploads\/2026\/03\/EDITAL-DE-SELECAO-DE-ESTUDANTES-2026-PROJETO-3S.pdf\">EDITAL DE SELE\u00c7\u00c3O DE ESTUDANTES 2026 &#8211;   PROJETO 3S<\/a><a href=\"https:\/\/sites.uel.br\/ninter\/wp-content\/uploads\/2026\/03\/EDITAL-DE-SELECAO-DE-ESTUDANTES-2026-PROJETO-3S.pdf\" class=\"wp-block-file__button wp-element-button\" download aria-describedby=\"wp-block-file--media-d0a36dfa-6b6a-40f9-90be-73134ccf2e6a\">Baixar<\/a><\/div>\n\n\n\n<div style=\"height:40px\" aria-hidden=\"true\" class=\"wp-block-spacer\"><\/div>\n\n\n\n<p class=\"has-text-align-center\"><em>Para mais informa\u00e7\u00f5es ou d\u00favidas, entre em contato pelo e-mail: <strong>ninter@uel.br<\/strong>.<\/em><\/p>\n","protected":false},"excerpt":{"rendered":"<p>O N\u00facleo Interdisciplinar de Res\u00edduos da Universidade Estadual de Londrina (NINTER-UEL) torna p\u00fablico o edital de sele\u00e7\u00e3o para estudantes de gradua\u00e7\u00e3o interessados em atuar como volunt\u00e1rios na Atividade Acad\u00eamica de Extens\u00e3o (AEX) Projeto 3S: Sensibiliza\u00e7\u00e3o e Separa\u00e7\u00e3o Seletiva em Condom\u00ednios Residenciais. O projeto visa selecionar alunos que residam em condom\u00ednios horizontais (pr\u00e9dios) em Londrina para [&hellip;]<\/p>\n","protected":false},"author":9,"featured_media":814,"comment_status":"open","ping_status":"open","sticky":false,"template":"","format":"standard","meta":{"_acf_changed":false,"footnotes":""},"categories":[1],"tags":[],"class_list":["post-796","post","type-post","status-publish","format-standard","has-post-thumbnail","hentry","category-sem-categoria"],"acf":[],"_links":{"self":[{"href":"https:\/\/sites.uel.br\/ninter\/wp-json\/wp\/v2\/posts\/796","targetHints":{"allow":["GET"]}}],"collection":[{"href":"https:\/\/sites.uel.br\/ninter\/wp-json\/wp\/v2\/posts"}],"about":[{"href":"https:\/\/sites.uel.br\/ninter\/wp-json\/wp\/v2\/types\/post"}],"author":[{"embeddable":true,"href":"https:\/\/sites.uel.br\/ninter\/wp-json\/wp\/v2\/users\/9"}],"replies":[{"embeddable":true,"href":"https:\/\/sites.uel.br\/ninter\/wp-json\/wp\/v2\/comments?post=796"}],"version-history":[{"count":15,"href":"https:\/\/sites.uel.br\/ninter\/wp-json\/wp\/v2\/posts\/796\/revisions"}],"predecessor-version":[{"id":818,"href":"https:\/\/sites.uel.br\/ninter\/wp-json\/wp\/v2\/posts\/796\/revisions\/818"}],"wp:featuredmedia":[{"embeddable":true,"href":"https:\/\/sites.uel.br\/ninter\/wp-json\/wp\/v2\/media\/814"}],"wp:attachment":[{"href":"https:\/\/sites.uel.br\/ninter\/wp-json\/wp\/v2\/media?parent=796"}],"wp:term":[{"taxonomy":"category","embeddable":true,"href":"https:\/\/sites.uel.br\/ninter\/wp-json\/wp\/v2\/categories?post=796"},{"taxonomy":"post_tag","embeddable":true,"href":"https:\/\/sites.uel.br\/ninter\/wp-json\/wp\/v2\/tags?post=796"}],"curies":[{"name":"wp","href":"https:\/\/api.w.org\/{rel}","templated":true}]}}