{"id":744,"date":"2025-12-07T12:28:26","date_gmt":"2025-12-07T15:28:26","guid":{"rendered":"https:\/\/sites.uel.br\/ninter\/?p=744"},"modified":"2025-12-07T12:29:02","modified_gmt":"2025-12-07T15:29:02","slug":"ninter-elege-nova-coordenacao","status":"publish","type":"post","link":"https:\/\/sites.uel.br\/ninter\/atividades\/2025\/12\/07\/ninter-elege-nova-coordenacao\/","title":{"rendered":"NINTER elege nova coordena\u00e7\u00e3o"},"content":{"rendered":"\n<p>O NINTER realizou, no dia 18 de novembro, a sua 2\u00aa Reuni\u00e3o Ordin\u00e1ria do ano. O encontro teve como objetivo principal a elei\u00e7\u00e3o do novo Coordenador, Vice-Coordenador e dos membros do Conselho Diretivo, que assumir\u00e3o suas fun\u00e7\u00f5es em 1\u00ba de dezembro de 2025 para um mandato de dois anos.<br>O cargo de Coordenador ser\u00e1 ocupado pelo Prof. Dr. Caio Victor Louren\u00e7o Rodrigues, docente do Departamento de Constru\u00e7\u00e3o Civil (DCC) e pesquisador do Centro de Estudos de Tecnologia de Urbanismo (CETU).<\/p>\n\n\n\n<p>O Prof. Dr. Caio Rodrigues \u00e9 o atual Chefe do Departamento de Constru\u00e7\u00e3o Civil e possui vasta experi\u00eancia na \u00e1rea, lecionando as disciplinas de Hidr\u00e1ulica e Saneamento Geral para o curso de Engenharia Civil e as disciplinas de Sustentabilidade Ambiental Urbana e Tratamento de Lixiviados para a P\u00f3s-Gradua\u00e7\u00e3o Stricto Sensu em Engenharia Civil. Para a fun\u00e7\u00e3o de Vice-Coordenadora, foi eleita a Profa. Dr\u00aa. Lilian Aligleri, que pertence ao Departamento de Administra\u00e7\u00e3o do Centro de Estudos Sociais Aplicados (CESA).<\/p>\n\n\n\n<p>O N\u00facleo ter\u00e1 o suporte do novo Conselho Diretivo, que \u00e9 composto pelos seguintes membros, representando diversos Centros de Estudos:Profa. Dr\u00aa. Ana Cl\u00e1udia Duarte Pinheiro (CESA), Profa. Dr\u00aa. Camila Santos Doubek Lopes (CECA), Profa. Dr\u00aa. Danielly Negr\u00e3o Guassu (CCS), Profa. Dr\u00aa. Edineia Villanova Grizio Orita (CCE) e Prof. Dr. Luciano Aparecido Panagio (CCB).<\/p>\n\n\n<div class=\"wp-block-image\">\n<figure class=\"aligncenter size-large\"><img loading=\"lazy\" decoding=\"async\" width=\"1024\" height=\"1024\" src=\"https:\/\/sites.uel.br\/ninter\/wp-content\/uploads\/2025\/12\/WhatsApp-Image-2025-11-30-at-19.36.02-1-1024x1024.jpeg\" alt=\"\" class=\"wp-image-745\" srcset=\"https:\/\/sites.uel.br\/ninter\/wp-content\/uploads\/2025\/12\/WhatsApp-Image-2025-11-30-at-19.36.02-1-1024x1024.jpeg 1024w, https:\/\/sites.uel.br\/ninter\/wp-content\/uploads\/2025\/12\/WhatsApp-Image-2025-11-30-at-19.36.02-1-300x300.jpeg 300w, https:\/\/sites.uel.br\/ninter\/wp-content\/uploads\/2025\/12\/WhatsApp-Image-2025-11-30-at-19.36.02-1-150x150.jpeg 150w, https:\/\/sites.uel.br\/ninter\/wp-content\/uploads\/2025\/12\/WhatsApp-Image-2025-11-30-at-19.36.02-1-768x768.jpeg 768w, https:\/\/sites.uel.br\/ninter\/wp-content\/uploads\/2025\/12\/WhatsApp-Image-2025-11-30-at-19.36.02-1.jpeg 1280w\" sizes=\"auto, (max-width: 1024px) 100vw, 1024px\" \/><\/figure>\n<\/div>","protected":false},"excerpt":{"rendered":"<p>O NINTER realizou, no dia 18 de novembro, a sua 2\u00aa Reuni\u00e3o Ordin\u00e1ria do ano. O encontro teve como objetivo principal a elei\u00e7\u00e3o do novo Coordenador, Vice-Coordenador e dos membros do Conselho Diretivo, que assumir\u00e3o suas fun\u00e7\u00f5es em 1\u00ba de dezembro de 2025 para um mandato de dois anos.O cargo de Coordenador ser\u00e1 ocupado pelo [&hellip;]<\/p>\n","protected":false},"author":9,"featured_media":745,"comment_status":"open","ping_status":"open","sticky":false,"template":"","format":"standard","meta":{"_acf_changed":false,"footnotes":""},"categories":[9],"tags":[],"class_list":["post-744","post","type-post","status-publish","format-standard","has-post-thumbnail","hentry","category-atividades"],"acf":[],"_links":{"self":[{"href":"https:\/\/sites.uel.br\/ninter\/wp-json\/wp\/v2\/posts\/744","targetHints":{"allow":["GET"]}}],"collection":[{"href":"https:\/\/sites.uel.br\/ninter\/wp-json\/wp\/v2\/posts"}],"about":[{"href":"https:\/\/sites.uel.br\/ninter\/wp-json\/wp\/v2\/types\/post"}],"author":[{"embeddable":true,"href":"https:\/\/sites.uel.br\/ninter\/wp-json\/wp\/v2\/users\/9"}],"replies":[{"embeddable":true,"href":"https:\/\/sites.uel.br\/ninter\/wp-json\/wp\/v2\/comments?post=744"}],"version-history":[{"count":2,"href":"https:\/\/sites.uel.br\/ninter\/wp-json\/wp\/v2\/posts\/744\/revisions"}],"predecessor-version":[{"id":747,"href":"https:\/\/sites.uel.br\/ninter\/wp-json\/wp\/v2\/posts\/744\/revisions\/747"}],"wp:featuredmedia":[{"embeddable":true,"href":"https:\/\/sites.uel.br\/ninter\/wp-json\/wp\/v2\/media\/745"}],"wp:attachment":[{"href":"https:\/\/sites.uel.br\/ninter\/wp-json\/wp\/v2\/media?parent=744"}],"wp:term":[{"taxonomy":"category","embeddable":true,"href":"https:\/\/sites.uel.br\/ninter\/wp-json\/wp\/v2\/categories?post=744"},{"taxonomy":"post_tag","embeddable":true,"href":"https:\/\/sites.uel.br\/ninter\/wp-json\/wp\/v2\/tags?post=744"}],"curies":[{"name":"wp","href":"https:\/\/api.w.org\/{rel}","templated":true}]}}