{"id":1,"date":"2021-03-21T23:36:11","date_gmt":"2021-03-22T02:36:11","guid":{"rendered":"https:\/\/sites.uel.br\/ninter\/?p=1"},"modified":"2025-11-08T18:33:23","modified_gmt":"2025-11-08T21:33:23","slug":"ola-mundo","status":"publish","type":"post","link":"https:\/\/sites.uel.br\/ninter\/sem-categoria\/2021\/03\/21\/ola-mundo\/","title":{"rendered":"SEJA BEM-VINDO (A)"},"content":{"rendered":"\n<div style=\"height:60px\" aria-hidden=\"true\" class=\"wp-block-spacer\"><\/div>\n\n\n\n<h3 class=\"wp-block-heading has-text-align-center\"><mark style=\"background-color:#0e6c13;color:#ffffff\" class=\"has-inline-color\">O QUE \u00c9 O NINTER?<\/mark><\/h3>\n\n\n\n<div style=\"height:20px\" aria-hidden=\"true\" class=\"wp-block-spacer\"><\/div>\n\n\n\n<p>O N\u00facleo Interdisciplinar de Estudos em Res\u00edduos (NINTER) da Universidade Estadual de Londrina \u00e9 um espa\u00e7o voltado \u00e0 <strong>integra\u00e7\u00e3o entre ensino, pesquisa e extens\u00e3o nas tem\u00e1ticas relacionadas \u00e0 gest\u00e3o de res\u00edduos<\/strong>. O n\u00facleo re\u00fane docentes, discentes e profissionais de diferentes \u00e1reas do conhecimento \u2014 como Direito, Engenharia, Design e Administra\u00e7\u00e3o \u2014 com o objetivo de desenvolver estudos, projetos e a\u00e7\u00f5es voltadas \u00e0 sustentabilidade e ao aprimoramento das pr\u00e1ticas de gest\u00e3o de res\u00edduos s\u00f3lidos.<\/p>\n\n\n\n<div style=\"height:40px\" aria-hidden=\"true\" class=\"wp-block-spacer\"><\/div>\n\n\n\n<h3 class=\"wp-block-heading has-text-align-center\"><mark style=\"background-color:#0e6c13;color:#ffffff\" class=\"has-inline-color\">O QUE FAZEMOS?<\/mark><\/h3>\n\n\n\n<div style=\"height:20px\" aria-hidden=\"true\" class=\"wp-block-spacer\"><\/div>\n\n\n\n<p>As atividades do NINTER se estruturam em tr\u00eas eixos principais:<\/p>\n\n\n\n<ol class=\"wp-block-list\">\n<li><strong>Apoio \u00e0 Formula\u00e7\u00e3o de Pol\u00edticas P\u00fablicas:<\/strong> O n\u00facleo mant\u00e9m di\u00e1logo constante com \u00f3rg\u00e3os p\u00fablicos, como a Prefeitura Municipal, a CMTU e o Minist\u00e9rio P\u00fablico, contribuindo tecnicamente com dados e estudos que auxiliam na elabora\u00e7\u00e3o e no aperfei\u00e7oamento de pol\u00edticas voltadas \u00e0 gest\u00e3o de res\u00edduos s\u00f3lidos.<\/li>\n\n\n\n<li><strong>Investiga\u00e7\u00e3o e Monitoramento:<\/strong> O n\u00facleo realiza estudos e levantamentos de dados sobre a coleta seletiva e a gest\u00e3o de res\u00edduos no munic\u00edpio de Londrina. Por meio do Observat\u00f3rio de Res\u00edduos S\u00f3lidos, busca-se promover a transpar\u00eancia e subsidiar pol\u00edticas p\u00fablicas com informa\u00e7\u00f5es atualizadas e acess\u00edveis.<\/li>\n\n\n\n<li><strong>A\u00e7\u00f5es Comunit\u00e1rias e Educativas:<\/strong> O NINTER desenvolve projetos de extens\u00e3o voltados \u00e0 educa\u00e7\u00e3o ambiental e ao engajamento social. O destaque \u00e9 o <strong>Projeto 3S<\/strong>, que capacita estudantes universit\u00e1rios para atuarem como agentes ambientais em seus condom\u00ednios, promovendo pr\u00e1ticas adequadas de separa\u00e7\u00e3o e destina\u00e7\u00e3o de res\u00edduos recicl\u00e1veis.<\/li>\n<\/ol>\n\n\n\n<div style=\"height:20px\" aria-hidden=\"true\" class=\"wp-block-spacer\"><\/div>\n\n\n\n<hr class=\"wp-block-separator has-alpha-channel-opacity\" \/>\n\n\n\n<div style=\"height:20px\" aria-hidden=\"true\" class=\"wp-block-spacer\"><\/div>\n\n\n\n<div class=\"wp-block-cover is-light\"><img loading=\"lazy\" decoding=\"async\" width=\"1024\" height=\"325\" class=\"wp-block-cover__image-background wp-image-552 size-large\" alt=\"\" src=\"https:\/\/sites.uel.br\/ninter\/wp-content\/uploads\/2021\/03\/Logo_Ninter_01-1-1024x325.png\" data-object-fit=\"cover\" srcset=\"https:\/\/sites.uel.br\/ninter\/wp-content\/uploads\/2021\/03\/Logo_Ninter_01-1-1024x325.png 1024w, https:\/\/sites.uel.br\/ninter\/wp-content\/uploads\/2021\/03\/Logo_Ninter_01-1-300x95.png 300w, https:\/\/sites.uel.br\/ninter\/wp-content\/uploads\/2021\/03\/Logo_Ninter_01-1-768x244.png 768w, https:\/\/sites.uel.br\/ninter\/wp-content\/uploads\/2021\/03\/Logo_Ninter_01-1.png 1201w\" sizes=\"auto, (max-width: 1024px) 100vw, 1024px\" \/><span aria-hidden=\"true\" class=\"wp-block-cover__background has-background-dim\" style=\"background-color:#f8faf5\"><\/span><div class=\"wp-block-cover__inner-container is-layout-constrained wp-block-cover-is-layout-constrained\">\n<p class=\"has-text-align-center has-large-font-size\"><strong><a href=\"https:\/\/sites.uel.br\/ninter\" data-type=\"link\" data-id=\"https:\/\/sites.uel.br\/ninter\"><mark style=\"background-color:#f0f0ef\" class=\"has-inline-color\">EXPLORE NOSSO SITE!<\/mark><\/a><\/strong><\/p>\n<\/div><\/div>\n","protected":false},"excerpt":{"rendered":"<p>O QUE \u00c9 O NINTER? O N\u00facleo Interdisciplinar de Estudos em Res\u00edduos (NINTER) da Universidade Estadual de Londrina \u00e9 um espa\u00e7o voltado \u00e0 integra\u00e7\u00e3o entre ensino, pesquisa e extens\u00e3o nas tem\u00e1ticas relacionadas \u00e0 gest\u00e3o de res\u00edduos. O n\u00facleo re\u00fane docentes, discentes e profissionais de diferentes \u00e1reas do conhecimento \u2014 como Direito, Engenharia, Design e Administra\u00e7\u00e3o [&hellip;]<\/p>\n","protected":false},"author":1,"featured_media":538,"comment_status":"open","ping_status":"open","sticky":false,"template":"","format":"standard","meta":{"_acf_changed":false,"footnotes":""},"categories":[1],"tags":[],"class_list":["post-1","post","type-post","status-publish","format-standard","has-post-thumbnail","hentry","category-sem-categoria"],"acf":[],"_links":{"self":[{"href":"https:\/\/sites.uel.br\/ninter\/wp-json\/wp\/v2\/posts\/1","targetHints":{"allow":["GET"]}}],"collection":[{"href":"https:\/\/sites.uel.br\/ninter\/wp-json\/wp\/v2\/posts"}],"about":[{"href":"https:\/\/sites.uel.br\/ninter\/wp-json\/wp\/v2\/types\/post"}],"author":[{"embeddable":true,"href":"https:\/\/sites.uel.br\/ninter\/wp-json\/wp\/v2\/users\/1"}],"replies":[{"embeddable":true,"href":"https:\/\/sites.uel.br\/ninter\/wp-json\/wp\/v2\/comments?post=1"}],"version-history":[{"count":24,"href":"https:\/\/sites.uel.br\/ninter\/wp-json\/wp\/v2\/posts\/1\/revisions"}],"predecessor-version":[{"id":624,"href":"https:\/\/sites.uel.br\/ninter\/wp-json\/wp\/v2\/posts\/1\/revisions\/624"}],"wp:featuredmedia":[{"embeddable":true,"href":"https:\/\/sites.uel.br\/ninter\/wp-json\/wp\/v2\/media\/538"}],"wp:attachment":[{"href":"https:\/\/sites.uel.br\/ninter\/wp-json\/wp\/v2\/media?parent=1"}],"wp:term":[{"taxonomy":"category","embeddable":true,"href":"https:\/\/sites.uel.br\/ninter\/wp-json\/wp\/v2\/categories?post=1"},{"taxonomy":"post_tag","embeddable":true,"href":"https:\/\/sites.uel.br\/ninter\/wp-json\/wp\/v2\/tags?post=1"}],"curies":[{"name":"wp","href":"https:\/\/api.w.org\/{rel}","templated":true}]}}