{"id":6262,"date":"2026-03-02T13:52:47","date_gmt":"2026-03-02T16:52:47","guid":{"rendered":"https:\/\/sites.uel.br\/nead\/?p=6262"},"modified":"2026-03-02T13:55:26","modified_gmt":"2026-03-02T16:55:26","slug":"uel-abre-inscricoes-para-residencia-tecnica-em-gestao-documental","status":"publish","type":"post","link":"https:\/\/sites.uel.br\/nead\/2026\/03\/02\/uel-abre-inscricoes-para-residencia-tecnica-em-gestao-documental\/","title":{"rendered":"UEL abre inscri\u00e7\u00f5es para Resid\u00eancia T\u00e9cnica em Gest\u00e3o Documental"},"content":{"rendered":"\n<p>Est\u00e3o abertas as inscri\u00e7\u00f5es para a <a href=\"https:\/\/sites.uel.br\/nead\/gestao-documental-restec\/\" target=\"_blank\" rel=\"noreferrer noopener\"><strong>Resid\u00eancia T\u00e9cnica em Gest\u00e3o Documental, Educa\u00e7\u00e3o Patrimonial e Hist\u00f3ria P\u00fablica<\/strong><\/a>. A p\u00f3s-gradua\u00e7\u00e3o da Universidade Estadual de Londrina (UEL) \u00e9 ofertada em parceria com a Secretaria de Estado da Ci\u00eancia, Tecnologia e Ensino Superior (Seti).<\/p>\n\n\n\n<p>Podem participar do processo seletivo rec\u00e9m-formados dos cursos de Arquitetura, Arquivologia, Artes C\u00eanicas, Artes Visuais, Artes, Biblioteconomia, Biologia, Biotecnologia, Ci\u00eancias Biol\u00f3gicas, Ci\u00eancias da Computa\u00e7\u00e3o, Ci\u00eancias da Informa\u00e7\u00e3o, Ci\u00eancias Sociais, Filosofia, F\u00edsica, Geografia, Geologia, Gest\u00e3o da Informa\u00e7\u00e3o, Hist\u00f3ria, Inform\u00e1tica, Letras, Matem\u00e1tica, Museologia, Pedagogia e Qu\u00edmica.<\/p>\n\n\n\n<p>A especializa\u00e7\u00e3o integra o Programa de Resid\u00eancia T\u00e9cnica (Restec), coordenado pela Seti, voltado \u00e0 qualifica\u00e7\u00e3o de profissionais rec\u00e9m-formados e servidores p\u00fablicos do Paran\u00e1 nas mais diversas \u00e1reas como hist\u00f3ria, sa\u00fade, turismo e transforma\u00e7\u00e3o digital. Al\u00e9m das aulas te\u00f3ricas, os estudantes realizam atividades pr\u00e1ticas em \u00f3rg\u00e3os p\u00fablicos estaduais.<\/p>\n\n\n\n<p>O programa Restec considera rec\u00e9m-formados os egressos que conclu\u00edram a gradua\u00e7\u00e3o h\u00e1, no m\u00e1ximo, 36 meses contados retroativamente a partir da data de publica\u00e7\u00e3o do edital de processo seletivo.<\/p>\n\n\n\n<p>As 35 vagas ofertadas para resid\u00eancia t\u00e9cnica est\u00e3o distribu\u00eddas nas cidades de Londrina, Campo Mour\u00e3o, Cascavel, Curitiba, Guarapuava, Irati, Jacarezinho, Marechal C\u00e2ndido Rondon, Maring\u00e1, Paranagu\u00e1, Paranava\u00ed, Ponta Grossa e Uni\u00e3o da Vit\u00f3ria. Os locais escolhidos s\u00e3o centros de documenta\u00e7\u00e3o hist\u00f3rica e museus.<\/p>\n\n\n\n<p>Os egressos selecionados dever\u00e3o cumprir jornada presencial de 30 horas semanais. Para isso, cada estudante receber\u00e1 bolsa no valor de R$ 3.034,00, mais R$ 264,00 de aux\u00edlio-transporte, nos dois anos de dura\u00e7\u00e3o do curso.<\/p>\n\n\n\n<p>As aulas te\u00f3ricas ser\u00e3o ministradas na modalidade EaD, com o apoio do N\u00facleo de Educa\u00e7\u00e3o a Dist\u00e2ncia (Nead), do Laborat\u00f3rio de Tecnologias Educacionais (Labted), ambos da UEL, al\u00e9m da Universidade Virtual do Paran\u00e1 (UVPR). Os alunos far\u00e3o atividades relacionadas a nove disciplinas, al\u00e9m do Trabalho de Conclus\u00e3o de Curso (TCC), num total de 360 horas.<\/p>\n\n\n\n<p>O prazo de inscri\u00e7\u00f5es termina no dia 9 de mar\u00e7o. Para concorrer a uma das vagas, \u00e9 necess\u00e1rio preencher o formul\u00e1rio online de inscri\u00e7\u00e3o, pagar a taxa no valor de R$ 81,00 e fazer o upload dos documentos conforme as orienta\u00e7\u00f5es previstas no edital de sele\u00e7\u00e3o. Os candidatos dever\u00e3o realizar uma prova online no dia 23 de mar\u00e7o, \u00e0s 14 horas. O resultado final ser\u00e1 divulgado em 25 de mar\u00e7o. O in\u00edcio das aulas est\u00e1 previsto para o m\u00eas de abril.<\/p>\n\n\n\n<p>Os crit\u00e9rios de sele\u00e7\u00e3o e o cronograma completo constam no <a href=\"https:\/\/sites.uel.br\/nead\/editais\/#:~:text=EDITAL%20RESTECGD%20N%C2%BA%20001\/2026\"><strong>Edital RestecGD n\u00ba 001\/2026<\/strong><\/a>, dispon\u00edvel no site do Nead UEL.<\/p>\n","protected":false},"excerpt":{"rendered":"<p>Est\u00e3o abertas as inscri\u00e7\u00f5es para a Resid\u00eancia T\u00e9cnica em Gest\u00e3o Documental, Educa\u00e7\u00e3o Patrimonial e Hist\u00f3ria P\u00fablica. A p\u00f3s-gradua\u00e7\u00e3o da Universidade Estadual de Londrina (UEL) \u00e9 ofertada em parceria com a Secretaria de Estado da Ci\u00eancia, Tecnologia e Ensino Superior (Seti). Podem participar do processo seletivo rec\u00e9m-formados dos cursos de Arquitetura, Arquivologia, Artes C\u00eanicas, Artes Visuais, [&hellip;]<\/p>\n","protected":false},"author":11,"featured_media":6263,"comment_status":"closed","ping_status":"open","sticky":false,"template":"","format":"standard","meta":{"_themeisle_gutenberg_block_has_review":false,"footnotes":""},"categories":[4,21],"tags":[],"acf":[],"_links":{"self":[{"href":"https:\/\/sites.uel.br\/nead\/wp-json\/wp\/v2\/posts\/6262"}],"collection":[{"href":"https:\/\/sites.uel.br\/nead\/wp-json\/wp\/v2\/posts"}],"about":[{"href":"https:\/\/sites.uel.br\/nead\/wp-json\/wp\/v2\/types\/post"}],"author":[{"embeddable":true,"href":"https:\/\/sites.uel.br\/nead\/wp-json\/wp\/v2\/users\/11"}],"replies":[{"embeddable":true,"href":"https:\/\/sites.uel.br\/nead\/wp-json\/wp\/v2\/comments?post=6262"}],"version-history":[{"count":3,"href":"https:\/\/sites.uel.br\/nead\/wp-json\/wp\/v2\/posts\/6262\/revisions"}],"predecessor-version":[{"id":6268,"href":"https:\/\/sites.uel.br\/nead\/wp-json\/wp\/v2\/posts\/6262\/revisions\/6268"}],"wp:featuredmedia":[{"embeddable":true,"href":"https:\/\/sites.uel.br\/nead\/wp-json\/wp\/v2\/media\/6263"}],"wp:attachment":[{"href":"https:\/\/sites.uel.br\/nead\/wp-json\/wp\/v2\/media?parent=6262"}],"wp:term":[{"taxonomy":"category","embeddable":true,"href":"https:\/\/sites.uel.br\/nead\/wp-json\/wp\/v2\/categories?post=6262"},{"taxonomy":"post_tag","embeddable":true,"href":"https:\/\/sites.uel.br\/nead\/wp-json\/wp\/v2\/tags?post=6262"}],"curies":[{"name":"wp","href":"https:\/\/api.w.org\/{rel}","templated":true}]}}