{"id":6183,"date":"2026-02-16T08:00:00","date_gmt":"2026-02-16T11:00:00","guid":{"rendered":"https:\/\/sites.uel.br\/nead\/?p=6183"},"modified":"2026-02-16T18:53:15","modified_gmt":"2026-02-16T21:53:15","slug":"uel-abre-inscricoes-para-especializacoes-na-modalidade-ead","status":"publish","type":"post","link":"https:\/\/sites.uel.br\/nead\/2026\/02\/16\/uel-abre-inscricoes-para-especializacoes-na-modalidade-ead\/","title":{"rendered":"UEL abre inscri\u00e7\u00f5es para especializa\u00e7\u00f5es na modalidade EaD"},"content":{"rendered":"\n<p>Come\u00e7a na segunda-feira (16) o prazo de inscri\u00e7\u00e3o para os cursos de especializa\u00e7\u00e3o em <strong><a href=\"https:\/\/sites.uel.br\/nead\/educacao-fisica-na-educacao-basica\/\" target=\"_blank\" rel=\"noreferrer noopener\">Educa\u00e7\u00e3o F\u00edsica na Educa\u00e7\u00e3o B\u00e1sica<\/a><\/strong> e em <strong><a href=\"https:\/\/sites.uel.br\/nead\/gestao-escolar-pnap\/\" target=\"_blank\" rel=\"noreferrer noopener\">Gest\u00e3o Escolar<\/a><\/strong>, ambos na modalidade EaD. As p\u00f3s-gradua\u00e7\u00f5es ofertadas pela Universidade Estadual de Londrina (UEL) fazem parte do programa Universidade Aberta do Brasil (UAB), vinculado \u00e0 Coordena\u00e7\u00e3o de Aperfei\u00e7oamento de Pessoal de N\u00edvel Superior (Capes) e ao Minist\u00e9rio da Educa\u00e7\u00e3o (MEC).<\/p>\n\n\n\n<div class=\"alignnormal\"><div id=\"metaslider-id-6191\" style=\"max-width: 500px; margin: 0 auto;\" class=\"ml-slider-3-93-0 metaslider metaslider-flex metaslider-6191 ml-slider ms-theme-default-base has-dots-nav\" role=\"region\" aria-roledescription=\"Slideshow\" aria-label=\"Inscri\u00e7\u00f5es Ed F\u00eds Ed B\u00e1s\">\n    <div id=\"metaslider_container_6191\">\n        <div id=\"metaslider_6191\">\n            <ul class='slides'>\n                <li style=\"display: block; width: 100%;\" class=\"slide-6192 ms-image \" aria-roledescription=\"slide\" aria-label=\"slide-6192\"><img loading=\"lazy\" decoding=\"async\" width=\"1080\" height=\"1350\" src=\"https:\/\/sites.uel.br\/nead\/wp-content\/uploads\/2026\/02\/InsAbert08.png\" class=\"slider-6191 slide-6192\" alt=\"\" rel=\"\" title=\"InsAbert08\" srcset=\"https:\/\/sites.uel.br\/nead\/wp-content\/uploads\/2026\/02\/InsAbert08.png 1080w, https:\/\/sites.uel.br\/nead\/wp-content\/uploads\/2026\/02\/InsAbert08-240x300.png 240w, https:\/\/sites.uel.br\/nead\/wp-content\/uploads\/2026\/02\/InsAbert08-819x1024.png 819w, https:\/\/sites.uel.br\/nead\/wp-content\/uploads\/2026\/02\/InsAbert08-768x960.png 768w, https:\/\/sites.uel.br\/nead\/wp-content\/uploads\/2026\/02\/InsAbert08-500x625.png 500w\" sizes=\"(max-width: 1080px) 100vw, 1080px\" \/><\/li>\n                <li style=\"display: none; width: 100%;\" class=\"slide-6193 ms-image \" aria-roledescription=\"slide\" aria-label=\"slide-6193\"><img loading=\"lazy\" decoding=\"async\" width=\"1080\" height=\"1350\" src=\"https:\/\/sites.uel.br\/nead\/wp-content\/uploads\/2026\/02\/InsAbert08C.png\" class=\"slider-6191 slide-6193\" alt=\"\" rel=\"\" title=\"InsAbert08C\" srcset=\"https:\/\/sites.uel.br\/nead\/wp-content\/uploads\/2026\/02\/InsAbert08C.png 1080w, https:\/\/sites.uel.br\/nead\/wp-content\/uploads\/2026\/02\/InsAbert08C-240x300.png 240w, https:\/\/sites.uel.br\/nead\/wp-content\/uploads\/2026\/02\/InsAbert08C-819x1024.png 819w, https:\/\/sites.uel.br\/nead\/wp-content\/uploads\/2026\/02\/InsAbert08C-768x960.png 768w, https:\/\/sites.uel.br\/nead\/wp-content\/uploads\/2026\/02\/InsAbert08C-500x625.png 500w\" sizes=\"(max-width: 1080px) 100vw, 1080px\" \/><\/li>\n            <\/ul>\n        <\/div>\n        \n    <\/div>\n<\/div><\/div>\n\n\n\n<p>As 150 vagas da especializa\u00e7\u00e3o em Educa\u00e7\u00e3o F\u00edsica na Educa\u00e7\u00e3o B\u00e1sica s\u00e3o voltadas aos portadores de diploma de curso superior (licenciatura ou bacharelado), reconhecido pelo MEC, em qualquer \u00e1rea de conhecimento. H\u00e1 vagas dispon\u00edveis nas cidades de Congonhinhas, Cruzeiro do Oeste, Ibaiti, Londrina, Nova Santa Rosa, Palmeira, Pato Branco, Rio Negro e Tr\u00eas Barras do Paran\u00e1.<\/p>\n\n\n\n<p>J\u00e1 a p\u00f3s-gradua\u00e7\u00e3o em Gest\u00e3o Escolar oferece 150 vagas em cinco polos de apoio nos munic\u00edpios de Ivaipor\u00e3, Nova Santa Rosa, Palmital, Paranagu\u00e1 e Tr\u00eas Barras do Paran\u00e1. Podem participar do processo seletivo, professores e demais profissionais da educa\u00e7\u00e3o b\u00e1sica que possuem diploma de gradua\u00e7\u00e3o reconhecido pelo MEC. O curso de Gest\u00e3o Escolar faz parte do Programa Nacional de Forma\u00e7\u00e3o em Administra\u00e7\u00e3o P\u00fablica (PNAP), criado pelo governo federal para promover a qualifica\u00e7\u00e3o profissional de servidores p\u00fablicos e gestores nos estados e munic\u00edpios.<\/p>\n\n\n\n<div class=\"alignnormal\"><div id=\"metaslider-id-6194\" style=\"max-width: 500px; margin: 0 auto;\" class=\"ml-slider-3-93-0 metaslider metaslider-flex metaslider-6194 ml-slider ms-theme-default-base has-dots-nav\" role=\"region\" aria-roledescription=\"Slideshow\" aria-label=\"Inscri\u00e7\u00f5es Gest\u00e3o P\u00fablica\">\n    <div id=\"metaslider_container_6194\">\n        <div id=\"metaslider_6194\">\n            <ul class='slides'>\n                <li style=\"display: block; width: 100%;\" class=\"slide-6195 ms-image \" aria-roledescription=\"slide\" aria-label=\"slide-6195\"><img loading=\"lazy\" decoding=\"async\" width=\"1080\" height=\"1350\" src=\"https:\/\/sites.uel.br\/nead\/wp-content\/uploads\/2026\/02\/InsAbert09.png\" class=\"slider-6194 slide-6195\" alt=\"\" rel=\"\" title=\"InsAbert09\" srcset=\"https:\/\/sites.uel.br\/nead\/wp-content\/uploads\/2026\/02\/InsAbert09.png 1080w, https:\/\/sites.uel.br\/nead\/wp-content\/uploads\/2026\/02\/InsAbert09-240x300.png 240w, https:\/\/sites.uel.br\/nead\/wp-content\/uploads\/2026\/02\/InsAbert09-819x1024.png 819w, https:\/\/sites.uel.br\/nead\/wp-content\/uploads\/2026\/02\/InsAbert09-768x960.png 768w, https:\/\/sites.uel.br\/nead\/wp-content\/uploads\/2026\/02\/InsAbert09-500x625.png 500w\" sizes=\"(max-width: 1080px) 100vw, 1080px\" \/><\/li>\n                <li style=\"display: none; width: 100%;\" class=\"slide-6196 ms-image \" aria-roledescription=\"slide\" aria-label=\"slide-6196\"><img loading=\"lazy\" decoding=\"async\" width=\"1080\" height=\"1350\" src=\"https:\/\/sites.uel.br\/nead\/wp-content\/uploads\/2026\/02\/InsAbert09C.png\" class=\"slider-6194 slide-6196\" alt=\"\" rel=\"\" title=\"InsAbert09C\" srcset=\"https:\/\/sites.uel.br\/nead\/wp-content\/uploads\/2026\/02\/InsAbert09C.png 1080w, https:\/\/sites.uel.br\/nead\/wp-content\/uploads\/2026\/02\/InsAbert09C-240x300.png 240w, https:\/\/sites.uel.br\/nead\/wp-content\/uploads\/2026\/02\/InsAbert09C-819x1024.png 819w, https:\/\/sites.uel.br\/nead\/wp-content\/uploads\/2026\/02\/InsAbert09C-768x960.png 768w, https:\/\/sites.uel.br\/nead\/wp-content\/uploads\/2026\/02\/InsAbert09C-500x625.png 500w\" sizes=\"(max-width: 1080px) 100vw, 1080px\" \/><\/li>\n            <\/ul>\n        <\/div>\n        \n    <\/div>\n<\/div><\/div>\n\n\n\n<p>As aulas s\u00e3o ministradas online com o apoio do <strong><a href=\"https:\/\/sites.uel.br\/nead\/\" target=\"_blank\" rel=\"noreferrer noopener\">N\u00facleo de Educa\u00e7\u00e3o a Dist\u00e2ncia da UEL (Nead)<\/a><\/strong> e do <strong><a href=\"https:\/\/sites.uel.br\/labted\/\" target=\"_blank\" rel=\"noreferrer noopener\">Laborat\u00f3rio de Tecnologia Educacional (Labted)<\/a><\/strong>. No entanto, as especializa\u00e7\u00f5es EaD da UEL possuem tamb\u00e9m carga hor\u00e1ria presencial obrigat\u00f3ria com atividades, avalia\u00e7\u00f5es e apresenta\u00e7\u00f5es de trabalho que devem ser realizadas nos polos UAB regulamentados por meio da parceria entre o governo federal e as prefeituras. Em Londrina, o polo UAB fica na Escola de Governo da Prefeitura, no Centro C\u00edvico.<\/p>\n\n\n\n<p>Os cursos s\u00e3o gratuitos, sem mensalidade. \u00c9 cobrada apenas uma taxa de inscri\u00e7\u00e3o no processo seletivo no valor de R$ 81,00. O per\u00edodo de inscri\u00e7\u00f5es vai at\u00e9 o dia 4 de mar\u00e7o. A lista com os nomes dos estudantes convocados ser\u00e1 divulgada em 12 de mar\u00e7o.<\/p>\n\n\n\n<p>Mais informa\u00e7\u00f5es sobre os cursos e os editais de sele\u00e7\u00e3o est\u00e3o dispon\u00edveis no site do N\u00facleo de Educa\u00e7\u00e3o a Dist\u00e2ncia, no endere\u00e7o <a href=\"http:\/\/sites.uel.br\/nead\/editais\" target=\"_blank\" rel=\"noreferrer noopener\"><strong>sites.uel.br\/nead<\/strong><\/a>.<\/p>\n","protected":false},"excerpt":{"rendered":"<p>Come\u00e7a na segunda-feira (16) o prazo de inscri\u00e7\u00e3o para os cursos de especializa\u00e7\u00e3o em Educa\u00e7\u00e3o F\u00edsica na Educa\u00e7\u00e3o B\u00e1sica e em Gest\u00e3o Escolar, ambos na modalidade EaD. As p\u00f3s-gradua\u00e7\u00f5es ofertadas pela Universidade Estadual de Londrina (UEL) fazem parte do programa Universidade Aberta do Brasil (UAB), vinculado \u00e0 Coordena\u00e7\u00e3o de Aperfei\u00e7oamento de Pessoal de N\u00edvel Superior [&hellip;]<\/p>\n","protected":false},"author":11,"featured_media":6186,"comment_status":"closed","ping_status":"open","sticky":false,"template":"","format":"standard","meta":{"_themeisle_gutenberg_block_has_review":false,"footnotes":""},"categories":[4,21],"tags":[],"acf":[],"_links":{"self":[{"href":"https:\/\/sites.uel.br\/nead\/wp-json\/wp\/v2\/posts\/6183"}],"collection":[{"href":"https:\/\/sites.uel.br\/nead\/wp-json\/wp\/v2\/posts"}],"about":[{"href":"https:\/\/sites.uel.br\/nead\/wp-json\/wp\/v2\/types\/post"}],"author":[{"embeddable":true,"href":"https:\/\/sites.uel.br\/nead\/wp-json\/wp\/v2\/users\/11"}],"replies":[{"embeddable":true,"href":"https:\/\/sites.uel.br\/nead\/wp-json\/wp\/v2\/comments?post=6183"}],"version-history":[{"count":4,"href":"https:\/\/sites.uel.br\/nead\/wp-json\/wp\/v2\/posts\/6183\/revisions"}],"predecessor-version":[{"id":6199,"href":"https:\/\/sites.uel.br\/nead\/wp-json\/wp\/v2\/posts\/6183\/revisions\/6199"}],"wp:featuredmedia":[{"embeddable":true,"href":"https:\/\/sites.uel.br\/nead\/wp-json\/wp\/v2\/media\/6186"}],"wp:attachment":[{"href":"https:\/\/sites.uel.br\/nead\/wp-json\/wp\/v2\/media?parent=6183"}],"wp:term":[{"taxonomy":"category","embeddable":true,"href":"https:\/\/sites.uel.br\/nead\/wp-json\/wp\/v2\/categories?post=6183"},{"taxonomy":"post_tag","embeddable":true,"href":"https:\/\/sites.uel.br\/nead\/wp-json\/wp\/v2\/tags?post=6183"}],"curies":[{"name":"wp","href":"https:\/\/api.w.org\/{rel}","templated":true}]}}