{"id":6153,"date":"2026-02-10T09:57:09","date_gmt":"2026-02-10T12:57:09","guid":{"rendered":"https:\/\/sites.uel.br\/nead\/?p=6153"},"modified":"2026-02-26T11:12:50","modified_gmt":"2026-02-26T14:12:50","slug":"residencia-tecnica-em-gestao-documental-da-uel-tem-vagas-em-13-cidades-do-parana","status":"publish","type":"post","link":"https:\/\/sites.uel.br\/nead\/2026\/02\/10\/residencia-tecnica-em-gestao-documental-da-uel-tem-vagas-em-13-cidades-do-parana\/","title":{"rendered":"Resid\u00eancia T\u00e9cnica em Gest\u00e3o Documental da UEL oferta vagas em 13 cidades do Paran\u00e1"},"content":{"rendered":"\n<p>Rec\u00e9m-formados em 24 cursos de gradua\u00e7\u00e3o poder\u00e3o se candidatar a uma das vagas na <strong><a href=\"https:\/\/sites.uel.br\/nead\/gestao-documental-restec\/\" target=\"_blank\" rel=\"noreferrer noopener\">Especializa\u00e7\u00e3o em Resid\u00eancia T\u00e9cnica em Gest\u00e3o Documental, Educa\u00e7\u00e3o Patrimonial e Hist\u00f3ria P\u00fablica<\/a><\/strong>. A p\u00f3s-gradua\u00e7\u00e3o ser\u00e1 ofertada por meio da parceria entre a Secretaria de Estado da Ci\u00eancia, Tecnologia e Ensino Superior (Seti) e a Universidade Estadual de Londrina (UEL).<\/p>\n\n\n\n<p>O curso integra o <strong><a href=\"https:\/\/www.seti.pr.gov.br\/Pagina\/Residencia-Tecnica\" target=\"_blank\" rel=\"noreferrer noopener\">Programa de Resid\u00eancia T\u00e9cnica (Restec)<\/a><\/strong>, coordenado pela Seti, voltado \u00e0 qualifica\u00e7\u00e3o de profissionais rec\u00e9m-formados e servidores p\u00fablicos do Paran\u00e1 nas mais diversas \u00e1reas como hist\u00f3ria, sa\u00fade, turismo e transforma\u00e7\u00e3o digital. Al\u00e9m das aulas te\u00f3ricas, os estudantes realizam atividades pr\u00e1ticas durante a resid\u00eancia t\u00e9cnica desenvolvida em \u00f3rg\u00e3os p\u00fablicos estaduais.<\/p>\n\n\n\n<p>A especializa\u00e7\u00e3o da UEL ofertar\u00e1 um total de 35 vagas de resid\u00eancia t\u00e9cnica distribu\u00eddas nas cidades de Londrina, Campo Mour\u00e3o, Cascavel, Curitiba, Guarapuava, Irati, Jacarezinho, Marechal C\u00e2ndido Rondon, Maring\u00e1, Paranagu\u00e1, Paranava\u00ed, Ponta Grossa e Uni\u00e3o da Vit\u00f3ria. Os locais escolhidos s\u00e3o centros de documenta\u00e7\u00e3o hist\u00f3rica, museus e a sede da Secretaria de Estado da Ci\u00eancia, Tecnologia e Ensino Superior, em Curitiba.<\/p>\n\n\n\n<p>Os rec\u00e9m-formados selecionados dever\u00e3o cumprir jornada presencial de 30 horas semanais. Para isso, cada estudante receber\u00e1 bolsa no valor de R$ 3.034,00, mais R$ 264,00 de aux\u00edlio-transporte, nos dois anos de dura\u00e7\u00e3o do curso. O edital contempla egressos dos cursos de Arquitetura, Arquivologia, Artes, Artes Visuais, Artes C\u00eanicas, Biblioteconomia, Biologia, Ci\u00eancias Biol\u00f3gicas, Biotecnologia, Ci\u00eancias da Computa\u00e7\u00e3o, Inform\u00e1tica, Ci\u00eancias da Informa\u00e7\u00e3o, Gest\u00e3o da Informa\u00e7\u00e3o, Ci\u00eancias Sociais, Filosofia, F\u00edsica, Geografia, Geologia, Hist\u00f3ria, Letras, Matem\u00e1tica, Museologia, Pedagogia e Qu\u00edmica.<\/p>\n\n\n\n<p>O coordenador da p\u00f3s-gradua\u00e7\u00e3o, Jos\u00e9 Miguel Arias Neto, explica que a proposta partiu de um di\u00e1logo entre um grupo de trabalho que envolve representantes das demais universidades estaduais do Paran\u00e1 e o secret\u00e1rio da Seti, Aldo Bona, preocupados com a preserva\u00e7\u00e3o da mem\u00f3ria e a conserva\u00e7\u00e3o dos acervos hist\u00f3ricos do Estado.<\/p>\n\n\n\n<p>\u201cOs estudantes v\u00e3o adquirir expertise na \u00e1rea de arquivo, na \u00e1rea de museus, tanto no que diz respeito \u00e0 quest\u00e3o da cataloga\u00e7\u00e3o, organiza\u00e7\u00e3o, digitaliza\u00e7\u00e3o de documentos, como tamb\u00e9m de desenvolvimento de projetos na \u00e1rea de educa\u00e7\u00e3o patrimonial e hist\u00f3ria p\u00fablica. A grande inova\u00e7\u00e3o que o curso traz \u00e9 a ideia de educa\u00e7\u00e3o patrimonial constru\u00edda em conjunto com a comunidade que passa a ser autora da pr\u00f3pria mem\u00f3ria e n\u00e3o apenas um objeto a ser estudado\u201d, destaca.<\/p>\n\n\n\n<p>As aulas te\u00f3ricas ser\u00e3o ministradas na modalidade EaD, com o apoio do N\u00facleo de Educa\u00e7\u00e3o a Dist\u00e2ncia (Nead), do Laborat\u00f3rio de Tecnologias Educacionais (Labted), ambos da UEL, al\u00e9m da Universidade Virtual do Paran\u00e1 (UVPR). Os alunos far\u00e3o atividades relacionadas a nove disciplinas, incluindo o Trabalho de Conclus\u00e3o de Curso (TCC), num total de 360 horas.<\/p>\n\n\n\n<p>\u201cOutra inova\u00e7\u00e3o que o curso traz \u00e9 a gest\u00e3o documental em ambiente com intelig\u00eancia artificial e acervos em ambiente virtual. Essa tamb\u00e9m foi uma preocupa\u00e7\u00e3o que n\u00f3s tivemos na hora da elabora\u00e7\u00e3o do curr\u00edculo, de propiciar uma disciplina e uma experi\u00eancia nessa \u00e1rea. Temos que nos preocupar com essa quest\u00e3o que j\u00e1 est\u00e1 presente tamb\u00e9m nos arquivos e nos museus\u201d, afirma.<\/p>\n\n\n\n<p><strong><a href=\"https:\/\/sistemas.uel.br\/portaldepos\/inscricao\/listarCursos?nvCurso=1&amp;sqNivel=2\" target=\"_blank\" rel=\"noreferrer noopener\">As inscri\u00e7\u00f5es estar\u00e3o abertas entre os dias 2 e 9 de mar\u00e7o<\/a><\/strong>. Para concorrer a uma das vagas, \u00e9 necess\u00e1rio preencher o formul\u00e1rio online de inscri\u00e7\u00e3o, pagar a taxa no valor de R$ 81,00 e fazer o upload dos documentos conforme as orienta\u00e7\u00f5es previstas no edital de sele\u00e7\u00e3o. Todos os candidatos dever\u00e3o realizar uma prova online no dia 23 de mar\u00e7o, \u00e0s 14 horas. O resultado final ser\u00e1 divulgado em 25 de mar\u00e7o. O in\u00edcio das aulas est\u00e1 previsto para o m\u00eas de abril.<\/p>\n\n\n\n<p>O programa Restec considera rec\u00e9m-formados os estudantes que conclu\u00edram a gradua\u00e7\u00e3o h\u00e1, no m\u00e1ximo, 36 meses contados retroativamente a partir da data de publica\u00e7\u00e3o do edital de processo seletivo.<\/p>\n\n\n\n<p>Os crit\u00e9rios de sele\u00e7\u00e3o e o cronograma completo constam no <strong>Edital RestecGD n\u00ba 001\/2026<\/strong>, dispon\u00edvel no <a href=\"https:\/\/sites.uel.br\/nead\/editais\/\" target=\"_blank\" rel=\"noreferrer noopener\"><strong>site do Nead UEL<\/strong><\/a>.<\/p>\n","protected":false},"excerpt":{"rendered":"<p>Rec\u00e9m-formados em 24 cursos de gradua\u00e7\u00e3o poder\u00e3o se candidatar a uma das vagas na Especializa\u00e7\u00e3o em Resid\u00eancia T\u00e9cnica em Gest\u00e3o Documental, Educa\u00e7\u00e3o Patrimonial e Hist\u00f3ria P\u00fablica. A p\u00f3s-gradua\u00e7\u00e3o ser\u00e1 ofertada por meio da parceria entre a Secretaria de Estado da Ci\u00eancia, Tecnologia e Ensino Superior (Seti) e a Universidade Estadual de Londrina (UEL). O curso [&hellip;]<\/p>\n","protected":false},"author":11,"featured_media":6155,"comment_status":"closed","ping_status":"open","sticky":false,"template":"","format":"standard","meta":{"_themeisle_gutenberg_block_has_review":false,"footnotes":""},"categories":[5,4,21],"tags":[],"acf":[],"_links":{"self":[{"href":"https:\/\/sites.uel.br\/nead\/wp-json\/wp\/v2\/posts\/6153"}],"collection":[{"href":"https:\/\/sites.uel.br\/nead\/wp-json\/wp\/v2\/posts"}],"about":[{"href":"https:\/\/sites.uel.br\/nead\/wp-json\/wp\/v2\/types\/post"}],"author":[{"embeddable":true,"href":"https:\/\/sites.uel.br\/nead\/wp-json\/wp\/v2\/users\/11"}],"replies":[{"embeddable":true,"href":"https:\/\/sites.uel.br\/nead\/wp-json\/wp\/v2\/comments?post=6153"}],"version-history":[{"count":5,"href":"https:\/\/sites.uel.br\/nead\/wp-json\/wp\/v2\/posts\/6153\/revisions"}],"predecessor-version":[{"id":6239,"href":"https:\/\/sites.uel.br\/nead\/wp-json\/wp\/v2\/posts\/6153\/revisions\/6239"}],"wp:featuredmedia":[{"embeddable":true,"href":"https:\/\/sites.uel.br\/nead\/wp-json\/wp\/v2\/media\/6155"}],"wp:attachment":[{"href":"https:\/\/sites.uel.br\/nead\/wp-json\/wp\/v2\/media?parent=6153"}],"wp:term":[{"taxonomy":"category","embeddable":true,"href":"https:\/\/sites.uel.br\/nead\/wp-json\/wp\/v2\/categories?post=6153"},{"taxonomy":"post_tag","embeddable":true,"href":"https:\/\/sites.uel.br\/nead\/wp-json\/wp\/v2\/tags?post=6153"}],"curies":[{"name":"wp","href":"https:\/\/api.w.org\/{rel}","templated":true}]}}