{"id":4312,"date":"2025-03-17T15:40:24","date_gmt":"2025-03-17T18:40:24","guid":{"rendered":"https:\/\/sites.uel.br\/nead\/?p=4312"},"modified":"2025-03-24T08:50:55","modified_gmt":"2025-03-24T11:50:55","slug":"inscricoes-abertas-especializacoes-ead-da-uel-ofertam-300-vagas-em-16-cidades-do-parana","status":"publish","type":"post","link":"https:\/\/sites.uel.br\/nead\/2025\/03\/17\/inscricoes-abertas-especializacoes-ead-da-uel-ofertam-300-vagas-em-16-cidades-do-parana\/","title":{"rendered":"INSCRI\u00c7\u00d5ES PRORROGADAS: Especializa\u00e7\u00f5es EaD da UEL ofertam 300 vagas em 16 cidades do Paran\u00e1"},"content":{"rendered":"\n<p>Duas especializa\u00e7\u00f5es a dist\u00e2ncia da Universidade Estadual de Londrina (UEL) est\u00e3o com inscri\u00e7\u00f5es abertas para a forma\u00e7\u00e3o de novas turmas: <a href=\"https:\/\/sites.uel.br\/nead\/ensino-de-ingles-para-criancas\/\" target=\"_blank\" rel=\"noreferrer noopener\">Ensino de Ingl\u00eas para Crian\u00e7as<\/a> e <a href=\"https:\/\/sites.uel.br\/nead\/educacao-fisica-inclusiva\/\" target=\"_blank\" rel=\"noreferrer noopener\">Educa\u00e7\u00e3o F\u00edsica Inclusiva<\/a>.<\/p>\n\n\n\n<p>A p\u00f3s-gradua\u00e7\u00e3o em Ensino de Ingl\u00eas para Crian\u00e7as ser\u00e1 ofertada em nove cidades do Paran\u00e1: Assa\u00ed, Nova Santa Rosa, Reserva, Rio Negro, Tel\u00eamaco Borba, Tibagi, Tr\u00eas Barras do Paran\u00e1, Turvo e Ubirat\u00e3, totalizando 150 vagas.<\/p>\n\n\n\n<p>Podem participar graduados em licenciatura em letras portugu\u00eas\/ingl\u00eas, em letras l\u00edngua inglesa, em pedagogia e demais licenciaturas. O foco do curso \u00e9 o ensino de ingl\u00eas na educa\u00e7\u00e3o infantil e nos anos iniciais do ensino fundamental (1\u00ba ao 5\u00ba ano).<\/p>\n\n\n\n<p>Para fazer a inscri\u00e7\u00e3o \u00e9 necess\u00e1rio apresentar comprovante de profici\u00eancia em l\u00edngua inglesa ou documento que comprove que o profissional atua ou que atuou nos \u00faltimos 3 anos no ensino de ingl\u00eas.<\/p>\n\n\n\n<figure class=\"wp-block-gallery has-nested-images columns-default is-cropped wp-block-gallery-1 is-layout-flex wp-block-gallery-is-layout-flex\">\n<figure class=\"wp-block-image size-full\"><img loading=\"lazy\" decoding=\"async\" width=\"2160\" height=\"2700\" data-id=\"4396\" src=\"https:\/\/sites.uel.br\/nead\/wp-content\/uploads\/2025\/03\/InscrPRORROG.png\" alt=\"\" class=\"wp-image-4396\" srcset=\"https:\/\/sites.uel.br\/nead\/wp-content\/uploads\/2025\/03\/InscrPRORROG.png 2160w, https:\/\/sites.uel.br\/nead\/wp-content\/uploads\/2025\/03\/InscrPRORROG-240x300.png 240w, https:\/\/sites.uel.br\/nead\/wp-content\/uploads\/2025\/03\/InscrPRORROG-819x1024.png 819w, https:\/\/sites.uel.br\/nead\/wp-content\/uploads\/2025\/03\/InscrPRORROG-768x960.png 768w, https:\/\/sites.uel.br\/nead\/wp-content\/uploads\/2025\/03\/InscrPRORROG-1229x1536.png 1229w, https:\/\/sites.uel.br\/nead\/wp-content\/uploads\/2025\/03\/InscrPRORROG-1638x2048.png 1638w\" sizes=\"(max-width: 2160px) 100vw, 2160px\" \/><\/figure>\n\n\n\n<figure class=\"wp-block-image size-full\"><img loading=\"lazy\" decoding=\"async\" width=\"2160\" height=\"2700\" data-id=\"4395\" src=\"https:\/\/sites.uel.br\/nead\/wp-content\/uploads\/2025\/03\/InscrPRORROG2.png\" alt=\"\" class=\"wp-image-4395\" srcset=\"https:\/\/sites.uel.br\/nead\/wp-content\/uploads\/2025\/03\/InscrPRORROG2.png 2160w, https:\/\/sites.uel.br\/nead\/wp-content\/uploads\/2025\/03\/InscrPRORROG2-240x300.png 240w, https:\/\/sites.uel.br\/nead\/wp-content\/uploads\/2025\/03\/InscrPRORROG2-819x1024.png 819w, https:\/\/sites.uel.br\/nead\/wp-content\/uploads\/2025\/03\/InscrPRORROG2-768x960.png 768w, https:\/\/sites.uel.br\/nead\/wp-content\/uploads\/2025\/03\/InscrPRORROG2-1229x1536.png 1229w, https:\/\/sites.uel.br\/nead\/wp-content\/uploads\/2025\/03\/InscrPRORROG2-1638x2048.png 1638w\" sizes=\"(max-width: 2160px) 100vw, 2160px\" \/><\/figure>\n<\/figure>\n\n\n\n<p>J\u00e1 a especializa\u00e7\u00e3o em Educa\u00e7\u00e3o F\u00edsica Inclusiva est\u00e1 com 150 vagas dispon\u00edveis em dez polos: Arapongas, Campo Largo, C\u00e2ndido de Abreu, Curitiba, Guarapuava, Nova Santa Rosa, Rio Branco do Sul, Rio Negro, S\u00e3o Jo\u00e3o do Iva\u00ed e Tr\u00eas Barras do Paran\u00e1.<\/p>\n\n\n\n<p>O curso \u00e9 destinado a graduados em Educa\u00e7\u00e3o F\u00edsica que atuam na educa\u00e7\u00e3o b\u00e1sica ou em institui\u00e7\u00f5es de ensino com atendimento a pessoas com defici\u00eancia.<\/p>\n\n\n\n<p>O per\u00edodo de inscri\u00e7\u00e3o para ambos os cursos foi prorrogado e termina no dia 31 de mar\u00e7o. O valor \u00e9 de R$ 81,00. O resultado da sele\u00e7\u00e3o ser\u00e1 divulgado em 8 de abril.<\/p>\n\n\n\n<p>Os alunos dos cursos EaD da UEL realizam os estudos a dist\u00e2ncia, por\u00e9m tamb\u00e9m precisam ir at\u00e9 os polos de matr\u00edcula para participar de atividades presenciais obrigat\u00f3rias como provas semestrais. Ao final do curso, os aprovados recebem certificado pela UEL.<\/p>\n\n\n\n<p>A documenta\u00e7\u00e3o exigida para fazer a inscri\u00e7\u00e3o e os crit\u00e9rios de sele\u00e7\u00e3o de cada p\u00f3s-gradua\u00e7\u00e3o est\u00e3o dispon\u00edveis nos editais n\u00ba 010\/2025 (Ensino de Ingl\u00eas para Crian\u00e7as) e 011\/2025 (Educa\u00e7\u00e3o F\u00edsica Inclusiva), no endere\u00e7o <a href=\"https:\/\/sites.uel.br\/nead\/editais\/\">sites.uel.br\/nead\/editais<\/a>.<\/p>\n","protected":false},"excerpt":{"rendered":"<p>Duas especializa\u00e7\u00f5es a dist\u00e2ncia da Universidade Estadual de Londrina (UEL) est\u00e3o com inscri\u00e7\u00f5es abertas para a forma\u00e7\u00e3o de novas turmas: Ensino de Ingl\u00eas para Crian\u00e7as e Educa\u00e7\u00e3o F\u00edsica Inclusiva. A p\u00f3s-gradua\u00e7\u00e3o em Ensino de Ingl\u00eas para Crian\u00e7as ser\u00e1 ofertada em nove cidades do Paran\u00e1: Assa\u00ed, Nova Santa Rosa, Reserva, Rio Negro, Tel\u00eamaco Borba, Tibagi, Tr\u00eas [&hellip;]<\/p>\n","protected":false},"author":11,"featured_media":4396,"comment_status":"closed","ping_status":"open","sticky":false,"template":"","format":"standard","meta":{"_themeisle_gutenberg_block_has_review":false,"footnotes":""},"categories":[5,4,21],"tags":[],"acf":[],"_links":{"self":[{"href":"https:\/\/sites.uel.br\/nead\/wp-json\/wp\/v2\/posts\/4312"}],"collection":[{"href":"https:\/\/sites.uel.br\/nead\/wp-json\/wp\/v2\/posts"}],"about":[{"href":"https:\/\/sites.uel.br\/nead\/wp-json\/wp\/v2\/types\/post"}],"author":[{"embeddable":true,"href":"https:\/\/sites.uel.br\/nead\/wp-json\/wp\/v2\/users\/11"}],"replies":[{"embeddable":true,"href":"https:\/\/sites.uel.br\/nead\/wp-json\/wp\/v2\/comments?post=4312"}],"version-history":[{"count":10,"href":"https:\/\/sites.uel.br\/nead\/wp-json\/wp\/v2\/posts\/4312\/revisions"}],"predecessor-version":[{"id":4402,"href":"https:\/\/sites.uel.br\/nead\/wp-json\/wp\/v2\/posts\/4312\/revisions\/4402"}],"wp:featuredmedia":[{"embeddable":true,"href":"https:\/\/sites.uel.br\/nead\/wp-json\/wp\/v2\/media\/4396"}],"wp:attachment":[{"href":"https:\/\/sites.uel.br\/nead\/wp-json\/wp\/v2\/media?parent=4312"}],"wp:term":[{"taxonomy":"category","embeddable":true,"href":"https:\/\/sites.uel.br\/nead\/wp-json\/wp\/v2\/categories?post=4312"},{"taxonomy":"post_tag","embeddable":true,"href":"https:\/\/sites.uel.br\/nead\/wp-json\/wp\/v2\/tags?post=4312"}],"curies":[{"name":"wp","href":"https:\/\/api.w.org\/{rel}","templated":true}]}}