{"id":697,"date":"2024-05-21T12:58:33","date_gmt":"2024-05-21T15:58:33","guid":{"rendered":"https:\/\/sites.uel.br\/labted\/?p=697"},"modified":"2024-08-13T15:31:47","modified_gmt":"2024-08-13T18:31:47","slug":"docentes-e-alunos-participam-de-curso-de-didatica-no-labted","status":"publish","type":"post","link":"https:\/\/sites.uel.br\/labted\/2024\/05\/21\/docentes-e-alunos-participam-de-curso-de-didatica-no-labted\/","title":{"rendered":"Docentes e alunos participam de curso de Did\u00e1tica no Labted"},"content":{"rendered":"\n<p>O Laborat\u00f3rio de Tecnologia Educacional (Labted\/UEL) promoveu, no m\u00eas de maio, o curso \u201cDid\u00e1tica: Pr\u00e1tica Docente no Ensino Superior\u201d. Ao longo de tr\u00eas semanas, os participantes puderam aprimorar os conhecimentos te\u00f3ricos e pr\u00e1ticos sobre did\u00e1tica e intencionalidade pedag\u00f3gica.<\/p>\n\n\n\n<p>A capacita\u00e7\u00e3o, ministrada pelo professor Paulo S\u00e9rgio Negri, foi realizada em oito encontros. Ap\u00f3s planejarem as aulas seguindo os conceitos repassados, os alunos foram gravados ao executar parte do plano de aula. Dessa forma, todos puderam se auto avaliar e acompanhar as observa\u00e7\u00f5es detalhadas do professor.<\/p>\n\n\n\n<p>&#8220;O aluno vai perceber a organiza\u00e7\u00e3o, a aula entendida didaticamente em tr\u00eas grandes fases (inicial, intermedi\u00e1ria e final) e a interliga\u00e7\u00e3o na pr\u00e1tica. O movimento, o gesto, o olhar n\u00e3o podem ser aleat\u00f3rios. Precisam ser intencionais e costurados na oralidade em sala\u201d, lembrou Negri.<\/p>\n\n\n\n<p>\u201cO curso \u00e9 interessante, principalmente, para quem quer seguir a carreira docente e se preparar para concursos e testes seletivos. \u00c9 importante para conseguir adaptar os conte\u00fados em sala de aula com come\u00e7o, meio e fim\u201d, destacou a doutoranda em Design pela Universidade de Lisboa e Universidade Federal do Paran\u00e1, Carolina Mendes.<\/p>\n\n\n\n<p>As inscri\u00e7\u00f5es para a segunda turma do curso de Did\u00e1tica podem ser feitas at\u00e9 o dia 3 de junho por meio do link <a href=\"https:\/\/bit.ly\/3A5joGy\" target=\"_blank\" rel=\"noreferrer noopener\">https:\/\/bit.ly\/3A5joGy<\/a>. Dessa vez, as aulas ser\u00e3o on-line ministradas de forma s\u00edncrona entre os dias 10 e 25 de junho.<\/p>\n\n\n<div class=\"wp-block-image\">\n<figure class=\"aligncenter size-large is-resized\"><img loading=\"lazy\" decoding=\"async\" width=\"1024\" height=\"1024\" src=\"https:\/\/sites.uel.br\/labted\/wp-content\/uploads\/2024\/06\/Curso-Didatica-post-1-1024x1024.png\" alt=\"\" class=\"wp-image-698\" style=\"width:500px\" srcset=\"https:\/\/sites.uel.br\/labted\/wp-content\/uploads\/2024\/06\/Curso-Didatica-post-1-1024x1024.png 1024w, https:\/\/sites.uel.br\/labted\/wp-content\/uploads\/2024\/06\/Curso-Didatica-post-1-300x300.png 300w, https:\/\/sites.uel.br\/labted\/wp-content\/uploads\/2024\/06\/Curso-Didatica-post-1-150x150.png 150w, https:\/\/sites.uel.br\/labted\/wp-content\/uploads\/2024\/06\/Curso-Didatica-post-1-768x768.png 768w, https:\/\/sites.uel.br\/labted\/wp-content\/uploads\/2024\/06\/Curso-Didatica-post-1-1536x1536.png 1536w, https:\/\/sites.uel.br\/labted\/wp-content\/uploads\/2024\/06\/Curso-Didatica-post-1-2048x2048.png 2048w\" sizes=\"auto, (max-width: 1024px) 100vw, 1024px\" \/><\/figure>\n<\/div>","protected":false},"excerpt":{"rendered":"<p>O Laborat\u00f3rio de Tecnologia Educacional (Labted\/UEL) promoveu, no m\u00eas de maio, o curso \u201cDid\u00e1tica: Pr\u00e1tica Docente no Ensino Superior\u201d. Ao longo de tr\u00eas semanas, os participantes puderam aprimorar os conhecimentos te\u00f3ricos e pr\u00e1ticos sobre did\u00e1tica e intencionalidade pedag\u00f3gica. A capacita\u00e7\u00e3o, ministrada pelo professor Paulo S\u00e9rgio Negri, foi realizada em oito encontros. Ap\u00f3s planejarem as aulas [&hellip;]<\/p>\n","protected":false},"author":16,"featured_media":698,"comment_status":"closed","ping_status":"open","sticky":false,"template":"","format":"standard","meta":{"footnotes":""},"categories":[11,13],"tags":[],"class_list":["post-697","post","type-post","status-publish","format-standard","has-post-thumbnail","hentry","category-cursos","category-noticias"],"acf":[],"_links":{"self":[{"href":"https:\/\/sites.uel.br\/labted\/wp-json\/wp\/v2\/posts\/697","targetHints":{"allow":["GET"]}}],"collection":[{"href":"https:\/\/sites.uel.br\/labted\/wp-json\/wp\/v2\/posts"}],"about":[{"href":"https:\/\/sites.uel.br\/labted\/wp-json\/wp\/v2\/types\/post"}],"author":[{"embeddable":true,"href":"https:\/\/sites.uel.br\/labted\/wp-json\/wp\/v2\/users\/16"}],"replies":[{"embeddable":true,"href":"https:\/\/sites.uel.br\/labted\/wp-json\/wp\/v2\/comments?post=697"}],"version-history":[{"count":5,"href":"https:\/\/sites.uel.br\/labted\/wp-json\/wp\/v2\/posts\/697\/revisions"}],"predecessor-version":[{"id":903,"href":"https:\/\/sites.uel.br\/labted\/wp-json\/wp\/v2\/posts\/697\/revisions\/903"}],"wp:featuredmedia":[{"embeddable":true,"href":"https:\/\/sites.uel.br\/labted\/wp-json\/wp\/v2\/media\/698"}],"wp:attachment":[{"href":"https:\/\/sites.uel.br\/labted\/wp-json\/wp\/v2\/media?parent=697"}],"wp:term":[{"taxonomy":"category","embeddable":true,"href":"https:\/\/sites.uel.br\/labted\/wp-json\/wp\/v2\/categories?post=697"},{"taxonomy":"post_tag","embeddable":true,"href":"https:\/\/sites.uel.br\/labted\/wp-json\/wp\/v2\/tags?post=697"}],"curies":[{"name":"wp","href":"https:\/\/api.w.org\/{rel}","templated":true}]}}