{"id":4070,"date":"2026-08-12T16:36:27","date_gmt":"2026-08-12T19:36:27","guid":{"rendered":"https:\/\/sites.uel.br\/hu-londrina\/?p=4070"},"modified":"2026-08-12T16:36:28","modified_gmt":"2026-08-12T19:36:28","slug":"hospital-universitario-realiza-capacitacao-sobre-sindromes-hipertensivas-na-gestacao","status":"publish","type":"post","link":"https:\/\/sites.uel.br\/hu-londrina\/aviso\/2026\/08\/12\/hospital-universitario-realiza-capacitacao-sobre-sindromes-hipertensivas-na-gestacao\/","title":{"rendered":"Hospital Universit\u00e1rio realiza capacita\u00e7\u00e3o sobre s\u00edndromes hipertensivas na gesta\u00e7\u00e3o"},"content":{"rendered":"\n<p class=\"wp-block-paragraph\">O Hospital Universit\u00e1rio da UEL (HU-UEL) promoveu, no dia 12 de agosto, a capacita\u00e7\u00e3o \u201cS\u00edndromes Hipertensivas na Gesta\u00e7\u00e3o: do reconhecimento precoce ao manejo seguro\u201d, destinada a enfermeiros e m\u00e9dicos que atuam na Rede de Aten\u00e7\u00e3o Materno-Infantil da 17\u00aa Regional de Sa\u00fade. O encontro foi realizado no Anfiteatro do Hospital Universit\u00e1rio, nos per\u00edodos da manh\u00e3 e da tarde e contou com a presen\u00e7a da diretora de enfermagem do HU, Iara Secco, e da enfermeira Gl\u00e1ucia Osis Gon\u00e7alves, da Secretaria de Estado da Sa\u00fade do Paran\u00e1 (SESA-PR), que atua na divis\u00e3o de aten\u00e7\u00e3o \u00e0 sa\u00fade da mulher<\/p>\n\n\n\n<figure class=\"wp-block-gallery has-nested-images columns-default is-cropped wp-block-gallery-1 is-layout-flex wp-block-gallery-is-layout-flex\">\n<figure class=\"wp-block-image size-large is-style-default\"><img loading=\"lazy\" decoding=\"async\" width=\"1024\" height=\"683\" data-id=\"4071\" src=\"https:\/\/sites.uel.br\/hu-londrina\/wp-content\/uploads\/2026\/08\/Sindromes-Hipertensivas-01.jpg-1024x683.jpeg\" alt=\"\" class=\"wp-image-4071\" srcset=\"https:\/\/sites.uel.br\/hu-londrina\/wp-content\/uploads\/2026\/08\/Sindromes-Hipertensivas-01.jpg-1024x683.jpeg 1024w, https:\/\/sites.uel.br\/hu-londrina\/wp-content\/uploads\/2026\/08\/Sindromes-Hipertensivas-01.jpg-300x200.jpeg 300w, https:\/\/sites.uel.br\/hu-londrina\/wp-content\/uploads\/2026\/08\/Sindromes-Hipertensivas-01.jpg-768x512.jpeg 768w, https:\/\/sites.uel.br\/hu-londrina\/wp-content\/uploads\/2026\/08\/Sindromes-Hipertensivas-01.jpg-1536x1024.jpeg 1536w, https:\/\/sites.uel.br\/hu-londrina\/wp-content\/uploads\/2026\/08\/Sindromes-Hipertensivas-01.jpg.jpeg 1920w\" sizes=\"auto, (max-width: 1024px) 100vw, 1024px\" \/><figcaption class=\"wp-element-caption\">Iara Secco<\/figcaption><\/figure>\n\n\n\n<figure class=\"wp-block-image size-large\"><img loading=\"lazy\" decoding=\"async\" width=\"1024\" height=\"683\" data-id=\"4072\" src=\"https:\/\/sites.uel.br\/hu-londrina\/wp-content\/uploads\/2026\/08\/Sindromes-Hipertensivas-02.jpg-1024x683.jpeg\" alt=\"\" class=\"wp-image-4072\" srcset=\"https:\/\/sites.uel.br\/hu-londrina\/wp-content\/uploads\/2026\/08\/Sindromes-Hipertensivas-02.jpg-1024x683.jpeg 1024w, https:\/\/sites.uel.br\/hu-londrina\/wp-content\/uploads\/2026\/08\/Sindromes-Hipertensivas-02.jpg-300x200.jpeg 300w, https:\/\/sites.uel.br\/hu-londrina\/wp-content\/uploads\/2026\/08\/Sindromes-Hipertensivas-02.jpg-768x512.jpeg 768w, https:\/\/sites.uel.br\/hu-londrina\/wp-content\/uploads\/2026\/08\/Sindromes-Hipertensivas-02.jpg-1536x1024.jpeg 1536w, https:\/\/sites.uel.br\/hu-londrina\/wp-content\/uploads\/2026\/08\/Sindromes-Hipertensivas-02.jpg.jpeg 1920w\" sizes=\"auto, (max-width: 1024px) 100vw, 1024px\" \/><figcaption class=\"wp-element-caption\">Gl\u00e1ucia Osis Gon\u00e7alves<\/figcaption><\/figure>\n<\/figure>\n\n\n\n<p class=\"wp-block-paragraph\">A iniciativa tem como prop\u00f3sito fortalecer a capacidade dos profissionais para o reconhecimento precoce das s\u00edndromes hipertensivas, condi\u00e7\u00e3o que est\u00e1 entre as principais causas de morbimortalidade materna e perinatal no Brasil e no Paran\u00e1. O evento discutiu a identifica\u00e7\u00e3o das situa\u00e7\u00f5es de gravidade e a ado\u00e7\u00e3o de condutas oportunas e seguras, contribuindo para qualificar a assist\u00eancia \u00e0s gestantes e pu\u00e9rperas nos diferentes pontos da rede.&nbsp;<\/p>\n\n\n\n<p class=\"wp-block-paragraph\">Al\u00e9m disso, entre os conte\u00fados abordados estava o manejo da sulfata\u00e7\u00e3o com base na Nota T\u00e9cnica n\u00ba 041\/2025 da Secretaria de Estado da Sa\u00fade do Paran\u00e1 (SESA), que estabelece diretrizes para a disponibilidade e administra\u00e7\u00e3o do sulfato de magn\u00e9sio e dos medicamentos utilizados no manejo das emerg\u00eancias hipertensivas.\u00a0A capacita\u00e7\u00e3o foi ministrada pelas enfermeiras da Maternidade do HU Camila Helen e Karen Gomes.<\/p>\n\n\n<div class=\"wp-block-image\">\n<figure class=\"aligncenter size-large is-resized\"><img loading=\"lazy\" decoding=\"async\" width=\"1024\" height=\"683\" src=\"https:\/\/sites.uel.br\/hu-londrina\/wp-content\/uploads\/2026\/08\/Sindromes-Hipertensivas-04.jpg-1024x683.jpeg\" alt=\"\" class=\"wp-image-4073\" style=\"width:600px\" srcset=\"https:\/\/sites.uel.br\/hu-londrina\/wp-content\/uploads\/2026\/08\/Sindromes-Hipertensivas-04.jpg-1024x683.jpeg 1024w, https:\/\/sites.uel.br\/hu-londrina\/wp-content\/uploads\/2026\/08\/Sindromes-Hipertensivas-04.jpg-300x200.jpeg 300w, https:\/\/sites.uel.br\/hu-londrina\/wp-content\/uploads\/2026\/08\/Sindromes-Hipertensivas-04.jpg-768x512.jpeg 768w, https:\/\/sites.uel.br\/hu-londrina\/wp-content\/uploads\/2026\/08\/Sindromes-Hipertensivas-04.jpg-1536x1024.jpeg 1536w, https:\/\/sites.uel.br\/hu-londrina\/wp-content\/uploads\/2026\/08\/Sindromes-Hipertensivas-04.jpg.jpeg 1920w\" sizes=\"auto, (max-width: 1024px) 100vw, 1024px\" \/><\/figure>\n<\/div>\n\n\n<p class=\"wp-block-paragraph\">A capacita\u00e7\u00e3o representa um movimento de aproxima\u00e7\u00e3o do Hospital Universit\u00e1rio com a Aten\u00e7\u00e3o Prim\u00e1ria \u00e0 Sa\u00fade e com os demais pontos da Rede de Aten\u00e7\u00e3o Materno-Infantil, permitindo qualificar n\u00e3o apenas o atendimento das situa\u00e7\u00f5es de emerg\u00eancia, mas tamb\u00e9m o reconhecimento dos sinais de alerta, a tomada de decis\u00e3o e o encaminhamento oportuno das gestantes que necessitam de avalia\u00e7\u00e3o especializada.&nbsp;<\/p>\n\n\n\n<figure class=\"wp-block-gallery has-nested-images columns-default is-cropped wp-block-gallery-2 is-layout-flex wp-block-gallery-is-layout-flex\">\n<figure class=\"wp-block-image size-large\"><img loading=\"lazy\" decoding=\"async\" width=\"1024\" height=\"683\" data-id=\"4074\" src=\"https:\/\/sites.uel.br\/hu-londrina\/wp-content\/uploads\/2026\/08\/Sindromes-Hipertensivas-03.jpg-1024x683.jpeg\" alt=\"\" class=\"wp-image-4074\" srcset=\"https:\/\/sites.uel.br\/hu-londrina\/wp-content\/uploads\/2026\/08\/Sindromes-Hipertensivas-03.jpg-1024x683.jpeg 1024w, https:\/\/sites.uel.br\/hu-londrina\/wp-content\/uploads\/2026\/08\/Sindromes-Hipertensivas-03.jpg-300x200.jpeg 300w, https:\/\/sites.uel.br\/hu-londrina\/wp-content\/uploads\/2026\/08\/Sindromes-Hipertensivas-03.jpg-768x512.jpeg 768w, https:\/\/sites.uel.br\/hu-londrina\/wp-content\/uploads\/2026\/08\/Sindromes-Hipertensivas-03.jpg-1536x1024.jpeg 1536w, https:\/\/sites.uel.br\/hu-londrina\/wp-content\/uploads\/2026\/08\/Sindromes-Hipertensivas-03.jpg.jpeg 1920w\" sizes=\"auto, (max-width: 1024px) 100vw, 1024px\" \/><figcaption class=\"wp-element-caption\">Camila Helen<\/figcaption><\/figure>\n\n\n\n<figure class=\"wp-block-image size-large\"><img loading=\"lazy\" decoding=\"async\" width=\"1024\" height=\"683\" data-id=\"4075\" src=\"https:\/\/sites.uel.br\/hu-londrina\/wp-content\/uploads\/2026\/08\/IMG_8813-1024x683.jpg\" alt=\"\" class=\"wp-image-4075\" srcset=\"https:\/\/sites.uel.br\/hu-londrina\/wp-content\/uploads\/2026\/08\/IMG_8813-1024x683.jpg 1024w, https:\/\/sites.uel.br\/hu-londrina\/wp-content\/uploads\/2026\/08\/IMG_8813-300x200.jpg 300w, https:\/\/sites.uel.br\/hu-londrina\/wp-content\/uploads\/2026\/08\/IMG_8813-768x512.jpg 768w, https:\/\/sites.uel.br\/hu-londrina\/wp-content\/uploads\/2026\/08\/IMG_8813-1536x1024.jpg 1536w, https:\/\/sites.uel.br\/hu-londrina\/wp-content\/uploads\/2026\/08\/IMG_8813-2048x1365.jpg 2048w\" sizes=\"auto, (max-width: 1024px) 100vw, 1024px\" \/><figcaption class=\"wp-element-caption\">Karen Gomes<\/figcaption><\/figure>\n<\/figure>\n\n\n\n<p class=\"wp-block-paragraph\">Para o HU, a iniciativa reafirma seu papel como refer\u00eancia regional para a aten\u00e7\u00e3o \u00e0s gestantes de alto risco, mas tamb\u00e9m como parceiro da rede na qualifica\u00e7\u00e3o dos profissionais e na constru\u00e7\u00e3o compartilhada de estrat\u00e9gias para o cuidado materno. Mais do que concentrar a assist\u00eancia de maior complexidade, o hospital busca contribuir para que toda a rede esteja mais preparada para reconhecer precocemente situa\u00e7\u00f5es de risco e oferecer uma resposta adequada em cada ponto de aten\u00e7\u00e3o.<\/p>\n","protected":false},"excerpt":{"rendered":"<p>A capacita\u00e7\u00e3o representa um movimento de aproxima\u00e7\u00e3o do HU com a Aten\u00e7\u00e3o Prim\u00e1ria \u00e0 Sa\u00fade e com os demais pontos da Rede de Aten\u00e7\u00e3o Materno-Infantil.<\/p>\n","protected":false},"author":11,"featured_media":4073,"comment_status":"open","ping_status":"open","sticky":false,"template":"","format":"standard","meta":{"_acf_changed":false,"footnotes":"","_members_access_role":[],"_members_access_error":""},"categories":[8],"tags":[],"class_list":["post-4070","post","type-post","status-publish","format-standard","has-post-thumbnail","hentry","category-aviso"],"acf":[],"_links":{"self":[{"href":"https:\/\/sites.uel.br\/hu-londrina\/wp-json\/wp\/v2\/posts\/4070","targetHints":{"allow":["GET"]}}],"collection":[{"href":"https:\/\/sites.uel.br\/hu-londrina\/wp-json\/wp\/v2\/posts"}],"about":[{"href":"https:\/\/sites.uel.br\/hu-londrina\/wp-json\/wp\/v2\/types\/post"}],"author":[{"embeddable":true,"href":"https:\/\/sites.uel.br\/hu-londrina\/wp-json\/wp\/v2\/users\/11"}],"replies":[{"embeddable":true,"href":"https:\/\/sites.uel.br\/hu-londrina\/wp-json\/wp\/v2\/comments?post=4070"}],"version-history":[{"count":1,"href":"https:\/\/sites.uel.br\/hu-londrina\/wp-json\/wp\/v2\/posts\/4070\/revisions"}],"predecessor-version":[{"id":4076,"href":"https:\/\/sites.uel.br\/hu-londrina\/wp-json\/wp\/v2\/posts\/4070\/revisions\/4076"}],"wp:featuredmedia":[{"embeddable":true,"href":"https:\/\/sites.uel.br\/hu-londrina\/wp-json\/wp\/v2\/media\/4073"}],"wp:attachment":[{"href":"https:\/\/sites.uel.br\/hu-londrina\/wp-json\/wp\/v2\/media?parent=4070"}],"wp:term":[{"taxonomy":"category","embeddable":true,"href":"https:\/\/sites.uel.br\/hu-londrina\/wp-json\/wp\/v2\/categories?post=4070"},{"taxonomy":"post_tag","embeddable":true,"href":"https:\/\/sites.uel.br\/hu-londrina\/wp-json\/wp\/v2\/tags?post=4070"}],"curies":[{"name":"wp","href":"https:\/\/api.w.org\/{rel}","templated":true}]}}