{"id":3706,"date":"2026-04-30T17:00:03","date_gmt":"2026-04-30T20:00:03","guid":{"rendered":"https:\/\/sites.uel.br\/hu-londrina\/?p=3706"},"modified":"2026-04-30T17:05:39","modified_gmt":"2026-04-30T20:05:39","slug":"fab-i-do-hu-uel-participa-de-missao-internacional-em-barcelona-voltada-a-inovacao-em-saude","status":"publish","type":"post","link":"https:\/\/sites.uel.br\/hu-londrina\/categoria-noticias\/2026\/04\/30\/fab-i-do-hu-uel-participa-de-missao-internacional-em-barcelona-voltada-a-inovacao-em-saude\/","title":{"rendered":"Fab.i do HU-UEL participa de miss\u00e3o internacional em Barcelona voltada \u00e0 inova\u00e7\u00e3o em sa\u00fade"},"content":{"rendered":"\n<p>O Laborat\u00f3rio de P&amp;D e Fabrica\u00e7\u00e3o Digital do HU-UEL (Fab.i HU) integrou uma miss\u00e3o internacional a Barcelona (Espanha), promovida pela Funda\u00e7\u00e3o Arauc\u00e1ria (FA), entre os dias 11 e 17 de abril, consolidando o Cluster Ci\u00eancias da Vida e da Sa\u00fade, iniciado em 2025 na FA, com a participa\u00e7\u00e3o de representantes da Universidade de Barcelona (UB) e do seu Hospital Universit\u00e1rio Vall d\u2019Hebron \u00e0 \u00e9poca.<\/p>\n\n\n\n<p>A miss\u00e3o a Barcelona teve v\u00e1rios objetivos, entre eles a assinatura de conv\u00eanio e o an\u00fancio de acordos entre a FA, a Universidade de Barcelona e o Hospital Universit\u00e1rio Vall d\u2019Hebron, assinados por Joan Gu\u00e0rdia Olmos (Reitor da Universidade de Barcelona), Ramiro Wahrhaftig (Presidente da Funda\u00e7\u00e3o Arauc\u00e1ria) e Pedro Henrique Lopes Borio (C\u00f4nsul Geral do Brasil em Barcelona).<\/p>\n\n\n\n<figure class=\"wp-block-gallery has-nested-images columns-default is-cropped wp-block-gallery-1 is-layout-flex wp-block-gallery-is-layout-flex\">\n<figure class=\"wp-block-image size-large is-resized\"><img loading=\"lazy\" decoding=\"async\" width=\"846\" height=\"676\" data-id=\"3714\" src=\"https:\/\/sites.uel.br\/hu-londrina\/wp-content\/uploads\/2026\/04\/WhatsApp-Image-2026-04-30-at-16.42.56-2.jpeg\" alt=\"\" class=\"wp-image-3714\" style=\"width:500px\" srcset=\"https:\/\/sites.uel.br\/hu-londrina\/wp-content\/uploads\/2026\/04\/WhatsApp-Image-2026-04-30-at-16.42.56-2.jpeg 846w, https:\/\/sites.uel.br\/hu-londrina\/wp-content\/uploads\/2026\/04\/WhatsApp-Image-2026-04-30-at-16.42.56-2-300x240.jpeg 300w, https:\/\/sites.uel.br\/hu-londrina\/wp-content\/uploads\/2026\/04\/WhatsApp-Image-2026-04-30-at-16.42.56-2-768x614.jpeg 768w\" sizes=\"auto, (max-width: 846px) 100vw, 846px\" \/><figcaption class=\"wp-element-caption\">Professora Sonia Fabris, coordenadora do Fab.i HU<br><\/figcaption><\/figure>\n\n\n\n<figure class=\"wp-block-image size-large is-resized\"><img loading=\"lazy\" decoding=\"async\" width=\"1024\" height=\"819\" data-id=\"3715\" src=\"https:\/\/sites.uel.br\/hu-londrina\/wp-content\/uploads\/2026\/04\/WhatsApp-Image-2026-04-30-at-16.43.09-1024x819.jpeg\" alt=\"\" class=\"wp-image-3715\" style=\"width:500px\" srcset=\"https:\/\/sites.uel.br\/hu-londrina\/wp-content\/uploads\/2026\/04\/WhatsApp-Image-2026-04-30-at-16.43.09-1024x819.jpeg 1024w, https:\/\/sites.uel.br\/hu-londrina\/wp-content\/uploads\/2026\/04\/WhatsApp-Image-2026-04-30-at-16.43.09-300x240.jpeg 300w, https:\/\/sites.uel.br\/hu-londrina\/wp-content\/uploads\/2026\/04\/WhatsApp-Image-2026-04-30-at-16.43.09-768x614.jpeg 768w, https:\/\/sites.uel.br\/hu-londrina\/wp-content\/uploads\/2026\/04\/WhatsApp-Image-2026-04-30-at-16.43.09.jpeg 1198w\" sizes=\"auto, (max-width: 1024px) 100vw, 1024px\" \/><\/figure>\n<\/figure>\n\n\n\n<p>No evento tamb\u00e9m ocorreu a apresenta\u00e7\u00e3o da Funda\u00e7\u00e3o Arauc\u00e1ria, com o lan\u00e7amento do programa Interconex\u00f5es; o an\u00fancio de programas em rede entre a UB e institui\u00e7\u00f5es paranaenses; al\u00e9m de Chamadas P\u00fablicas de Pesquisas Cl\u00ednicas e a consolida\u00e7\u00e3o de um Memorando de Entendimento (MoU), acordo que estabelece coopera\u00e7\u00e3o acad\u00eamica e cient\u00edfica entre as institui\u00e7\u00f5es, entre a UB e a UFPR, por meio do Programa Ganhando o Mundo da Ci\u00eancia.<\/p>\n\n\n\n<p>A Universidade Estadual de Londrina (UEL) e o Hospital Universit\u00e1rio participaram da miss\u00e3o representados pela professora Sonia Fabris, coordenadora do Fab.i HU. Al\u00e9m da UEL, o encontro reuniu cerca de 20 representantes de universidades, hospitais p\u00fablicos e privados, empresas estatais e particulares do Paran\u00e1, como a Universidade Estadual de Maring\u00e1 (UEM), Universidade Federal do Paran\u00e1 (UFPR), Hospital Pequeno Pr\u00edncipe, Faculdade Pequeno Pr\u00edncipe, Hospital Erastinho, Secretaria Municipal de Sa\u00fade de Curitiba, TECPAR, BIOPARK e Prati-Donaduzzi, entre outros.<\/p>\n\n\n\n<p>Foram realizadas visitas t\u00e9cnicas ao Parque de Inova\u00e7\u00e3o da Universidade de Barcelona, a centros de pesquisa na Faculdade de Medicina e Ci\u00eancias da Sa\u00fade, ao Hospital Universit\u00e1rio Vall d\u2019Hebron e ao Hospital Sant Joan de D\u00e9u, al\u00e9m de visitas a laborat\u00f3rios de impress\u00e3o 3D. Durante a miss\u00e3o, tamb\u00e9m ocorreram reuni\u00f5es t\u00e9cnicas abordando temas importantes do acordo, como mobilidade internacional para estudantes, professores e pesquisadores; co-tutela; pesquisas cl\u00ednicas; inova\u00e7\u00e3o e transfer\u00eancia de tecnologias; e biobanco, entre outros.<\/p>\n\n\n\n<p>\u201cFoi uma experi\u00eancia muito positiva, pois permitiu a troca de conhecimentos, experi\u00eancias e boas pr\u00e1ticas entre institui\u00e7\u00f5es cient\u00edficas de Barcelona e do Estado do Paran\u00e1. Essa experi\u00eancia possibilitou o contato direto com tecnologias avan\u00e7adas, novos modelos de gest\u00e3o e solu\u00e7\u00f5es inovadoras aplicadas aos sistemas de sa\u00fade. Esperamos que este interc\u00e2mbio internacional fortale\u00e7a as redes de colabora\u00e7\u00e3o cient\u00edfica e institucional, principalmente em rela\u00e7\u00e3o \u00e0 mobilidade de nossos alunos, docentes, pesquisadores e profissionais dos HUs, contribuindo diretamente para o aprimoramento dos servi\u00e7os de sa\u00fade e para o desenvolvimento de inova\u00e7\u00f5es com impacto social positivo na sa\u00fade p\u00fablica, o que vem ao encontro dos objetivos desenvolvidos pelo Fab.i HU-UEL\u201d, relata a professora Sonia Fabris.<\/p>\n\n\n\n<p><\/p>\n","protected":false},"excerpt":{"rendered":"<p>Encontro que reuniu representantes de universidades, hospitais p\u00fablicos e privados, empresas estatais e particulares do Paran\u00e1.<\/p>\n","protected":false},"author":9,"featured_media":3707,"comment_status":"open","ping_status":"open","sticky":false,"template":"","format":"standard","meta":{"_acf_changed":false,"footnotes":""},"categories":[3],"tags":[],"class_list":["post-3706","post","type-post","status-publish","format-standard","has-post-thumbnail","hentry","category-categoria-noticias"],"acf":[],"_links":{"self":[{"href":"https:\/\/sites.uel.br\/hu-londrina\/wp-json\/wp\/v2\/posts\/3706","targetHints":{"allow":["GET"]}}],"collection":[{"href":"https:\/\/sites.uel.br\/hu-londrina\/wp-json\/wp\/v2\/posts"}],"about":[{"href":"https:\/\/sites.uel.br\/hu-londrina\/wp-json\/wp\/v2\/types\/post"}],"author":[{"embeddable":true,"href":"https:\/\/sites.uel.br\/hu-londrina\/wp-json\/wp\/v2\/users\/9"}],"replies":[{"embeddable":true,"href":"https:\/\/sites.uel.br\/hu-londrina\/wp-json\/wp\/v2\/comments?post=3706"}],"version-history":[{"count":2,"href":"https:\/\/sites.uel.br\/hu-londrina\/wp-json\/wp\/v2\/posts\/3706\/revisions"}],"predecessor-version":[{"id":3716,"href":"https:\/\/sites.uel.br\/hu-londrina\/wp-json\/wp\/v2\/posts\/3706\/revisions\/3716"}],"wp:featuredmedia":[{"embeddable":true,"href":"https:\/\/sites.uel.br\/hu-londrina\/wp-json\/wp\/v2\/media\/3707"}],"wp:attachment":[{"href":"https:\/\/sites.uel.br\/hu-londrina\/wp-json\/wp\/v2\/media?parent=3706"}],"wp:term":[{"taxonomy":"category","embeddable":true,"href":"https:\/\/sites.uel.br\/hu-londrina\/wp-json\/wp\/v2\/categories?post=3706"},{"taxonomy":"post_tag","embeddable":true,"href":"https:\/\/sites.uel.br\/hu-londrina\/wp-json\/wp\/v2\/tags?post=3706"}],"curies":[{"name":"wp","href":"https:\/\/api.w.org\/{rel}","templated":true}]}}