{"id":3700,"date":"2026-04-30T13:27:25","date_gmt":"2026-04-30T16:27:25","guid":{"rendered":"https:\/\/sites.uel.br\/hu-londrina\/?p=3700"},"modified":"2026-04-30T13:54:21","modified_gmt":"2026-04-30T16:54:21","slug":"disciplina-de-odontologia-completa-10-anos-na-prevencao-de-pneumonia-associada-a-ventilacao-mecanica","status":"publish","type":"post","link":"https:\/\/sites.uel.br\/hu-londrina\/categoria-noticias\/2026\/04\/30\/disciplina-de-odontologia-completa-10-anos-na-prevencao-de-pneumonia-associada-a-ventilacao-mecanica\/","title":{"rendered":"Disciplina de odontologia completa 10 anos na preven\u00e7\u00e3o de pneumonia associada \u00e0 ventila\u00e7\u00e3o mec\u00e2nica"},"content":{"rendered":"\n<p>A disciplina dos programas de resid\u00eancia da Odontologia, em Radiologia e Imaginologia e da resid\u00eancia em Periodontia completou em mar\u00e7o 10 anos de atua\u00e7\u00e3o nas Unidades de Terapia Intensiva (UTI). As atividades assistenciais acontecem 365 dias por ano, por escala dos residentes e supervis\u00e3o dos docentes na preven\u00e7\u00e3o de pneumonia associada \u00e0 ventila\u00e7\u00e3o mec\u00e2nica (PAV) atrav\u00e9s da higiene oral com os dentistas, que objetiva reduzir a carga bacteriana na orofaringe, evitando a aspira\u00e7\u00e3o de pat\u00f3genos para os pulm\u00f5es. Uma infec\u00e7\u00e3o grave que surge 48 horas ou mais ap\u00f3s a intuba\u00e7\u00e3o.<\/p>\n\n\n<div class=\"wp-block-image\">\n<figure class=\"aligncenter size-large is-resized\"><img loading=\"lazy\" decoding=\"async\" width=\"1024\" height=\"683\" src=\"https:\/\/sites.uel.br\/hu-londrina\/wp-content\/uploads\/2026\/04\/WhatsApp-Image-2026-04-30-at-13.06.02-1-1024x683.jpeg\" alt=\"\" class=\"wp-image-3704\" style=\"width:600px\" srcset=\"https:\/\/sites.uel.br\/hu-londrina\/wp-content\/uploads\/2026\/04\/WhatsApp-Image-2026-04-30-at-13.06.02-1-1024x683.jpeg 1024w, https:\/\/sites.uel.br\/hu-londrina\/wp-content\/uploads\/2026\/04\/WhatsApp-Image-2026-04-30-at-13.06.02-1-300x200.jpeg 300w, https:\/\/sites.uel.br\/hu-londrina\/wp-content\/uploads\/2026\/04\/WhatsApp-Image-2026-04-30-at-13.06.02-1-768x512.jpeg 768w, https:\/\/sites.uel.br\/hu-londrina\/wp-content\/uploads\/2026\/04\/WhatsApp-Image-2026-04-30-at-13.06.02-1.jpeg 1386w\" sizes=\"auto, (max-width: 1024px) 100vw, 1024px\" \/><\/figure>\n<\/div>\n\n\n<p>Al\u00e9m da assist\u00eancia direta ao paciente, a equipe de enfermagem e t\u00e9cnicos \u00e9 recebem treinamento para que possam realizar a higiene no contra turno e em outros setores. A higiene bucal para a preven\u00e7\u00e3o da PAV baseia-se em pacotes de medidas (bundles) focados na redu\u00e7\u00e3o da aspira\u00e7\u00e3o de secre\u00e7\u00f5es e higiene oral, como elevar a cabeceira (30-45\u00b0), higiene oral com clorexidina, aspira\u00e7\u00e3o subgl\u00f3tica, manuten\u00e7\u00e3o da press\u00e3o do cuff e interrup\u00e7\u00e3o di\u00e1ria da seda\u00e7\u00e3o.<\/p>\n\n\n\n<p>As Unidades de Terapia Intensiva do HU t\u00eam reafirmado o compromisso com a qualidade do servi\u00e7o, ensino e dedica\u00e7\u00e3o aos pacientes e recebeu da Associa\u00e7\u00e3o de Medicina Intensiva Brasileira (AMIB) e pela Epimed Solutions o Selo UTI&nbsp;<em>Top Performer<\/em>, o reconhecimento, que \u00e9 concedida a unidades que apresentam indicadores acima da m\u00e9dia, com base na avalia\u00e7\u00e3o de dois crit\u00e9rios: mortalidade hospitalar e utiliza\u00e7\u00e3o de recursos humanos e materiais ajustadas \u00e0 gravidade. Veja a mat\u00e9ria completa sobre o selo neste&nbsp;<a href=\"http:\/\/intranet.hu.uel.br\/noticias\/noticias.php?codnoticia=7016\">link.<\/a><\/p>\n","protected":false},"excerpt":{"rendered":"<p>As atividades assistenciais acontecem 365 dias por ano, por escala dos residentes e supervis\u00e3o dos docentes.<\/p>\n","protected":false},"author":9,"featured_media":3701,"comment_status":"open","ping_status":"open","sticky":false,"template":"","format":"standard","meta":{"_acf_changed":false,"footnotes":""},"categories":[3],"tags":[],"class_list":["post-3700","post","type-post","status-publish","format-standard","has-post-thumbnail","hentry","category-categoria-noticias"],"acf":[],"_links":{"self":[{"href":"https:\/\/sites.uel.br\/hu-londrina\/wp-json\/wp\/v2\/posts\/3700","targetHints":{"allow":["GET"]}}],"collection":[{"href":"https:\/\/sites.uel.br\/hu-londrina\/wp-json\/wp\/v2\/posts"}],"about":[{"href":"https:\/\/sites.uel.br\/hu-londrina\/wp-json\/wp\/v2\/types\/post"}],"author":[{"embeddable":true,"href":"https:\/\/sites.uel.br\/hu-londrina\/wp-json\/wp\/v2\/users\/9"}],"replies":[{"embeddable":true,"href":"https:\/\/sites.uel.br\/hu-londrina\/wp-json\/wp\/v2\/comments?post=3700"}],"version-history":[{"count":3,"href":"https:\/\/sites.uel.br\/hu-londrina\/wp-json\/wp\/v2\/posts\/3700\/revisions"}],"predecessor-version":[{"id":3705,"href":"https:\/\/sites.uel.br\/hu-londrina\/wp-json\/wp\/v2\/posts\/3700\/revisions\/3705"}],"wp:featuredmedia":[{"embeddable":true,"href":"https:\/\/sites.uel.br\/hu-londrina\/wp-json\/wp\/v2\/media\/3701"}],"wp:attachment":[{"href":"https:\/\/sites.uel.br\/hu-londrina\/wp-json\/wp\/v2\/media?parent=3700"}],"wp:term":[{"taxonomy":"category","embeddable":true,"href":"https:\/\/sites.uel.br\/hu-londrina\/wp-json\/wp\/v2\/categories?post=3700"},{"taxonomy":"post_tag","embeddable":true,"href":"https:\/\/sites.uel.br\/hu-londrina\/wp-json\/wp\/v2\/tags?post=3700"}],"curies":[{"name":"wp","href":"https:\/\/api.w.org\/{rel}","templated":true}]}}