{"id":3694,"date":"2026-04-29T14:40:35","date_gmt":"2026-04-29T17:40:35","guid":{"rendered":"https:\/\/sites.uel.br\/hu-londrina\/?p=3694"},"modified":"2026-04-29T14:40:35","modified_gmt":"2026-04-29T17:40:35","slug":"hu-uel-promove-curso-de-confeccao-de-orteses-em-termoplastico-para-fisioterapeutas","status":"publish","type":"post","link":"https:\/\/sites.uel.br\/hu-londrina\/categoria-noticias\/2026\/04\/29\/hu-uel-promove-curso-de-confeccao-de-orteses-em-termoplastico-para-fisioterapeutas\/","title":{"rendered":"HU-UEL promove curso de confec\u00e7\u00e3o de \u00f3rteses em termopl\u00e1stico para fisioterapeutas"},"content":{"rendered":"<div class=\"wp-block-image\">\n<figure class=\"aligncenter size-large is-resized\"><img loading=\"lazy\" decoding=\"async\" width=\"1024\" height=\"819\" src=\"https:\/\/sites.uel.br\/hu-londrina\/wp-content\/uploads\/2026\/04\/image-13-1024x819.png\" alt=\"\" class=\"wp-image-3695\" style=\"width:734px\" srcset=\"https:\/\/sites.uel.br\/hu-londrina\/wp-content\/uploads\/2026\/04\/image-13-1024x819.png 1024w, https:\/\/sites.uel.br\/hu-londrina\/wp-content\/uploads\/2026\/04\/image-13-300x240.png 300w, https:\/\/sites.uel.br\/hu-londrina\/wp-content\/uploads\/2026\/04\/image-13-768x614.png 768w, https:\/\/sites.uel.br\/hu-londrina\/wp-content\/uploads\/2026\/04\/image-13.png 1198w\" sizes=\"auto, (max-width: 1024px) 100vw, 1024px\" \/><\/figure>\n<\/div>\n\n\n<p>Nos dias 24 e 25 de abril, o Hospital Universit\u00e1rio da Universidade Estadual de Londrina (HU-UEL) realizou um curso te\u00f3rico-pr\u00e1tico de confec\u00e7\u00e3o de \u00f3rteses em termopl\u00e1stico, voltado aos fisioterapeutas da institui\u00e7\u00e3o. \u00d3rteses s\u00e3o dispositivos externos utilizados para auxiliar, estabilizar ou corrigir fun\u00e7\u00f5es do corpo, frequentemente indicados em processos de reabilita\u00e7\u00e3o.<\/p>\n\n\n\n<p>A atividade foi ministrada por Anna Paula Hirako Mendes, terapeuta ocupacional formada pela Pontif\u00edcia Universidade Cat\u00f3lica, especialista em contextos hospitalares, de An\u00e1polis (GO), e reuniu momentos de teoria e pr\u00e1tica, permitindo que os participantes vivenciassem, de forma aplicada, a confec\u00e7\u00e3o e a utiliza\u00e7\u00e3o das \u00f3rteses no contexto cl\u00ednico.<\/p>\n\n\n\n<figure class=\"wp-block-gallery has-nested-images columns-default is-cropped wp-block-gallery-1 is-layout-flex wp-block-gallery-is-layout-flex\">\n<figure class=\"wp-block-image size-large is-resized\"><img loading=\"lazy\" decoding=\"async\" width=\"721\" height=\"576\" data-id=\"3696\" src=\"https:\/\/sites.uel.br\/hu-londrina\/wp-content\/uploads\/2026\/04\/image-14.png\" alt=\"\" class=\"wp-image-3696\" style=\"object-fit:cover;width:500px\" srcset=\"https:\/\/sites.uel.br\/hu-londrina\/wp-content\/uploads\/2026\/04\/image-14.png 721w, https:\/\/sites.uel.br\/hu-londrina\/wp-content\/uploads\/2026\/04\/image-14-300x240.png 300w\" sizes=\"auto, (max-width: 721px) 100vw, 721px\" \/><\/figure>\n\n\n\n<figure class=\"wp-block-image size-large is-resized\"><img loading=\"lazy\" decoding=\"async\" width=\"1024\" height=\"819\" data-id=\"3698\" src=\"https:\/\/sites.uel.br\/hu-londrina\/wp-content\/uploads\/2026\/04\/image-15-1024x819.png\" alt=\"\" class=\"wp-image-3698\" style=\"width:500px\" srcset=\"https:\/\/sites.uel.br\/hu-londrina\/wp-content\/uploads\/2026\/04\/image-15-1024x819.png 1024w, https:\/\/sites.uel.br\/hu-londrina\/wp-content\/uploads\/2026\/04\/image-15-300x240.png 300w, https:\/\/sites.uel.br\/hu-londrina\/wp-content\/uploads\/2026\/04\/image-15-768x614.png 768w, https:\/\/sites.uel.br\/hu-londrina\/wp-content\/uploads\/2026\/04\/image-15.png 1198w\" sizes=\"auto, (max-width: 1024px) 100vw, 1024px\" \/><\/figure>\n<\/figure>\n\n\n\n<p>A iniciativa surgiu a partir de uma demanda do corpo efetivo da Fisioterapia e, com apoio financeiro do HU, foi disponibilizada a profissionais de todas as \u00e1reas, incluindo corpo efetivo, docentes e residentes. Por se tratar de uma capacita\u00e7\u00e3o pr\u00e1tica, a turma contou com 16 participantes, garantindo melhor aproveitamento das atividades.<\/p>\n\n\n\n<p>Mais do que uma atualiza\u00e7\u00e3o t\u00e9cnica, o curso representa um movimento coletivo de busca por qualifica\u00e7\u00e3o e aprimoramento do cuidado. A a\u00e7\u00e3o contribui para ampliar os recursos terap\u00eauticos dispon\u00edveis e fortalecer a assist\u00eancia prestada aos pacientes, alinhada \u00e0s pr\u00e1ticas de educa\u00e7\u00e3o permanente do HU.<\/p>\n\n\n\n<p><\/p>\n","protected":false},"excerpt":{"rendered":"<p>A a\u00e7\u00e3o contribui para ampliar os recursos terap\u00eauticos dispon\u00edveis e fortalecer a assist\u00eancia prestada aos pacientes, alinhada \u00e0s pr\u00e1ticas de educa\u00e7\u00e3o permanente do HU.<\/p>\n","protected":false},"author":9,"featured_media":3695,"comment_status":"open","ping_status":"open","sticky":false,"template":"","format":"standard","meta":{"_acf_changed":false,"footnotes":""},"categories":[3],"tags":[],"class_list":["post-3694","post","type-post","status-publish","format-standard","has-post-thumbnail","hentry","category-categoria-noticias"],"acf":[],"_links":{"self":[{"href":"https:\/\/sites.uel.br\/hu-londrina\/wp-json\/wp\/v2\/posts\/3694","targetHints":{"allow":["GET"]}}],"collection":[{"href":"https:\/\/sites.uel.br\/hu-londrina\/wp-json\/wp\/v2\/posts"}],"about":[{"href":"https:\/\/sites.uel.br\/hu-londrina\/wp-json\/wp\/v2\/types\/post"}],"author":[{"embeddable":true,"href":"https:\/\/sites.uel.br\/hu-londrina\/wp-json\/wp\/v2\/users\/9"}],"replies":[{"embeddable":true,"href":"https:\/\/sites.uel.br\/hu-londrina\/wp-json\/wp\/v2\/comments?post=3694"}],"version-history":[{"count":2,"href":"https:\/\/sites.uel.br\/hu-londrina\/wp-json\/wp\/v2\/posts\/3694\/revisions"}],"predecessor-version":[{"id":3699,"href":"https:\/\/sites.uel.br\/hu-londrina\/wp-json\/wp\/v2\/posts\/3694\/revisions\/3699"}],"wp:featuredmedia":[{"embeddable":true,"href":"https:\/\/sites.uel.br\/hu-londrina\/wp-json\/wp\/v2\/media\/3695"}],"wp:attachment":[{"href":"https:\/\/sites.uel.br\/hu-londrina\/wp-json\/wp\/v2\/media?parent=3694"}],"wp:term":[{"taxonomy":"category","embeddable":true,"href":"https:\/\/sites.uel.br\/hu-londrina\/wp-json\/wp\/v2\/categories?post=3694"},{"taxonomy":"post_tag","embeddable":true,"href":"https:\/\/sites.uel.br\/hu-londrina\/wp-json\/wp\/v2\/tags?post=3694"}],"curies":[{"name":"wp","href":"https:\/\/api.w.org\/{rel}","templated":true}]}}