{"id":3680,"date":"2026-04-29T14:07:02","date_gmt":"2026-04-29T17:07:02","guid":{"rendered":"https:\/\/sites.uel.br\/hu-londrina\/?p=3680"},"modified":"2026-04-29T14:07:02","modified_gmt":"2026-04-29T17:07:02","slug":"banco-de-olhos-do-hu-uel-realiza-curso-de-captacao-de-tecidos-oculares-e-reforca-importancia-da-doacao-de-orgaos","status":"publish","type":"post","link":"https:\/\/sites.uel.br\/hu-londrina\/categoria-noticias\/2026\/04\/29\/banco-de-olhos-do-hu-uel-realiza-curso-de-captacao-de-tecidos-oculares-e-reforca-importancia-da-doacao-de-orgaos\/","title":{"rendered":"Banco de Olhos do HU-UEL realiza curso de capta\u00e7\u00e3o de tecidos oculares e refor\u00e7a import\u00e2ncia da doa\u00e7\u00e3o de \u00f3rg\u00e3os"},"content":{"rendered":"\n<p>O Banco de Olhos Regional de Londrina do HU-UEL promoveu o XV Curso de Capacita\u00e7\u00e3o para Capta\u00e7\u00e3o de Tecidos Oculares Humanos, que objetiva capacitar, formar e conscientizar profissionais, est\u00e1 a\u00e7\u00e3o \u00e9 fundamental para ampliar transplantes de c\u00f3rnea no Brasil.<\/p>\n\n\n\n<p>A iniciativa marcou tamb\u00e9m os 15 anos de atua\u00e7\u00e3o do Banco de Olhos e re\u00fane profissionais de sa\u00fade de Londrina e Maring\u00e1 com o objetivo de qualificar equipes para a capta\u00e7\u00e3o de tecidos oculares, etapa essencial para a realiza\u00e7\u00e3o de transplantes de c\u00f3rnea.<\/p>\n\n\n\n<p>A participa\u00e7\u00e3o envolveu m\u00e9dicos residentes, enfermeiros, biol\u00f3gos e biom\u00e9dicos que passam por forma\u00e7\u00e3o te\u00f3rica e pr\u00e1tica, fortalecendo a qualifica\u00e7\u00e3o profissional e ampliando a capacidade de atendimento \u00e0 popula\u00e7\u00e3o. A programa\u00e7\u00e3o contou com conte\u00fados como sistema nacional de transplantes, t\u00e9cnicas de capta\u00e7\u00e3o, sele\u00e7\u00e3o de doadores e indica\u00e7\u00f5es para transplante de c\u00f3rnea.<\/p>\n\n\n\n<figure class=\"wp-block-gallery has-nested-images columns-default is-cropped wp-block-gallery-1 is-layout-flex wp-block-gallery-is-layout-flex\">\n<figure class=\"wp-block-image size-large is-resized\"><img loading=\"lazy\" decoding=\"async\" width=\"1024\" height=\"683\" data-id=\"3683\" src=\"https:\/\/sites.uel.br\/hu-londrina\/wp-content\/uploads\/2026\/04\/Capacitacao-BOL-04-2-1024x683.jpg\" alt=\"\" class=\"wp-image-3683\" style=\"width:500px\" srcset=\"https:\/\/sites.uel.br\/hu-londrina\/wp-content\/uploads\/2026\/04\/Capacitacao-BOL-04-2-1024x683.jpg 1024w, https:\/\/sites.uel.br\/hu-londrina\/wp-content\/uploads\/2026\/04\/Capacitacao-BOL-04-2-300x200.jpg 300w, https:\/\/sites.uel.br\/hu-londrina\/wp-content\/uploads\/2026\/04\/Capacitacao-BOL-04-2-768x512.jpg 768w, https:\/\/sites.uel.br\/hu-londrina\/wp-content\/uploads\/2026\/04\/Capacitacao-BOL-04-2-1536x1024.jpg 1536w, https:\/\/sites.uel.br\/hu-londrina\/wp-content\/uploads\/2026\/04\/Capacitacao-BOL-04-2-2048x1366.jpg 2048w\" sizes=\"auto, (max-width: 1024px) 100vw, 1024px\" \/><figcaption class=\"wp-element-caption\">Dra. Ana Paula Oguido<br><\/figcaption><\/figure>\n\n\n\n<figure class=\"wp-block-image size-large is-resized\"><img loading=\"lazy\" decoding=\"async\" width=\"1024\" height=\"682\" data-id=\"3684\" src=\"https:\/\/sites.uel.br\/hu-londrina\/wp-content\/uploads\/2026\/04\/Capacitacao-BOL-07-1024x682.jpg\" alt=\"\" class=\"wp-image-3684\" style=\"width:500px\" srcset=\"https:\/\/sites.uel.br\/hu-londrina\/wp-content\/uploads\/2026\/04\/Capacitacao-BOL-07-1024x682.jpg 1024w, https:\/\/sites.uel.br\/hu-londrina\/wp-content\/uploads\/2026\/04\/Capacitacao-BOL-07-300x200.jpg 300w, https:\/\/sites.uel.br\/hu-londrina\/wp-content\/uploads\/2026\/04\/Capacitacao-BOL-07-768x512.jpg 768w, https:\/\/sites.uel.br\/hu-londrina\/wp-content\/uploads\/2026\/04\/Capacitacao-BOL-07-1536x1024.jpg 1536w, https:\/\/sites.uel.br\/hu-londrina\/wp-content\/uploads\/2026\/04\/Capacitacao-BOL-07-2048x1365.jpg 2048w\" sizes=\"auto, (max-width: 1024px) 100vw, 1024px\" \/><figcaption class=\"wp-element-caption\">Dra. Isadora Camerlingo Jos\u00e9<br><\/figcaption><\/figure>\n<\/figure>\n\n\n\n<p>Al\u00e9m da capacita\u00e7\u00e3o t\u00e9cnica, a a\u00e7\u00e3o refor\u00e7a um tema de grande relev\u00e2ncia para a sa\u00fade p\u00fablica: A doa\u00e7\u00e3o de \u00f3rg\u00e3os e tecidos. O transplante de c\u00f3rnea \u00e9 um procedimento que pode devolver a vis\u00e3o a milhares de pessoas, mas ainda depende da conscientiza\u00e7\u00e3o da popula\u00e7\u00e3o e da autoriza\u00e7\u00e3o familiar para a doa\u00e7\u00e3o.<\/p>\n\n\n\n<p>\u201cA forma\u00e7\u00e3o de profissionais qualificados \u00e9 fundamental, mas a doa\u00e7\u00e3o de \u00f3rg\u00e3os \u00e9 o que realmente possibilita transformar vidas. Falar sobre isso, orientar e sensibilizar a sociedade \u00e9 t\u00e3o importante quanto \u00e0 t\u00e9cnica\u201d, destaca a m\u00e9dica, Ana Paula Oguido respons\u00e1vel t\u00e9cnica pelo Banco de Olhos e coordenadora da resid\u00eancia em transplante de c\u00f3rnea do HU-UEL.<\/p>\n\n\n\n<p>As atividades pr\u00e1ticas do curso acontecer\u00e3o, de forma supervisionada, \u00e0 medida que acontecerem capta\u00e7\u00f5es de tecidos oculares, ampliando a experi\u00eancia dos participantes e fortalecendo a rede de profissionais capacitados na regi\u00e3o.<\/p>\n","protected":false},"excerpt":{"rendered":"<p>O curso objetiva capacitar, formar e conscientizar profissionais.<\/p>\n","protected":false},"author":9,"featured_media":3685,"comment_status":"open","ping_status":"open","sticky":false,"template":"","format":"standard","meta":{"_acf_changed":false,"footnotes":""},"categories":[3],"tags":[],"class_list":["post-3680","post","type-post","status-publish","format-standard","has-post-thumbnail","hentry","category-categoria-noticias"],"acf":[],"_links":{"self":[{"href":"https:\/\/sites.uel.br\/hu-londrina\/wp-json\/wp\/v2\/posts\/3680","targetHints":{"allow":["GET"]}}],"collection":[{"href":"https:\/\/sites.uel.br\/hu-londrina\/wp-json\/wp\/v2\/posts"}],"about":[{"href":"https:\/\/sites.uel.br\/hu-londrina\/wp-json\/wp\/v2\/types\/post"}],"author":[{"embeddable":true,"href":"https:\/\/sites.uel.br\/hu-londrina\/wp-json\/wp\/v2\/users\/9"}],"replies":[{"embeddable":true,"href":"https:\/\/sites.uel.br\/hu-londrina\/wp-json\/wp\/v2\/comments?post=3680"}],"version-history":[{"count":1,"href":"https:\/\/sites.uel.br\/hu-londrina\/wp-json\/wp\/v2\/posts\/3680\/revisions"}],"predecessor-version":[{"id":3686,"href":"https:\/\/sites.uel.br\/hu-londrina\/wp-json\/wp\/v2\/posts\/3680\/revisions\/3686"}],"wp:featuredmedia":[{"embeddable":true,"href":"https:\/\/sites.uel.br\/hu-londrina\/wp-json\/wp\/v2\/media\/3685"}],"wp:attachment":[{"href":"https:\/\/sites.uel.br\/hu-londrina\/wp-json\/wp\/v2\/media?parent=3680"}],"wp:term":[{"taxonomy":"category","embeddable":true,"href":"https:\/\/sites.uel.br\/hu-londrina\/wp-json\/wp\/v2\/categories?post=3680"},{"taxonomy":"post_tag","embeddable":true,"href":"https:\/\/sites.uel.br\/hu-londrina\/wp-json\/wp\/v2\/tags?post=3680"}],"curies":[{"name":"wp","href":"https:\/\/api.w.org\/{rel}","templated":true}]}}