{"id":3655,"date":"2026-04-27T13:17:37","date_gmt":"2026-04-27T16:17:37","guid":{"rendered":"https:\/\/sites.uel.br\/hu-londrina\/?p=3655"},"modified":"2026-04-27T13:21:40","modified_gmt":"2026-04-27T16:21:40","slug":"3655","status":"publish","type":"post","link":"https:\/\/sites.uel.br\/hu-londrina\/categoria-noticias\/2026\/04\/27\/3655\/","title":{"rendered":"HU-UEL recebe Certificado de Ades\u00e3o Plena das Boas Pr\u00e1ticas de Seguran\u00e7a da ANVISA"},"content":{"rendered":"\n<p>O Hospital Universit\u00e1rio da Universidade Estadual de Londrina (HU-UEL) conquistou, pelo terceiro ano consecutivo, a Certifica\u00e7\u00e3o de \u201cAdes\u00e3o Plena\u201d \u00e0s Pr\u00e1ticas de Seguran\u00e7a do Paciente, concedida pela Ag\u00eancia Nacional de Vigil\u00e2ncia Sanit\u00e1ria (ANVISA), referente ao ciclo de avalia\u00e7\u00e3o de 2025. O HU-UEL foi o \u00fanico hospital da macrorregi\u00e3o Norte a receber o Certificado.<\/p>\n\n\n<div class=\"wp-block-image\">\n<figure class=\"aligncenter size-full is-resized\"><img loading=\"lazy\" decoding=\"async\" width=\"738\" height=\"591\" src=\"https:\/\/sites.uel.br\/hu-londrina\/wp-content\/uploads\/2026\/04\/image-4.png\" alt=\"\" class=\"wp-image-3656\" style=\"width:734px\" srcset=\"https:\/\/sites.uel.br\/hu-londrina\/wp-content\/uploads\/2026\/04\/image-4.png 738w, https:\/\/sites.uel.br\/hu-londrina\/wp-content\/uploads\/2026\/04\/image-4-300x240.png 300w\" sizes=\"auto, (max-width: 738px) 100vw, 738px\" \/><\/figure>\n<\/div>\n\n\n<p>O reconhecimento foi oficializado em 24 de abril, por meio da Diretoria de Aten\u00e7\u00e3o e Vigil\u00e2ncia em Sa\u00fade e do N\u00facleo Estadual de Seguran\u00e7a do Paciente, vinculados \u00e0 Secretaria de Estado da Sa\u00fade do Paran\u00e1 (SESA-PR).<\/p>\n\n\n\n<p>A Certifica\u00e7\u00e3o representa o mais alto n\u00edvel de conformidade e \u00e9 atribu\u00edda a hospitais com Unidade de Terapia Intensiva que atingem 100% de adequa\u00e7\u00e3o aos crit\u00e9rios da Avalia\u00e7\u00e3o Nacional de Pr\u00e1ticas de Seguran\u00e7a do Paciente. Realizada anualmente desde 2016, essa avalia\u00e7\u00e3o integra o Plano Integrado de Gest\u00e3o Sanit\u00e1ria da Seguran\u00e7a do Paciente (2026\u20132030) e constitui um importante instrumento para o fortalecimento da cultura de seguran\u00e7a e da qualidade nos servi\u00e7os de sa\u00fade.<\/p>\n\n\n\n<p>Ao todo, foram analisados 21 indicadores estruturais e operacionais, que estabelecem diretrizes para a implementa\u00e7\u00e3o de a\u00e7\u00f5es voltadas \u00e0 seguran\u00e7a do paciente. Com esse desempenho, o HU-UEL passa a integrar o seleto grupo de 13 institui\u00e7\u00f5es hospitalares do Paran\u00e1 reconhecidas pela excel\u00eancia em pr\u00e1ticas de seguran\u00e7a do paciente.<\/p>\n\n\n<div class=\"wp-block-image\">\n<figure class=\"aligncenter size-large is-resized\"><img loading=\"lazy\" decoding=\"async\" width=\"1024\" height=\"724\" src=\"https:\/\/sites.uel.br\/hu-londrina\/wp-content\/uploads\/2026\/04\/image-6-1024x724.png\" alt=\"\" class=\"wp-image-3658\" style=\"width:734px\" srcset=\"https:\/\/sites.uel.br\/hu-londrina\/wp-content\/uploads\/2026\/04\/image-6-1024x724.png 1024w, https:\/\/sites.uel.br\/hu-londrina\/wp-content\/uploads\/2026\/04\/image-6-300x212.png 300w, https:\/\/sites.uel.br\/hu-londrina\/wp-content\/uploads\/2026\/04\/image-6-768x543.png 768w, https:\/\/sites.uel.br\/hu-londrina\/wp-content\/uploads\/2026\/04\/image-6-1536x1086.png 1536w, https:\/\/sites.uel.br\/hu-londrina\/wp-content\/uploads\/2026\/04\/image-6.png 1600w\" sizes=\"auto, (max-width: 1024px) 100vw, 1024px\" \/><\/figure>\n<\/div>\n\n\n<p>\u201cEssa Certifica\u00e7\u00e3o representa o reconhecimento do compromisso do HU-UEL com a seguran\u00e7a do paciente e a excel\u00eancia na qualidade do cuidado. \u00c9 fruto do trabalho conjunto e dedicado de toda a nossa equipe, que atua com responsabilidade e alinhamento \u00e0s melhores pr\u00e1ticas em sa\u00fade\u201d, destacou a superintendente em exerc\u00edcio, Daiane Cardoso.<\/p>\n\n\n\n<p>O resultado reflete o esfor\u00e7o integrado de todas as unidades assistenciais do Hospital, reafirmando o compromisso com a promo\u00e7\u00e3o de uma assist\u00eancia cada vez mais segura, eficiente e humanizada, alinhadas \u00e0 pol\u00edtica interna de seguran\u00e7a do paciente.<\/p>\n\n\n\n<p><\/p>\n","protected":false},"excerpt":{"rendered":"<p>A certifica\u00e7\u00e3o \u00e9 conquistada pelo terceiro ano consecutivo, o HU-UEL foi o \u00fanico hospital da macrorregi\u00e3o norte a receber o certificado.<\/p>\n","protected":false},"author":9,"featured_media":3656,"comment_status":"open","ping_status":"open","sticky":false,"template":"","format":"standard","meta":{"_acf_changed":false,"footnotes":""},"categories":[3],"tags":[],"class_list":["post-3655","post","type-post","status-publish","format-standard","has-post-thumbnail","hentry","category-categoria-noticias"],"acf":[],"_links":{"self":[{"href":"https:\/\/sites.uel.br\/hu-londrina\/wp-json\/wp\/v2\/posts\/3655","targetHints":{"allow":["GET"]}}],"collection":[{"href":"https:\/\/sites.uel.br\/hu-londrina\/wp-json\/wp\/v2\/posts"}],"about":[{"href":"https:\/\/sites.uel.br\/hu-londrina\/wp-json\/wp\/v2\/types\/post"}],"author":[{"embeddable":true,"href":"https:\/\/sites.uel.br\/hu-londrina\/wp-json\/wp\/v2\/users\/9"}],"replies":[{"embeddable":true,"href":"https:\/\/sites.uel.br\/hu-londrina\/wp-json\/wp\/v2\/comments?post=3655"}],"version-history":[{"count":2,"href":"https:\/\/sites.uel.br\/hu-londrina\/wp-json\/wp\/v2\/posts\/3655\/revisions"}],"predecessor-version":[{"id":3660,"href":"https:\/\/sites.uel.br\/hu-londrina\/wp-json\/wp\/v2\/posts\/3655\/revisions\/3660"}],"wp:featuredmedia":[{"embeddable":true,"href":"https:\/\/sites.uel.br\/hu-londrina\/wp-json\/wp\/v2\/media\/3656"}],"wp:attachment":[{"href":"https:\/\/sites.uel.br\/hu-londrina\/wp-json\/wp\/v2\/media?parent=3655"}],"wp:term":[{"taxonomy":"category","embeddable":true,"href":"https:\/\/sites.uel.br\/hu-londrina\/wp-json\/wp\/v2\/categories?post=3655"},{"taxonomy":"post_tag","embeddable":true,"href":"https:\/\/sites.uel.br\/hu-londrina\/wp-json\/wp\/v2\/tags?post=3655"}],"curies":[{"name":"wp","href":"https:\/\/api.w.org\/{rel}","templated":true}]}}