{"id":694,"date":"2024-11-24T13:04:04","date_gmt":"2024-11-24T16:04:04","guid":{"rendered":"https:\/\/sites.uel.br\/estomatologia\/?p=694"},"modified":"2025-02-13T11:22:41","modified_gmt":"2025-02-13T14:22:41","slug":"anais-de-encontros-de-estomatologia-e-patologia-oral-do-interior-do-parana","status":"publish","type":"post","link":"https:\/\/sites.uel.br\/estomatologia\/publicacoes\/2024\/11\/24\/anais-de-encontros-de-estomatologia-e-patologia-oral-do-interior-do-parana\/","title":{"rendered":"Anais de Encontros de Estomatologia e Patologia Oral do Interior do Paran\u00e1"},"content":{"rendered":"\n<div style=\"height:15px\" aria-hidden=\"true\" class=\"wp-block-spacer\"><\/div>\n\n\n\n<p class=\"has-medium-font-size\">Os Anais dos Encontros de Estomatologia e Patologia Oral do Interior do Paran\u00e1 s\u00e3o uma rica fonte de conhecimento para os profissionais e estudantes da \u00e1rea da sa\u00fade. Estes documentos cont\u00eam resumos de apresenta\u00e7\u00f5es realizadas, contendo estudos e pesquisas em diversas \u00e1reas da odontologia, oferecendo um material importante sobre a preven\u00e7\u00e3o, diagn\u00f3stico, progn\u00f3stico e tratamento de doen\u00e7as bucais.<\/p>\n\n\n\n<p class=\"has-medium-font-size\">Os anais est\u00e3o dispon\u00edveis para download, onde voc\u00ea pode acessar e baixar os documentos completos.<\/p>\n\n\n\n<div style=\"height:1px\" aria-hidden=\"true\" class=\"wp-block-spacer\"><\/div>\n\n\n\n<hr class=\"wp-block-separator has-text-color has-cinza-claro-color has-alpha-channel-opacity has-cinza-claro-background-color has-background is-style-wide\" \/>\n\n\n\n<div style=\"height:22px\" aria-hidden=\"true\" class=\"wp-block-spacer\"><\/div>\n\n\n\n<p style=\"font-size:16px\"><strong>Anais do VII Encontro de Estomatologia e Patologia Oral do Interior do Paran\u00e1 2024 &#8211; <a href=\"https:\/\/sites.uel.br\/estomatologia\/wp-content\/uploads\/2024\/11\/2024.pdf\" data-type=\"attachment\" data-id=\"719\">Acesse PDF<\/a><br><br>Anais do VI Encontro de Estomatologia e Patologia Oral do Interior do Paran\u00e1 2022 &#8211; <a href=\"https:\/\/sites.uel.br\/estomatologia\/wp-content\/uploads\/2024\/11\/2022.pdf\" data-type=\"attachment\" data-id=\"718\">Acesse PDF<\/a><br><br>Anais do V Encontro de Estomatologia e Patologia Oral do Interior do Paran\u00e1 2021 &#8211; <a href=\"https:\/\/sites.uel.br\/estomatologia\/wp-content\/uploads\/2024\/11\/2021.pdf\" data-type=\"attachment\" data-id=\"715\">Acesse PDF<\/a><br><br>Anais do IV Encontro de Estomatologia e Patologia Oral do Interior do Paran\u00e1 2019 &#8211; <a href=\"https:\/\/sites.uel.br\/estomatologia\/wp-content\/uploads\/2024\/11\/2019.pdf\" data-type=\"attachment\" data-id=\"712\">Acesse PDF<\/a><br><br>Anais do III Encontro de Estomatologia e Patologia Oral do Interior do Paran\u00e1 2018 &#8211; <a href=\"https:\/\/sites.uel.br\/estomatologia\/wp-content\/uploads\/2024\/11\/2018.pdf\" data-type=\"attachment\" data-id=\"709\">Acesse PDF<\/a><br><br>Anais do II Encontro de Estomatologia e Patologia Oral do Interior do Paran\u00e1 2017 &#8211; <a href=\"https:\/\/sites.uel.br\/estomatologia\/wp-content\/uploads\/2024\/11\/2017.pdf\" data-type=\"attachment\" data-id=\"705\">Acesse PDF<\/a><br><br>Anais do I Encontro de Estomatologia e Patologia Oral do Interior do Paran\u00e1 2016 &#8211; <a href=\"https:\/\/sites.uel.br\/estomatologia\/wp-content\/uploads\/2024\/11\/2016.pdf\" data-type=\"attachment\" data-id=\"696\">Acesse PDF<\/a><\/strong><\/p>\n\n\n\n<div style=\"height:1px\" aria-hidden=\"true\" class=\"wp-block-spacer\"><\/div>\n\n\n\n<hr class=\"wp-block-separator has-text-color has-cinza-claro-color has-alpha-channel-opacity has-cinza-claro-background-color has-background is-style-wide\" \/>\n","protected":false},"excerpt":{"rendered":"<p>Os Anais dos Encontros de Estomatologia e Patologia Oral do Interior do Paran\u00e1 s\u00e3o uma rica fonte de conhecimento para os profissionais e estudantes da \u00e1rea da sa\u00fade. Estes documentos cont\u00eam resumos de apresenta\u00e7\u00f5es realizadas, contendo estudos e pesquisas em diversas \u00e1reas da odontologia, oferecendo um material importante sobre a preven\u00e7\u00e3o, diagn\u00f3stico, progn\u00f3stico e tratamento [&hellip;]<\/p>\n","protected":false},"author":9,"featured_media":742,"comment_status":"open","ping_status":"open","sticky":false,"template":"","format":"standard","meta":{"_acf_changed":false,"footnotes":""},"categories":[35],"tags":[],"class_list":["post-694","post","type-post","status-publish","format-standard","has-post-thumbnail","hentry","category-publicacoes"],"acf":[],"_links":{"self":[{"href":"https:\/\/sites.uel.br\/estomatologia\/wp-json\/wp\/v2\/posts\/694","targetHints":{"allow":["GET"]}}],"collection":[{"href":"https:\/\/sites.uel.br\/estomatologia\/wp-json\/wp\/v2\/posts"}],"about":[{"href":"https:\/\/sites.uel.br\/estomatologia\/wp-json\/wp\/v2\/types\/post"}],"author":[{"embeddable":true,"href":"https:\/\/sites.uel.br\/estomatologia\/wp-json\/wp\/v2\/users\/9"}],"replies":[{"embeddable":true,"href":"https:\/\/sites.uel.br\/estomatologia\/wp-json\/wp\/v2\/comments?post=694"}],"version-history":[{"count":87,"href":"https:\/\/sites.uel.br\/estomatologia\/wp-json\/wp\/v2\/posts\/694\/revisions"}],"predecessor-version":[{"id":1992,"href":"https:\/\/sites.uel.br\/estomatologia\/wp-json\/wp\/v2\/posts\/694\/revisions\/1992"}],"wp:featuredmedia":[{"embeddable":true,"href":"https:\/\/sites.uel.br\/estomatologia\/wp-json\/wp\/v2\/media\/742"}],"wp:attachment":[{"href":"https:\/\/sites.uel.br\/estomatologia\/wp-json\/wp\/v2\/media?parent=694"}],"wp:term":[{"taxonomy":"category","embeddable":true,"href":"https:\/\/sites.uel.br\/estomatologia\/wp-json\/wp\/v2\/categories?post=694"},{"taxonomy":"post_tag","embeddable":true,"href":"https:\/\/sites.uel.br\/estomatologia\/wp-json\/wp\/v2\/tags?post=694"}],"curies":[{"name":"wp","href":"https:\/\/api.w.org\/{rel}","templated":true}]}}