{"id":68,"date":"2026-08-28T14:18:54","date_gmt":"2026-08-28T17:18:54","guid":{"rendered":"https:\/\/sites.uel.br\/eleicao-diretor-centro\/?p=68"},"modified":"2026-08-28T15:25:17","modified_gmt":"2026-08-28T18:25:17","slug":"conselho-universitario-aprova-regras-para-eleicoes-de-diretores-e-vice-diretores-de-centro","status":"publish","type":"post","link":"https:\/\/sites.uel.br\/eleicao-diretor-centro\/sem-categoria\/2026\/08\/28\/conselho-universitario-aprova-regras-para-eleicoes-de-diretores-e-vice-diretores-de-centro\/","title":{"rendered":"Conselho Universit\u00e1rio aprova regras para elei\u00e7\u00f5es de diretores e vice-diretores de Centro"},"content":{"rendered":"\n<p class=\"wp-block-paragraph\">O Conselho Universit\u00e1rio (CU) da UEL aprovou, na \u00faltima semana, o Regimento Eleitoral para o pleito que vai eleger os novos diretores e vice-diretores dos nove centros de estudos. Pela primeira vez, a elei\u00e7\u00e3o ser\u00e1 realizada em formato online, via sistema Saele, &#8230;&#8230;&#8230;&#8230;&#8230;&#8230;. As chapas eleitas tomam posse em 10 de outubro para mandato quatro anos.<\/p>\n\n\n\n<p class=\"wp-block-paragraph\">A elei\u00e7\u00e3o ter\u00e1 voto parit\u00e1rio-proporcional entre as tr\u00eas categorias de professores, agentes universit\u00e1rios e estudantes. Tem direito a voto professores e agentes lotados no respectivo Centro de Estudos, al\u00e9m dos estudantes de gradua\u00e7\u00e3o e de p\u00f3s-gradua\u00e7\u00e3o.<\/p>\n\n\n\n<p class=\"wp-block-paragraph\">De acordo com o Regimento, professores interessados em concorrer dever\u00e3o registrar as chapas nos dias&#8230;&#8230;&#8230;..de &#8230;&#8230;m\u00eas&#8230;&#8230;, junto \u00e0 Divis\u00e3o de Protocolo (SAUEL). A peti\u00e7\u00e3o de registro dever\u00e1 estar instru\u00edda com documentos oficiais emitidos pela Pr\u00f3-Reitoria de Recursos Humanos (Prorh), comprovando o registro de professor.<\/p>\n","protected":false},"excerpt":{"rendered":"<p>O Conselho Universit\u00e1rio (CU) da UEL aprovou, na \u00faltima semana, o Regimento Eleitoral para o pleito que vai eleger os novos diretores e vice-diretores dos nove centros de estudos. Pela primeira vez, a elei\u00e7\u00e3o ser\u00e1 realizada em formato online, via sistema Saele, &#8230;&#8230;&#8230;&#8230;&#8230;&#8230;. As chapas eleitas tomam posse em 10 de outubro para mandato quatro [&hellip;]<\/p>\n","protected":false},"author":6,"featured_media":0,"comment_status":"open","ping_status":"open","sticky":false,"template":"","format":"standard","meta":{"_acf_changed":false,"_themeisle_gutenberg_block_has_review":false,"footnotes":"","_members_access_role":[],"_members_access_error":""},"categories":[1],"tags":[],"class_list":["post-68","post","type-post","status-publish","format-standard","hentry","category-sem-categoria"],"acf":[],"_links":{"self":[{"href":"https:\/\/sites.uel.br\/eleicao-diretor-centro\/wp-json\/wp\/v2\/posts\/68","targetHints":{"allow":["GET"]}}],"collection":[{"href":"https:\/\/sites.uel.br\/eleicao-diretor-centro\/wp-json\/wp\/v2\/posts"}],"about":[{"href":"https:\/\/sites.uel.br\/eleicao-diretor-centro\/wp-json\/wp\/v2\/types\/post"}],"author":[{"embeddable":true,"href":"https:\/\/sites.uel.br\/eleicao-diretor-centro\/wp-json\/wp\/v2\/users\/6"}],"replies":[{"embeddable":true,"href":"https:\/\/sites.uel.br\/eleicao-diretor-centro\/wp-json\/wp\/v2\/comments?post=68"}],"version-history":[{"count":3,"href":"https:\/\/sites.uel.br\/eleicao-diretor-centro\/wp-json\/wp\/v2\/posts\/68\/revisions"}],"predecessor-version":[{"id":78,"href":"https:\/\/sites.uel.br\/eleicao-diretor-centro\/wp-json\/wp\/v2\/posts\/68\/revisions\/78"}],"wp:attachment":[{"href":"https:\/\/sites.uel.br\/eleicao-diretor-centro\/wp-json\/wp\/v2\/media?parent=68"}],"wp:term":[{"taxonomy":"category","embeddable":true,"href":"https:\/\/sites.uel.br\/eleicao-diretor-centro\/wp-json\/wp\/v2\/categories?post=68"},{"taxonomy":"post_tag","embeddable":true,"href":"https:\/\/sites.uel.br\/eleicao-diretor-centro\/wp-json\/wp\/v2\/tags?post=68"}],"curies":[{"name":"wp","href":"https:\/\/api.w.org\/{rel}","templated":true}]}}