{"id":201,"date":"2026-03-03T09:40:39","date_gmt":"2026-03-03T12:40:39","guid":{"rendered":"https:\/\/sites.uel.br\/clinicapsicologica\/?p=201"},"modified":"2026-03-03T09:41:08","modified_gmt":"2026-03-03T12:41:08","slug":"a-psicoterapia-na-clinica-psicologica-da-uel-e-a-formacao-em-psicologia-clinica-fase-2","status":"publish","type":"post","link":"https:\/\/sites.uel.br\/clinicapsicologica\/sem-categoria\/2026\/03\/03\/a-psicoterapia-na-clinica-psicologica-da-uel-e-a-formacao-em-psicologia-clinica-fase-2\/","title":{"rendered":"A Psicoterapia na Cl\u00ednica Psicol\u00f3gica da UEL e a Forma\u00e7\u00e3o em Psicologia Cl\u00ednica &#8211; Fase 2"},"content":{"rendered":"\n<p><strong>INTRODU\u00c7\u00c3O<\/strong> \u00c9 o projeto de extens\u00e3o <strong>&#8220;A Psicoterapia na Cl\u00ednica Psicol\u00f3gica da UEL e a Forma\u00e7\u00e3o em Psicologia Cl\u00ednica&nbsp; Fase 2&#8221;<\/strong>.&nbsp;<\/p>\n\n\n\n<p><strong>PROFESSORA RESPONS\u00c1VEL: <\/strong>prof.<strong> <\/strong>Dra. Ana Claudia Barbosa da Silva Roosli.<\/p>\n\n\n\n<p><strong>TIPO DE ATENDIMENTO:<\/strong> Oferece <strong>psicoterapia<\/strong> (individual ou em grupo, conforme a necessidade), realizada sob o modelo de <strong>cl\u00ednica-escola<\/strong>. Os atendimentos s\u00e3o conduzidos por estudantes estagi\u00e1rios de Psicologia sob a supervis\u00e3o direta de docentes qualificados.<\/p>\n\n\n\n<p><strong>OBJETIVO:<\/strong> Promover a sa\u00fade mental da popula\u00e7\u00e3o e o acolhimento do sofrimento ps\u00edquico, assegurando, simultaneamente, a forma\u00e7\u00e3o t\u00e9cnica e \u00e9tica dos alunos por meio da aplica\u00e7\u00e3o pr\u00e1tica do conhecimento cient\u00edfico.<\/p>\n\n\n\n<p><strong>P\u00daBLICO-ALVO:<\/strong> Comunidade externa (Londrina e regi\u00e3o) e comunidade interna da UEL (alunos, professores e servidores) que necessitam de suporte psicol\u00f3gico.<\/p>\n\n\n\n<p><strong>COMO FAZER PARA PARTICIPAR:<\/strong> Os interessados devem se inscrever na Cl\u00ednica em datas previamente definidas, para inclus\u00e3o na fila de espera. O atendimento depende da abertura de vagas para o atendimento.<\/p>\n\n\n\n<p><strong>PRAZO DE T\u00c9RMINO DO PROJETO:<\/strong> Projetos de extens\u00e3o possuem renova\u00e7\u00f5es peri\u00f3dicas (anuais ou bienais) via Proex\/UEL. O t\u00e9rmino est\u00e1 previsto para 20.12.2026.&nbsp;<\/p>\n","protected":false},"excerpt":{"rendered":"<p>INTRODU\u00c7\u00c3O \u00c9 o projeto de extens\u00e3o &#8220;A Psicoterapia na Cl\u00ednica Psicol\u00f3gica da UEL e a Forma\u00e7\u00e3o em Psicologia Cl\u00ednica&nbsp; Fase 2&#8221;.&nbsp; PROFESSORA RESPONS\u00c1VEL: prof. Dra. Ana Claudia Barbosa da Silva Roosli. TIPO DE ATENDIMENTO: Oferece psicoterapia (individual ou em grupo, conforme a necessidade), realizada sob o modelo de cl\u00ednica-escola. Os atendimentos s\u00e3o conduzidos por estudantes [&hellip;]<\/p>\n","protected":false},"author":6,"featured_media":200,"comment_status":"open","ping_status":"open","sticky":false,"template":"","format":"standard","meta":{"_acf_changed":false,"_themeisle_gutenberg_block_has_review":false,"footnotes":""},"categories":[1],"tags":[],"class_list":["post-201","post","type-post","status-publish","format-standard","has-post-thumbnail","hentry","category-sem-categoria"],"acf":[],"_links":{"self":[{"href":"https:\/\/sites.uel.br\/clinicapsicologica\/wp-json\/wp\/v2\/posts\/201","targetHints":{"allow":["GET"]}}],"collection":[{"href":"https:\/\/sites.uel.br\/clinicapsicologica\/wp-json\/wp\/v2\/posts"}],"about":[{"href":"https:\/\/sites.uel.br\/clinicapsicologica\/wp-json\/wp\/v2\/types\/post"}],"author":[{"embeddable":true,"href":"https:\/\/sites.uel.br\/clinicapsicologica\/wp-json\/wp\/v2\/users\/6"}],"replies":[{"embeddable":true,"href":"https:\/\/sites.uel.br\/clinicapsicologica\/wp-json\/wp\/v2\/comments?post=201"}],"version-history":[{"count":1,"href":"https:\/\/sites.uel.br\/clinicapsicologica\/wp-json\/wp\/v2\/posts\/201\/revisions"}],"predecessor-version":[{"id":202,"href":"https:\/\/sites.uel.br\/clinicapsicologica\/wp-json\/wp\/v2\/posts\/201\/revisions\/202"}],"wp:featuredmedia":[{"embeddable":true,"href":"https:\/\/sites.uel.br\/clinicapsicologica\/wp-json\/wp\/v2\/media\/200"}],"wp:attachment":[{"href":"https:\/\/sites.uel.br\/clinicapsicologica\/wp-json\/wp\/v2\/media?parent=201"}],"wp:term":[{"taxonomy":"category","embeddable":true,"href":"https:\/\/sites.uel.br\/clinicapsicologica\/wp-json\/wp\/v2\/categories?post=201"},{"taxonomy":"post_tag","embeddable":true,"href":"https:\/\/sites.uel.br\/clinicapsicologica\/wp-json\/wp\/v2\/tags?post=201"}],"curies":[{"name":"wp","href":"https:\/\/api.w.org\/{rel}","templated":true}]}}