{"id":588,"date":"2023-10-26T19:45:20","date_gmt":"2023-10-26T22:45:20","guid":{"rendered":"https:\/\/sites.uel.br\/cesa\/?p=588"},"modified":"2023-10-26T19:45:20","modified_gmt":"2023-10-26T22:45:20","slug":"programa-de-pos-graduacao-em-servico-social-recebe-pesquisadores-haitianos","status":"publish","type":"post","link":"https:\/\/sites.uel.br\/cesa\/sem-categoria\/2023\/10\/26\/programa-de-pos-graduacao-em-servico-social-recebe-pesquisadores-haitianos\/","title":{"rendered":"PROGRAMA DE P\u00d3S-GRADUA\u00c7\u00c3O EM SERVI\u00c7O SOCIAL RECEBE PESQUISADORES HAITIANOS"},"content":{"rendered":"\n<p>Na aula da disciplina &#8220;Gest\u00e3o de Pol\u00edtica Social II &#8211; Gest\u00e3o de Organiza\u00e7\u00f5es do Terceiro Setor,&#8221; tivemos a participa\u00e7\u00e3o de dois destacados pesquisadores haitianos. Dominique Antoine, que est\u00e1 atualmente realizando seu doutorado no Programa de P\u00f3s-gradua\u00e7\u00e3o em Servi\u00e7o Social e Pol\u00edtica Social da UEL, participou da aula como parte de seu est\u00e1gio doutoral sandu\u00edche na Universit\u00e9 du Quebec \u00e0 Trois-Rivi\u00e8res, no Canad\u00e1, onde est\u00e1 sob a orienta\u00e7\u00e3o do Prof. Wagner Roberto do Amaral.<\/p>\n\n\n\n<p>Al\u00e9m disso, a mesma disciplina teve a honra de contar com a presen\u00e7a de Jean Baptiste Marc Donald, outro pesquisador haitiano que j\u00e1 concluiu seu doutorado pelo Programa de P\u00f3s-gradua\u00e7\u00e3o em Servi\u00e7o Social e Pol\u00edtica Social da UEL. Atualmente, Jean Baptiste est\u00e1 realizando um est\u00e1gio p\u00f3s-doutoral na Universit\u00e9 du Quebec \u00e0 Montreal, no Canad\u00e1. A presen\u00e7a desses renomados pesquisadores haitianos enriqueceu a aula com suas experi\u00eancias e contribui\u00e7\u00f5es valiosas para o campo da Gest\u00e3o de Pol\u00edtica Social e organiza\u00e7\u00f5es do Terceiro Setor.<\/p>\n\n\n\n<figure class=\"wp-block-gallery has-nested-images columns-default is-cropped wp-block-gallery-1 is-layout-flex wp-block-gallery-is-layout-flex\">\n<figure class=\"wp-block-image size-large\"><img loading=\"lazy\" decoding=\"async\" width=\"1024\" height=\"1024\" data-id=\"591\" src=\"https:\/\/sites.uel.br\/cesa\/wp-content\/uploads\/2023\/10\/ser1-1024x1024.jpg\" alt=\"\" class=\"wp-image-591\" srcset=\"https:\/\/sites.uel.br\/cesa\/wp-content\/uploads\/2023\/10\/ser1-1024x1024.jpg 1024w, https:\/\/sites.uel.br\/cesa\/wp-content\/uploads\/2023\/10\/ser1-300x300.jpg 300w, https:\/\/sites.uel.br\/cesa\/wp-content\/uploads\/2023\/10\/ser1-150x150.jpg 150w, https:\/\/sites.uel.br\/cesa\/wp-content\/uploads\/2023\/10\/ser1-768x768.jpg 768w, https:\/\/sites.uel.br\/cesa\/wp-content\/uploads\/2023\/10\/ser1.jpg 1200w\" sizes=\"auto, (max-width: 1024px) 100vw, 1024px\" \/><\/figure>\n\n\n\n<figure class=\"wp-block-image size-large\"><img loading=\"lazy\" decoding=\"async\" width=\"1024\" height=\"1024\" data-id=\"590\" src=\"https:\/\/sites.uel.br\/cesa\/wp-content\/uploads\/2023\/10\/ser2-1024x1024.jpg\" alt=\"\" class=\"wp-image-590\" srcset=\"https:\/\/sites.uel.br\/cesa\/wp-content\/uploads\/2023\/10\/ser2-1024x1024.jpg 1024w, https:\/\/sites.uel.br\/cesa\/wp-content\/uploads\/2023\/10\/ser2-300x300.jpg 300w, https:\/\/sites.uel.br\/cesa\/wp-content\/uploads\/2023\/10\/ser2-150x150.jpg 150w, https:\/\/sites.uel.br\/cesa\/wp-content\/uploads\/2023\/10\/ser2-768x768.jpg 768w, https:\/\/sites.uel.br\/cesa\/wp-content\/uploads\/2023\/10\/ser2.jpg 1200w\" sizes=\"auto, (max-width: 1024px) 100vw, 1024px\" \/><\/figure>\n\n\n\n<figure class=\"wp-block-image size-large\"><img loading=\"lazy\" decoding=\"async\" width=\"960\" height=\"960\" data-id=\"589\" src=\"https:\/\/sites.uel.br\/cesa\/wp-content\/uploads\/2023\/10\/ser3.jpg\" alt=\"\" class=\"wp-image-589\" srcset=\"https:\/\/sites.uel.br\/cesa\/wp-content\/uploads\/2023\/10\/ser3.jpg 960w, https:\/\/sites.uel.br\/cesa\/wp-content\/uploads\/2023\/10\/ser3-300x300.jpg 300w, https:\/\/sites.uel.br\/cesa\/wp-content\/uploads\/2023\/10\/ser3-150x150.jpg 150w, https:\/\/sites.uel.br\/cesa\/wp-content\/uploads\/2023\/10\/ser3-768x768.jpg 768w\" sizes=\"auto, (max-width: 960px) 100vw, 960px\" \/><\/figure>\n<\/figure>\n","protected":false},"excerpt":{"rendered":"<p>Na aula da disciplina &#8220;Gest\u00e3o de Pol\u00edtica Social II &#8211; Gest\u00e3o de Organiza\u00e7\u00f5es do Terceiro Setor,&#8221; tivemos a participa\u00e7\u00e3o de dois destacados pesquisadores haitianos. Dominique Antoine, que est\u00e1 atualmente realizando seu doutorado no Programa de P\u00f3s-gradua\u00e7\u00e3o em Servi\u00e7o Social e Pol\u00edtica Social da UEL, participou da aula como parte de seu est\u00e1gio doutoral sandu\u00edche na [&hellip;]<\/p>\n","protected":false},"author":8,"featured_media":590,"comment_status":"open","ping_status":"open","sticky":false,"template":"","format":"standard","meta":{"_acf_changed":false,"footnotes":""},"categories":[1],"tags":[],"class_list":["post-588","post","type-post","status-publish","format-standard","has-post-thumbnail","hentry","category-sem-categoria"],"acf":[],"_links":{"self":[{"href":"https:\/\/sites.uel.br\/cesa\/wp-json\/wp\/v2\/posts\/588","targetHints":{"allow":["GET"]}}],"collection":[{"href":"https:\/\/sites.uel.br\/cesa\/wp-json\/wp\/v2\/posts"}],"about":[{"href":"https:\/\/sites.uel.br\/cesa\/wp-json\/wp\/v2\/types\/post"}],"author":[{"embeddable":true,"href":"https:\/\/sites.uel.br\/cesa\/wp-json\/wp\/v2\/users\/8"}],"replies":[{"embeddable":true,"href":"https:\/\/sites.uel.br\/cesa\/wp-json\/wp\/v2\/comments?post=588"}],"version-history":[{"count":1,"href":"https:\/\/sites.uel.br\/cesa\/wp-json\/wp\/v2\/posts\/588\/revisions"}],"predecessor-version":[{"id":592,"href":"https:\/\/sites.uel.br\/cesa\/wp-json\/wp\/v2\/posts\/588\/revisions\/592"}],"wp:featuredmedia":[{"embeddable":true,"href":"https:\/\/sites.uel.br\/cesa\/wp-json\/wp\/v2\/media\/590"}],"wp:attachment":[{"href":"https:\/\/sites.uel.br\/cesa\/wp-json\/wp\/v2\/media?parent=588"}],"wp:term":[{"taxonomy":"category","embeddable":true,"href":"https:\/\/sites.uel.br\/cesa\/wp-json\/wp\/v2\/categories?post=588"},{"taxonomy":"post_tag","embeddable":true,"href":"https:\/\/sites.uel.br\/cesa\/wp-json\/wp\/v2\/tags?post=588"}],"curies":[{"name":"wp","href":"https:\/\/api.w.org\/{rel}","templated":true}]}}