{"id":570,"date":"2023-09-25T18:59:24","date_gmt":"2023-09-25T21:59:24","guid":{"rendered":"https:\/\/sites.uel.br\/cesa\/?p=570"},"modified":"2023-09-25T18:59:25","modified_gmt":"2023-09-25T21:59:25","slug":"conselho-de-centro-do-cesa-recebe-o-servidor-luis-fernando-casarim","status":"publish","type":"post","link":"https:\/\/sites.uel.br\/cesa\/sem-categoria\/2023\/09\/25\/conselho-de-centro-do-cesa-recebe-o-servidor-luis-fernando-casarim\/","title":{"rendered":"Conselho de Centro do CESA recebe o servidor Luis Fernando Casarim."},"content":{"rendered":"\n<p>O Conselho de Centro do Cesa reuniu-se extraordinariamente na data de 25 de setembro \u00e0s 10:00 com o servidor Luis Fernando Casarim.<\/p>\n\n\n\n<p>A reuni\u00e3o foi marcada para que Casarim apresentasse a metodologia de c\u00e1lculo da proposta institucional de distribui\u00e7\u00e3o das vagas docentes entre os Centros de Estudo.<\/p>\n\n\n\n<p>Casarim apresentou a metodologia e tirou d\u00favidas dos Conselheiros.<\/p>\n\n\n\n<p>A reuni\u00e3o aconteceu na sala de reuni\u00f5es do Cesa.<\/p>\n\n\n\n<p>O Diretor do Cesa, Miguel Belinati Piccirillo, solicitou que cada departamento apresente suas considera\u00e7\u00f5es sobre a reuni\u00e3o at\u00e9 o dia 29 de setembro de 2023.<\/p>\n\n\n\n<p>A metodologia ainda n\u00e3o est\u00e1 definida. As propostas est\u00e3o em fase de discuss\u00e3o.<\/p>\n","protected":false},"excerpt":{"rendered":"<p>O Conselho de Centro do Cesa reuniu-se extraordinariamente na data de 25 de setembro \u00e0s 10:00 com o servidor Luis Fernando Casarim. A reuni\u00e3o foi marcada para que Casarim apresentasse a metodologia de c\u00e1lculo da proposta institucional de distribui\u00e7\u00e3o das vagas docentes entre os Centros de Estudo. Casarim apresentou a metodologia e tirou d\u00favidas dos [&hellip;]<\/p>\n","protected":false},"author":8,"featured_media":571,"comment_status":"open","ping_status":"open","sticky":false,"template":"","format":"standard","meta":{"_acf_changed":false,"footnotes":""},"categories":[1],"tags":[],"class_list":["post-570","post","type-post","status-publish","format-standard","has-post-thumbnail","hentry","category-sem-categoria"],"acf":[],"_links":{"self":[{"href":"https:\/\/sites.uel.br\/cesa\/wp-json\/wp\/v2\/posts\/570","targetHints":{"allow":["GET"]}}],"collection":[{"href":"https:\/\/sites.uel.br\/cesa\/wp-json\/wp\/v2\/posts"}],"about":[{"href":"https:\/\/sites.uel.br\/cesa\/wp-json\/wp\/v2\/types\/post"}],"author":[{"embeddable":true,"href":"https:\/\/sites.uel.br\/cesa\/wp-json\/wp\/v2\/users\/8"}],"replies":[{"embeddable":true,"href":"https:\/\/sites.uel.br\/cesa\/wp-json\/wp\/v2\/comments?post=570"}],"version-history":[{"count":1,"href":"https:\/\/sites.uel.br\/cesa\/wp-json\/wp\/v2\/posts\/570\/revisions"}],"predecessor-version":[{"id":572,"href":"https:\/\/sites.uel.br\/cesa\/wp-json\/wp\/v2\/posts\/570\/revisions\/572"}],"wp:featuredmedia":[{"embeddable":true,"href":"https:\/\/sites.uel.br\/cesa\/wp-json\/wp\/v2\/media\/571"}],"wp:attachment":[{"href":"https:\/\/sites.uel.br\/cesa\/wp-json\/wp\/v2\/media?parent=570"}],"wp:term":[{"taxonomy":"category","embeddable":true,"href":"https:\/\/sites.uel.br\/cesa\/wp-json\/wp\/v2\/categories?post=570"},{"taxonomy":"post_tag","embeddable":true,"href":"https:\/\/sites.uel.br\/cesa\/wp-json\/wp\/v2\/tags?post=570"}],"curies":[{"name":"wp","href":"https:\/\/api.w.org\/{rel}","templated":true}]}}