{"id":6495,"date":"2026-03-04T09:27:58","date_gmt":"2026-03-04T12:27:58","guid":{"rendered":"https:\/\/sites.uel.br\/ceca\/?p=6495"},"modified":"2026-03-04T09:31:25","modified_gmt":"2026-03-04T12:31:25","slug":"qualidade-de-vida-na-rotina-de-quem-nao-tem-tempo","status":"publish","type":"post","link":"https:\/\/sites.uel.br\/ceca\/sem-categoria\/2026\/03\/04\/qualidade-de-vida-na-rotina-de-quem-nao-tem-tempo\/","title":{"rendered":"QUALIDADE DE VIDA NA ROTINA DE QUEM N\u00c3O TEM TEMPO"},"content":{"rendered":"\n<h3 class=\"wp-block-heading has-text-align-left\"><a href=\"https:\/\/www.sistemasweb.uel.br\/index.php?contents=system\/insc\/index.php&amp;pagina=view\/inscricoes\/seleciona_evento.php&amp;cod_evento=11714\" target=\"_blank\" rel=\"noreferrer noopener\">QUALIDADE DE VIDA NA ROTINA DE QUEM N\u00c3O TEM TEMPO<\/a><\/h3>\n\n\n\n<figure class=\"wp-block-table\"><table class=\"has-fixed-layout\"><tbody><tr><td><img decoding=\"async\" src=\"https:\/\/sites.uel.br\/ceca\/wp-content\/uploads\/2026\/03\/WhatsApp-Image-2026-03-03-at-08.18.26-1-819x1024.jpeg\" alt=\"\"><br>Local: Sala 683 do Centro de Comunica\u00e7\u00e3o, Educa\u00e7\u00e3o e Artes &#8211; CECA.<br><strong>Objetivo:\u00a0<\/strong>Estimular mudan\u00e7as simples e poss\u00edveis na rotina, promovendo mais energia, equil\u00edbrio e qualidade de vida, mesmo com pouco tempo dispon\u00edvel.<br><strong>Data de Realiza\u00e7\u00e3o:\u00a0<\/strong>10\/03\/2026<br><strong>Per\u00edodo de Inscri\u00e7\u00e3o:\u00a0<\/strong>04\/03\/2026 08:00 a 06\/03\/2026 23:59<br>Inscri\u00e7\u00f5es: das 8h00 do dia 04\/03\/2026 \u00e0s 23h59 do dia 06\/03\/2026, pelo link: <a href=\"https:\/\/www.sistemasweb.uel.br\/index.php?contents=system\/insc\/index.php&amp;pagina=view\/inscricoes\/seleciona_evento.php&amp;cod_evento=11714\">https:\/\/www.sistemasweb.uel.br\/index.php?contents=system\/insc\/index.php&amp;pagina=view\/inscricoes\/seleciona_evento.php&amp;cod_evento=11714<\/a><\/td><\/tr><\/tbody><\/table><\/figure>\n\n\n\n<p><\/p>\n","protected":false},"excerpt":{"rendered":"<p>QUALIDADE DE VIDA NA ROTINA DE QUEM N\u00c3O TEM TEMPO Local: Sala 683 do Centro de Comunica\u00e7\u00e3o, Educa\u00e7\u00e3o e Artes &#8211; CECA.Objetivo:\u00a0Estimular mudan\u00e7as simples e poss\u00edveis na rotina, promovendo mais energia, equil\u00edbrio e qualidade de vida, mesmo com pouco tempo dispon\u00edvel.Data de Realiza\u00e7\u00e3o:\u00a010\/03\/2026Per\u00edodo de Inscri\u00e7\u00e3o:\u00a004\/03\/2026 08:00 a 06\/03\/2026 23:59Inscri\u00e7\u00f5es: das 8h00 do dia 04\/03\/2026 \u00e0s [&hellip;]<\/p>\n","protected":false},"author":9,"featured_media":6498,"comment_status":"open","ping_status":"open","sticky":false,"template":"","format":"standard","meta":{"_acf_changed":false,"footnotes":""},"categories":[1],"tags":[],"class_list":["post-6495","post","type-post","status-publish","format-standard","has-post-thumbnail","hentry","category-sem-categoria"],"acf":[],"_links":{"self":[{"href":"https:\/\/sites.uel.br\/ceca\/wp-json\/wp\/v2\/posts\/6495","targetHints":{"allow":["GET"]}}],"collection":[{"href":"https:\/\/sites.uel.br\/ceca\/wp-json\/wp\/v2\/posts"}],"about":[{"href":"https:\/\/sites.uel.br\/ceca\/wp-json\/wp\/v2\/types\/post"}],"author":[{"embeddable":true,"href":"https:\/\/sites.uel.br\/ceca\/wp-json\/wp\/v2\/users\/9"}],"replies":[{"embeddable":true,"href":"https:\/\/sites.uel.br\/ceca\/wp-json\/wp\/v2\/comments?post=6495"}],"version-history":[{"count":5,"href":"https:\/\/sites.uel.br\/ceca\/wp-json\/wp\/v2\/posts\/6495\/revisions"}],"predecessor-version":[{"id":6503,"href":"https:\/\/sites.uel.br\/ceca\/wp-json\/wp\/v2\/posts\/6495\/revisions\/6503"}],"wp:featuredmedia":[{"embeddable":true,"href":"https:\/\/sites.uel.br\/ceca\/wp-json\/wp\/v2\/media\/6498"}],"wp:attachment":[{"href":"https:\/\/sites.uel.br\/ceca\/wp-json\/wp\/v2\/media?parent=6495"}],"wp:term":[{"taxonomy":"category","embeddable":true,"href":"https:\/\/sites.uel.br\/ceca\/wp-json\/wp\/v2\/categories?post=6495"},{"taxonomy":"post_tag","embeddable":true,"href":"https:\/\/sites.uel.br\/ceca\/wp-json\/wp\/v2\/tags?post=6495"}],"curies":[{"name":"wp","href":"https:\/\/api.w.org\/{rel}","templated":true}]}}