{"id":4772,"date":"2023-09-06T21:35:18","date_gmt":"2023-09-07T00:35:18","guid":{"rendered":"https:\/\/sites.uel.br\/ceca\/?p=4772"},"modified":"2023-09-06T21:36:13","modified_gmt":"2023-09-07T00:36:13","slug":"nota-de-pesar-e-repudio","status":"publish","type":"post","link":"https:\/\/sites.uel.br\/ceca\/nota-de-pesar\/2023\/09\/06\/nota-de-pesar-e-repudio\/","title":{"rendered":"NOTA DE PESAR E REP\u00daDIO"},"content":{"rendered":"\n<p>O Conselho do Centro de Educa\u00e7\u00e3o, Comunica\u00e7\u00e3o e Artes \u2013 CECA da Universidade Estadual de Londrina (UEL), manifesta seu profundo pesar pelo feminic\u00eddio que resultou nas mortes da estudante Julia Beatriz Garbossi e de Daniel Takashi Suzuki Sugahara. Tamb\u00e9m se solidariza \u00e0 estudante do Curso de Artes C\u00eanicas que sobreviveu ao ataque e se coloca \u00e0 disposi\u00e7\u00e3o naquilo que for necess\u00e1rio para seu bem-estar.<\/p>\n\n\n\n<p>O Conselho de Centro do CECA repudia firmemente quaisquer atos de viol\u00eancia que atentem \u00e0 vida humana, em especial os crimes de feminic\u00eddio motivados pelo machismo e misoginia.<\/p>\n\n\n\n<p>O Conselho de Centro do CECA reitera a necessidade da cria\u00e7\u00e3o e fortalecimento de pol\u00edticas p\u00fablicas que previnam e combatam crimes desta natureza.<\/p>\n\n\n\n<p>Ao emitir esta nota, o Conselho de Centro do CECA refor\u00e7a as notas de rep\u00fadio j\u00e1 emitidas por outras inst\u00e2ncias e grupos ligados \u00e0 Universidade, como o Centro de Letras e Ci\u00eancias Humanas (CLCH), o Curso de Artes C\u00eanicas, a Comiss\u00e3o de Preven\u00e7\u00e3o \u00e0 Viol\u00eancia Sexual e de G\u00eanero do CECA (Juntes) e Reitoria.<\/p>\n\n\n\n<p class=\"has-text-align-right\">06 de setembro de 2023.<\/p>\n\n\n\n<p class=\"has-text-align-right\"><strong>Conselho do Centro de Educa\u00e7\u00e3o, Comunica\u00e7\u00e3o e Artes<\/strong><\/p>\n\n\n\n<p class=\"has-text-align-right\"><strong>Universidade Estadual de Londrina<\/strong><\/p>\n","protected":false},"excerpt":{"rendered":"<p>O Conselho do Centro de Educa\u00e7\u00e3o, Comunica\u00e7\u00e3o e Artes \u2013 CECA da Universidade Estadual de Londrina (UEL), manifesta seu profundo pesar pelo feminic\u00eddio que resultou nas mortes da estudante Julia Beatriz Garbossi e de Daniel Takashi Suzuki Sugahara. Tamb\u00e9m se solidariza \u00e0 estudante do Curso de Artes C\u00eanicas que sobreviveu ao ataque e se coloca [&hellip;]<\/p>\n","protected":false},"author":9,"featured_media":4773,"comment_status":"open","ping_status":"open","sticky":false,"template":"","format":"standard","meta":{"_acf_changed":false,"footnotes":""},"categories":[110],"tags":[],"class_list":["post-4772","post","type-post","status-publish","format-standard","has-post-thumbnail","hentry","category-nota-de-pesar"],"acf":[],"_links":{"self":[{"href":"https:\/\/sites.uel.br\/ceca\/wp-json\/wp\/v2\/posts\/4772","targetHints":{"allow":["GET"]}}],"collection":[{"href":"https:\/\/sites.uel.br\/ceca\/wp-json\/wp\/v2\/posts"}],"about":[{"href":"https:\/\/sites.uel.br\/ceca\/wp-json\/wp\/v2\/types\/post"}],"author":[{"embeddable":true,"href":"https:\/\/sites.uel.br\/ceca\/wp-json\/wp\/v2\/users\/9"}],"replies":[{"embeddable":true,"href":"https:\/\/sites.uel.br\/ceca\/wp-json\/wp\/v2\/comments?post=4772"}],"version-history":[{"count":1,"href":"https:\/\/sites.uel.br\/ceca\/wp-json\/wp\/v2\/posts\/4772\/revisions"}],"predecessor-version":[{"id":4774,"href":"https:\/\/sites.uel.br\/ceca\/wp-json\/wp\/v2\/posts\/4772\/revisions\/4774"}],"wp:featuredmedia":[{"embeddable":true,"href":"https:\/\/sites.uel.br\/ceca\/wp-json\/wp\/v2\/media\/4773"}],"wp:attachment":[{"href":"https:\/\/sites.uel.br\/ceca\/wp-json\/wp\/v2\/media?parent=4772"}],"wp:term":[{"taxonomy":"category","embeddable":true,"href":"https:\/\/sites.uel.br\/ceca\/wp-json\/wp\/v2\/categories?post=4772"},{"taxonomy":"post_tag","embeddable":true,"href":"https:\/\/sites.uel.br\/ceca\/wp-json\/wp\/v2\/tags?post=4772"}],"curies":[{"name":"wp","href":"https:\/\/api.w.org\/{rel}","templated":true}]}}