{"id":4748,"date":"2023-09-04T21:06:11","date_gmt":"2023-09-05T00:06:11","guid":{"rendered":"https:\/\/sites.uel.br\/ceca\/?p=4748"},"modified":"2023-09-04T21:17:10","modified_gmt":"2023-09-05T00:17:10","slug":"nota-de-pesar-pela-morte-da-estudante-julia-beatriz-garbossi-silva","status":"publish","type":"post","link":"https:\/\/sites.uel.br\/ceca\/nota-de-pesar\/2023\/09\/04\/nota-de-pesar-pela-morte-da-estudante-julia-beatriz-garbossi-silva\/","title":{"rendered":"Nota de pesar pela morte da estudante J\u00falia Beatriz Garbossi Silva"},"content":{"rendered":"\n<p>\u00c9 com profunda tristeza que a Universidade Estadual de Londrina (UEL) manifesta seu mais sincero pesar pela tr\u00e1gica morte da estudante J\u00falia Beatriz Garbossi Silva, do curso de Ci\u00eancias Sociais, do Centro de Letras e Ci\u00eancias Humanas (CLCH). Expressa ainda consterna\u00e7\u00e3o pela viol\u00eancia sofrida pela estudante de Artes C\u00eanicas, do Centro de Educa\u00e7\u00e3o, Comunica\u00e7\u00e3o e Artes (Ceca) e pelo falecimento de Daniel Takashi Suzuki Sugahara.<\/p>\n\n\n\n<p>A UEL est\u00e1 comprometida em oferecer todo suporte e acolhimento necess\u00e1rios aos colegas de turma e demais membros da comunidade que est\u00e3o sofrendo com essa perda, com atendimento por meio do Servi\u00e7o de Bem-Estar \u00e0 Comunidade (Sebec). Nesta segunda (4), as aulas de gradua\u00e7\u00e3o no CLCH foram suspensas em respeito ao luto pelo falecimento da estudante.<\/p>\n\n\n\n<p>Expressamos nossos sentimentos de pesar a todos os envolvidos e \u00e0 comunidade universit\u00e1ria da UEL como um todo. Que possamos encontrar for\u00e7as e solidariedade para enfrentar esse momento de dor e tristeza juntos.<\/p>\n\n\n\n<p>Gabinete da Reitoria da UEL.<\/p>\n","protected":false},"excerpt":{"rendered":"<p>\u00c9 com profunda tristeza que a Universidade Estadual de Londrina (UEL) manifesta seu mais sincero pesar pela tr\u00e1gica morte da estudante J\u00falia Beatriz Garbossi Silva, do curso de Ci\u00eancias Sociais, do Centro de Letras e Ci\u00eancias Humanas (CLCH). Expressa ainda consterna\u00e7\u00e3o pela viol\u00eancia sofrida pela estudante de Artes C\u00eanicas, do Centro de Educa\u00e7\u00e3o, Comunica\u00e7\u00e3o e [&hellip;]<\/p>\n","protected":false},"author":9,"featured_media":4754,"comment_status":"open","ping_status":"open","sticky":false,"template":"","format":"standard","meta":{"_acf_changed":false,"footnotes":""},"categories":[110],"tags":[],"class_list":["post-4748","post","type-post","status-publish","format-standard","has-post-thumbnail","hentry","category-nota-de-pesar"],"acf":[],"_links":{"self":[{"href":"https:\/\/sites.uel.br\/ceca\/wp-json\/wp\/v2\/posts\/4748","targetHints":{"allow":["GET"]}}],"collection":[{"href":"https:\/\/sites.uel.br\/ceca\/wp-json\/wp\/v2\/posts"}],"about":[{"href":"https:\/\/sites.uel.br\/ceca\/wp-json\/wp\/v2\/types\/post"}],"author":[{"embeddable":true,"href":"https:\/\/sites.uel.br\/ceca\/wp-json\/wp\/v2\/users\/9"}],"replies":[{"embeddable":true,"href":"https:\/\/sites.uel.br\/ceca\/wp-json\/wp\/v2\/comments?post=4748"}],"version-history":[{"count":4,"href":"https:\/\/sites.uel.br\/ceca\/wp-json\/wp\/v2\/posts\/4748\/revisions"}],"predecessor-version":[{"id":4753,"href":"https:\/\/sites.uel.br\/ceca\/wp-json\/wp\/v2\/posts\/4748\/revisions\/4753"}],"wp:featuredmedia":[{"embeddable":true,"href":"https:\/\/sites.uel.br\/ceca\/wp-json\/wp\/v2\/media\/4754"}],"wp:attachment":[{"href":"https:\/\/sites.uel.br\/ceca\/wp-json\/wp\/v2\/media?parent=4748"}],"wp:term":[{"taxonomy":"category","embeddable":true,"href":"https:\/\/sites.uel.br\/ceca\/wp-json\/wp\/v2\/categories?post=4748"},{"taxonomy":"post_tag","embeddable":true,"href":"https:\/\/sites.uel.br\/ceca\/wp-json\/wp\/v2\/tags?post=4748"}],"curies":[{"name":"wp","href":"https:\/\/api.w.org\/{rel}","templated":true}]}}