{"id":4727,"date":"2023-08-24T14:44:29","date_gmt":"2023-08-24T17:44:29","guid":{"rendered":"https:\/\/sites.uel.br\/ceca\/?p=4727"},"modified":"2023-08-24T14:44:29","modified_gmt":"2023-08-24T17:44:29","slug":"rheingold-baseado-na-autobiografia-tudo-ou-nada-do-rapper-empresario-produtor-musical-e-ex-condenado-giwar-hajabi","status":"publish","type":"post","link":"https:\/\/sites.uel.br\/ceca\/sem-categoria\/2023\/08\/24\/rheingold-baseado-na-autobiografia-tudo-ou-nada-do-rapper-empresario-produtor-musical-e-ex-condenado-giwar-hajabi\/","title":{"rendered":"Rheingold &#8211; Baseado na autobiografia \u201cTudo ou Nada\u201d do rapper, empres\u00e1rio, produtor musical e ex-condenado Giwar Hajabi,"},"content":{"rendered":"\n<p><strong>Rheingold<\/strong><\/p>\n\n\n\n<figure class=\"wp-block-embed is-type-video is-provider-youtube wp-block-embed-youtube wp-embed-aspect-16-9 wp-has-aspect-ratio\"><div class=\"wp-block-embed__wrapper\">\n<iframe loading=\"lazy\" title=\"Rheingold - O Roubo do Sucesso | Trailer Oficial [HD] - 2023 | Imovision\" width=\"500\" height=\"281\" src=\"https:\/\/www.youtube.com\/embed\/6axCtRK8sq4?feature=oembed\" frameborder=\"0\" allow=\"accelerometer; autoplay; clipboard-write; encrypted-media; gyroscope; picture-in-picture; web-share\" referrerpolicy=\"strict-origin-when-cross-origin\" allowfullscreen><\/iframe>\n<\/div><\/figure>\n\n\n\n<p><strong>Sinopse:&nbsp;<\/strong><\/p>\n\n\n\n<p>O caminho do rapper Xatar do gueto ao topo das paradas musicais \u00e9 uma aventura inacredit\u00e1vel. Ao sair do inferno de uma pris\u00e3o iraquiana, ele vai para a Alemanha ainda menino com sua fam\u00edlia nos anos 80. Entre oportunidades e obst\u00e1culos, passa de um pequeno criminoso a um destemido traficante, at\u00e9 que uma grande carga de coca\u00edna desaparece. Para saldar suas d\u00edvidas com o cartel, Xatar planeja um lend\u00e1rio roubo de ouro que entrar\u00e1 para sempre na hist\u00f3ria.&nbsp;<\/p>\n\n\n\n<p><strong>Um filme Fatih Akin<\/strong><\/p>\n\n\n\n<p><strong>T\u00edtulo original:&nbsp;<\/strong>Rheingold<\/p>\n\n\n\n<p><strong>Dire\u00e7\u00e3o:&nbsp;<\/strong>Fatih Akin<\/p>\n\n\n\n<p><strong>Roteiro:&nbsp;<\/strong>Fatih Akin<\/p>\n\n\n\n<p><strong>Produ\u00e7\u00e3o:&nbsp;<\/strong>Nurhan \u015eekerci-Porst, Fatih Akin, Herman Weigel<\/p>\n\n\n\n<p><strong>Dire\u00e7\u00e3o de fotografia:&nbsp;<\/strong>Rainer Klausmann<\/p>\n\n\n\n<p><strong>Dire\u00e7\u00e3o de arte:<\/strong>&nbsp;Tim Pannen<\/p>\n\n\n\n<p><strong>M\u00fasica:<\/strong>&nbsp;Ralf Kemper<\/p>\n\n\n\n<p><strong>Montagem:<\/strong>&nbsp;Andrew Bird<\/p>\n\n\n\n<p><strong>Figurino:&nbsp;<\/strong>Katrin Aschendorf<\/p>\n\n\n\n<p><strong>G\u00eanero:&nbsp;<\/strong>A\u00e7\u00e3o<\/p>\n\n\n\n<p><strong>Pa\u00eds:&nbsp;<\/strong>Alemanha<\/p>\n\n\n\n<p><strong>Ano:<\/strong>&nbsp;2023 &#8211; Lan\u00e7amento nacional 10 de Agosto.<\/p>\n\n\n\n<p><strong>Distribuidora:<\/strong>&nbsp;IMOVISION&nbsp;<a>@IMOVISION<\/a><\/p>\n\n\n\n<p><strong>COR<\/strong><\/p>\n\n\n\n<p><strong>Tempo:&nbsp;<\/strong>138 min<\/p>\n\n\n\n<p><strong>Classifica\u00e7\u00e3o: 18 anos<\/strong><\/p>\n\n\n\n<p><strong>Elenco:<\/strong>&nbsp;Emilio Sakraya, Mona Pirzad, Julia Goldberg, Sogol Faghani, Karim G\u00fcnes, Do\u011fa G\u00fcrer, Samir Jebrelli, Hussein Eliraqui, Arman Kashani, Min\u00fa K\u00f6chermann<\/p>\n\n\n\n<p><strong>Trailer Oficial:<\/strong>&nbsp;<\/p>\n\n\n\n<p><strong>Mais informa\u00e7\u00f5es:<\/strong><\/p>\n\n\n\n<p>&#8211; Baseado na autobiografia \u201cTudo ou Nada\u201d do rapper, empres\u00e1rio, produtor musical e ex-condenado Giwar Hajabi, mais conhecido como Xatar. Ele ficou famoso ap\u00f3s ser preso por um dos maiores roubos de ouro da hist\u00f3ria e gravar um \u00e1lbum de rap dentro da cadeia.<\/p>\n\n\n\n<p>&#8211; Novo filme&nbsp;de Fatih Akin, diretor de \u201cO Bar Luva Dourada\u201d, vencedor do Globo de Ouro de Melhor Filme Internacional por \u201cEm Peda\u00e7os\u201d e do Urso de Ouro no Festival de Berlim por \u201cContra Parede\u201d<\/p>\n\n\n\n<p><strong>O que dizem sobre:&nbsp;<\/strong><\/p>\n\n\n\n<p><em>\u201cUm sucesso absoluto\u201d \u2013 Variety<\/em><\/p>\n\n\n\n<p><em>\u201cUma biografia divertida e ambiciosa\u201d \u2013 The Film Stage<\/em><\/p>\n\n\n\n<p><em>\u201cMagistral\u201d \u2013 Cineuropa<\/em><\/p>\n\n\n\n<p><em>\u201c\u00c9pico\u201d \u2013 Deadline&nbsp;<\/em><\/p>\n\n\n\n<p><strong>Informa\u00e7\u00e3o sobre o Cine Ouro Verde UEL:<\/strong><\/p>\n\n\n\n<p><strong>Sess\u00f5es: segunda 28, ter\u00e7a 29 e quarta 30 de Agosto de 2023 &#8211; hor\u00e1rios: \u00e0s 16:00 e 19:30.&nbsp;<\/strong><\/p>\n\n\n\n<p><strong>Endere\u00e7o<\/strong>: Rua Maranh\u00e3o 85 &#8211; Centro Londrina &#8211; Cine Teatro Universit\u00e1rio Ouro Verde &#8211; UEL<\/p>\n\n\n\n<p>Bilheteria aberta 30 min antes das sess\u00f5es, Valor atual do ingresso R$ 10,00 e R$ 20,00, n\u00e3o aceita cart\u00e3o.<\/p>\n\n\n\n<p><strong>Tem direito a meia entrada: Todos pagam meia segunda-feira 28,&nbsp; e nas sess\u00f5es das 16:00.&nbsp;<\/strong>Estudantes, Professores, Doadores de Sangue regular, Pessoas com mais de 60 anos, Filiados&nbsp;a OAB,&nbsp;Sindicato dos Jornalistas, Todos os Servidores P\u00fablicos Municipais, Servidores Estaduais e (COPEL, SANEPAR, rela\u00e7\u00e3o completa no Site&nbsp;<a rel=\"noreferrer noopener\" href=\"http:\/\/www.transparencia.pr.gov.br\/pte\/pessoal\/estrutura-organizacional?windowId=5d8\" target=\"_blank\">http:\/\/www.transparencia.pr.gov.br\/pte\/pessoal\/estrutura-organizacional?windowId=5d8<\/a>)&nbsp;e&nbsp; Servidores da Esfera Federal.<\/p>\n\n\n\n<p><strong>Isen\u00e7\u00e3o&nbsp;<\/strong>ao Professor\/Facilitador com 05 alunos ou mais.<\/p>\n\n\n\n<p><strong>Programa\u00e7\u00e3o atualizada:<\/strong><\/p>\n\n\n\n<p><a href=\"https:\/\/www.instagram.com\/cineouroverdeuel\/\">https:\/\/www.instagram.com\/cineouroverdeuel\/<\/a><\/p>\n\n\n\n<p><a href=\"\"><\/a><\/p>\n\n\n\n<p><a href=\"https:\/\/www.facebook.com\/cineouroverdeUEL\">https:\/\/www.facebook.com\/cineouroverdeUEL<\/a><\/p>\n\n\n\n<p>Telefone de contato: 3323-8562<\/p>\n","protected":false},"excerpt":{"rendered":"<p>Rheingold Sinopse:&nbsp; O caminho do rapper Xatar do gueto ao topo das paradas musicais \u00e9 uma aventura inacredit\u00e1vel. Ao sair do inferno de uma pris\u00e3o iraquiana, ele vai para a Alemanha ainda menino com sua fam\u00edlia nos anos 80. Entre oportunidades e obst\u00e1culos, passa de um pequeno criminoso a um destemido traficante, at\u00e9 que uma [&hellip;]<\/p>\n","protected":false},"author":9,"featured_media":4728,"comment_status":"open","ping_status":"open","sticky":false,"template":"","format":"standard","meta":{"_acf_changed":false,"footnotes":""},"categories":[1],"tags":[],"class_list":["post-4727","post","type-post","status-publish","format-standard","has-post-thumbnail","hentry","category-sem-categoria"],"acf":[],"_links":{"self":[{"href":"https:\/\/sites.uel.br\/ceca\/wp-json\/wp\/v2\/posts\/4727","targetHints":{"allow":["GET"]}}],"collection":[{"href":"https:\/\/sites.uel.br\/ceca\/wp-json\/wp\/v2\/posts"}],"about":[{"href":"https:\/\/sites.uel.br\/ceca\/wp-json\/wp\/v2\/types\/post"}],"author":[{"embeddable":true,"href":"https:\/\/sites.uel.br\/ceca\/wp-json\/wp\/v2\/users\/9"}],"replies":[{"embeddable":true,"href":"https:\/\/sites.uel.br\/ceca\/wp-json\/wp\/v2\/comments?post=4727"}],"version-history":[{"count":1,"href":"https:\/\/sites.uel.br\/ceca\/wp-json\/wp\/v2\/posts\/4727\/revisions"}],"predecessor-version":[{"id":4729,"href":"https:\/\/sites.uel.br\/ceca\/wp-json\/wp\/v2\/posts\/4727\/revisions\/4729"}],"wp:featuredmedia":[{"embeddable":true,"href":"https:\/\/sites.uel.br\/ceca\/wp-json\/wp\/v2\/media\/4728"}],"wp:attachment":[{"href":"https:\/\/sites.uel.br\/ceca\/wp-json\/wp\/v2\/media?parent=4727"}],"wp:term":[{"taxonomy":"category","embeddable":true,"href":"https:\/\/sites.uel.br\/ceca\/wp-json\/wp\/v2\/categories?post=4727"},{"taxonomy":"post_tag","embeddable":true,"href":"https:\/\/sites.uel.br\/ceca\/wp-json\/wp\/v2\/tags?post=4727"}],"curies":[{"name":"wp","href":"https:\/\/api.w.org\/{rel}","templated":true}]}}