{"id":4336,"date":"2023-05-12T10:49:10","date_gmt":"2023-05-12T13:49:10","guid":{"rendered":"https:\/\/sites.uel.br\/ceca\/?p=4336"},"modified":"2023-05-12T10:49:11","modified_gmt":"2023-05-12T13:49:11","slug":"50-anos-curso-de-servico-social","status":"publish","type":"post","link":"https:\/\/sites.uel.br\/ceca\/data-comemorativa\/2023\/05\/12\/50-anos-curso-de-servico-social\/","title":{"rendered":"50 anos curso de servi\u00e7o social"},"content":{"rendered":"\n<p>\u00c9 com muita alegria que convidamos a comunidade Universit\u00e1ria a participar conosco das comemora\u00e7\u00f5es dos 50 anos do Curso de Servi\u00e7o\u00a0Social \/UEL.<\/p>\n\n\n<div class=\"wp-block-image\">\n<figure class=\"aligncenter size-full\"><img loading=\"lazy\" decoding=\"async\" width=\"669\" height=\"915\" src=\"https:\/\/sites.uel.br\/ceca\/wp-content\/uploads\/2023\/05\/41755f43-23c7-47c3-9094-5af938098bf7.jpg\" alt=\"\" class=\"wp-image-4338\" srcset=\"https:\/\/sites.uel.br\/ceca\/wp-content\/uploads\/2023\/05\/41755f43-23c7-47c3-9094-5af938098bf7.jpg 669w, https:\/\/sites.uel.br\/ceca\/wp-content\/uploads\/2023\/05\/41755f43-23c7-47c3-9094-5af938098bf7-219x300.jpg 219w\" sizes=\"auto, (max-width: 669px) 100vw, 669px\" \/><\/figure>\n<\/div>\n\n<div class=\"wp-block-image\">\n<figure class=\"aligncenter size-large is-resized\"><img loading=\"lazy\" decoding=\"async\" src=\"https:\/\/sites.uel.br\/ceca\/wp-content\/uploads\/2023\/05\/32e09019-b7a0-4679-a85d-daa9c1b2ac00-838x1024.jpg\" alt=\"\" class=\"wp-image-4337\" width=\"673\" height=\"821\" srcset=\"https:\/\/sites.uel.br\/ceca\/wp-content\/uploads\/2023\/05\/32e09019-b7a0-4679-a85d-daa9c1b2ac00-838x1024.jpg 838w, https:\/\/sites.uel.br\/ceca\/wp-content\/uploads\/2023\/05\/32e09019-b7a0-4679-a85d-daa9c1b2ac00-245x300.jpg 245w\" sizes=\"auto, (max-width: 673px) 100vw, 673px\" \/><\/figure>\n<\/div>","protected":false},"excerpt":{"rendered":"<p>\u00c9 com muita alegria que convidamos a comunidade Universit\u00e1ria a participar conosco das comemora\u00e7\u00f5es dos 50 anos do Curso de Servi\u00e7o\u00a0Social \/UEL.<\/p>\n","protected":false},"author":9,"featured_media":4338,"comment_status":"open","ping_status":"open","sticky":false,"template":"","format":"standard","meta":{"_acf_changed":false,"footnotes":""},"categories":[49],"tags":[],"class_list":["post-4336","post","type-post","status-publish","format-standard","has-post-thumbnail","hentry","category-data-comemorativa"],"acf":[],"_links":{"self":[{"href":"https:\/\/sites.uel.br\/ceca\/wp-json\/wp\/v2\/posts\/4336","targetHints":{"allow":["GET"]}}],"collection":[{"href":"https:\/\/sites.uel.br\/ceca\/wp-json\/wp\/v2\/posts"}],"about":[{"href":"https:\/\/sites.uel.br\/ceca\/wp-json\/wp\/v2\/types\/post"}],"author":[{"embeddable":true,"href":"https:\/\/sites.uel.br\/ceca\/wp-json\/wp\/v2\/users\/9"}],"replies":[{"embeddable":true,"href":"https:\/\/sites.uel.br\/ceca\/wp-json\/wp\/v2\/comments?post=4336"}],"version-history":[{"count":3,"href":"https:\/\/sites.uel.br\/ceca\/wp-json\/wp\/v2\/posts\/4336\/revisions"}],"predecessor-version":[{"id":4341,"href":"https:\/\/sites.uel.br\/ceca\/wp-json\/wp\/v2\/posts\/4336\/revisions\/4341"}],"wp:featuredmedia":[{"embeddable":true,"href":"https:\/\/sites.uel.br\/ceca\/wp-json\/wp\/v2\/media\/4338"}],"wp:attachment":[{"href":"https:\/\/sites.uel.br\/ceca\/wp-json\/wp\/v2\/media?parent=4336"}],"wp:term":[{"taxonomy":"category","embeddable":true,"href":"https:\/\/sites.uel.br\/ceca\/wp-json\/wp\/v2\/categories?post=4336"},{"taxonomy":"post_tag","embeddable":true,"href":"https:\/\/sites.uel.br\/ceca\/wp-json\/wp\/v2\/tags?post=4336"}],"curies":[{"name":"wp","href":"https:\/\/api.w.org\/{rel}","templated":true}]}}