{"id":3588,"date":"2022-12-09T08:41:28","date_gmt":"2022-12-09T11:41:28","guid":{"rendered":"https:\/\/sites.uel.br\/ceca\/?p=3588"},"modified":"2022-12-09T08:44:10","modified_gmt":"2022-12-09T11:44:10","slug":"sistema-brt-recebe-doacao-de-duas-mil-pecas-de-roupas-de-empresa-parceira","status":"publish","type":"post","link":"https:\/\/sites.uel.br\/ceca\/acoes\/2022\/12\/09\/sistema-brt-recebe-doacao-de-duas-mil-pecas-de-roupas-de-empresa-parceira\/","title":{"rendered":"Sistema BRT recebe doa\u00e7\u00e3o de duas mil pe\u00e7as de roupas de empresa parceira"},"content":{"rendered":"\n<p><\/p>\n\n\n\n<p>Uma parceria firmada entre o Sistema BRT (Banco de Res\u00edduos&nbsp;T\u00eaxteis), do Departamento de Design da UEL, e o Sindicato Intermunicipal das Ind\u00fastrias do Vestu\u00e1rio do Paran\u00e1 (Sivepar) est\u00e1 rendendo bons resultados. Na manh\u00e3 desta quinta-feira (8), professores e alunos ligados ao sistema de log\u00edstica reversa de res\u00edduos t\u00eaxteis, o Sistema BRT, receberam uma doa\u00e7\u00e3o de mais de duas mil pe\u00e7as de roupas novas por parte de uma confec\u00e7\u00e3o associada ao sindicato. As roupas passar\u00e3o por um processo de an\u00e1lise e precifica\u00e7\u00e3o, sendo posteriormente encaminhadas \u00e0 cooperativa de catadores de materiais recicl\u00e1veis para serem vendidas.<\/p>\n\n\n\n<p>Iniciativa pioneira no Pa\u00eds, o <a href=\"https:\/\/operobal.uel.br\/sociedade\/2022\/10\/21\/banco-de-residuos-texteis-e-inaugurado-em-londrina\/\">Sistema BRT<\/a> busca garantir a destina\u00e7\u00e3o correta de res\u00edduos t\u00eaxteis, aliando sustentabilidade \u00e0 gera\u00e7\u00e3o de renda para trabalhadores aut\u00f4nomos ligados \u00e0s sete cooperativas de materiais recicl\u00e1veis de Londrina.<\/p>\n\n\n\n<p>A entrega das pe\u00e7as de roupas foi realizada no Centro de Ci\u00eancias Sociais Aplicadas (Cesa), na sala do <a href=\"http:\/\/www.uel.br\/ninter\/\">N\u00facleo Interdisciplinar de Estudos em Res\u00edduos (Ninter)<\/a>, projeto parceiro do Sistema BRT. Estiveram presentes, docentes e alunos dos departamentos de Design (Ceca) e Administra\u00e7\u00e3o (Cesa), profissionais ligados \u00e0s cooperativas e representantes da NFK Confec\u00e7\u00f5es, que realizou a doa\u00e7\u00e3o.<\/p>\n\n\n\n<p>\u201cEst\u00e1vamos procurando solu\u00e7\u00f5es para atender \u00e0 comunidade local e desempenhar o nosso trabalho com sustentabilidade, atendendo aos pilares social, ambiental e econ\u00f4mico\u201d, diz o Gerente de Responsabilidade Social, Washington Augusto, que esteve acompanhado do respons\u00e1vel pelo setor de modelagem, Marcos Alexandre Barros.<\/p>\n\n\n\n<p>De acordo com ele, a empresa atua h\u00e1 32 anos em Londrina e encontrou no Sistema BRT um destino interessante para parte do excedente da produ\u00e7\u00e3o. Nos pacotes de roupas novas e etiquetadas, havia, ainda, pe\u00e7as que n\u00e3o poderiam ser vendidas no varejo uma vez que possuem pequenos defeitos de fabrica\u00e7\u00e3o.<\/p>\n\n\n<div class=\"wp-block-image\">\n<figure class=\"aligncenter size-full is-resized\"><img loading=\"lazy\" decoding=\"async\" src=\"https:\/\/sites.uel.br\/ceca\/wp-content\/uploads\/2022\/12\/WhatsApp-Image-2022-12-08-at-14.39.04-768x600.jpeg.webp\" alt=\"\" class=\"wp-image-3589\" width=\"768\" height=\"600\" srcset=\"https:\/\/sites.uel.br\/ceca\/wp-content\/uploads\/2022\/12\/WhatsApp-Image-2022-12-08-at-14.39.04-768x600.jpeg.webp 768w, https:\/\/sites.uel.br\/ceca\/wp-content\/uploads\/2022\/12\/WhatsApp-Image-2022-12-08-at-14.39.04-768x600.jpeg-300x234.webp 300w\" sizes=\"auto, (max-width: 768px) 100vw, 768px\" \/><figcaption class=\"wp-element-caption\">Materiais recebidos pela empresa passar\u00e3o por an\u00e1lise para serem qualificados e precificados, segundo coordena\u00e7\u00e3o do projeto (Ag\u00eancia UEL)<\/figcaption><\/figure>\n<\/div>\n\n\n<p>Conforme a professora Suzana Barreto, uma das idealizadoras do Sistema BRT, as pe\u00e7as recebidas passar\u00e3o por uma an\u00e1lise, at\u00e9 serem quantificadas e precificadas. Em seguida, ser\u00e3o encaminhadas \u00e0 cooperativa Ecorecin, que tamb\u00e9m vai receber o apoio da UEL no desenvolvimento de estrat\u00e9gias de gera\u00e7\u00e3o de renda.<\/p>\n\n\n\n<p><\/p>\n\n\n\n<p class=\"has-text-color has-small-font-size\" style=\"color:#727272\">\u00c9 autorizada a livre circula\u00e7\u00e3o dos conte\u00fados desta p\u00e1gina em qualquer meio de comunica\u00e7\u00e3o, eletr\u00f4nico ou impresso, desde que citada a fonte.<\/p>\n","protected":false},"excerpt":{"rendered":"<p>Uma parceria firmada entre o Sistema BRT (Banco de Res\u00edduos&nbsp;T\u00eaxteis), do Departamento de Design da UEL, e o Sindicato Intermunicipal das Ind\u00fastrias do Vestu\u00e1rio do Paran\u00e1 (Sivepar) est\u00e1 rendendo bons resultados. Na manh\u00e3 desta quinta-feira (8), professores e alunos ligados ao sistema de log\u00edstica reversa de res\u00edduos t\u00eaxteis, o Sistema BRT, receberam uma doa\u00e7\u00e3o de [&hellip;]<\/p>\n","protected":false},"author":9,"featured_media":3590,"comment_status":"open","ping_status":"open","sticky":false,"template":"","format":"standard","meta":{"_acf_changed":false,"footnotes":""},"categories":[33,38],"tags":[],"class_list":["post-3588","post","type-post","status-publish","format-standard","has-post-thumbnail","hentry","category-acoes","category-destaque-do-ceca"],"acf":[],"_links":{"self":[{"href":"https:\/\/sites.uel.br\/ceca\/wp-json\/wp\/v2\/posts\/3588","targetHints":{"allow":["GET"]}}],"collection":[{"href":"https:\/\/sites.uel.br\/ceca\/wp-json\/wp\/v2\/posts"}],"about":[{"href":"https:\/\/sites.uel.br\/ceca\/wp-json\/wp\/v2\/types\/post"}],"author":[{"embeddable":true,"href":"https:\/\/sites.uel.br\/ceca\/wp-json\/wp\/v2\/users\/9"}],"replies":[{"embeddable":true,"href":"https:\/\/sites.uel.br\/ceca\/wp-json\/wp\/v2\/comments?post=3588"}],"version-history":[{"count":7,"href":"https:\/\/sites.uel.br\/ceca\/wp-json\/wp\/v2\/posts\/3588\/revisions"}],"predecessor-version":[{"id":3598,"href":"https:\/\/sites.uel.br\/ceca\/wp-json\/wp\/v2\/posts\/3588\/revisions\/3598"}],"wp:featuredmedia":[{"embeddable":true,"href":"https:\/\/sites.uel.br\/ceca\/wp-json\/wp\/v2\/media\/3590"}],"wp:attachment":[{"href":"https:\/\/sites.uel.br\/ceca\/wp-json\/wp\/v2\/media?parent=3588"}],"wp:term":[{"taxonomy":"category","embeddable":true,"href":"https:\/\/sites.uel.br\/ceca\/wp-json\/wp\/v2\/categories?post=3588"},{"taxonomy":"post_tag","embeddable":true,"href":"https:\/\/sites.uel.br\/ceca\/wp-json\/wp\/v2\/tags?post=3588"}],"curies":[{"name":"wp","href":"https:\/\/api.w.org\/{rel}","templated":true}]}}