{"id":3561,"date":"2022-12-01T14:52:58","date_gmt":"2022-12-01T17:52:58","guid":{"rendered":"https:\/\/sites.uel.br\/ceca\/?p=3561"},"modified":"2022-12-01T15:12:23","modified_gmt":"2022-12-01T18:12:23","slug":"sistema-banco-de-residuos-texteis-brtuel-grupo-de-pesquisa-desin-cooperativa-de-materiais-reciclaveis-e-sivepar","status":"publish","type":"post","link":"https:\/\/sites.uel.br\/ceca\/premiacoes\/2022\/12\/01\/sistema-banco-de-residuos-texteis-brtuel-grupo-de-pesquisa-desin-cooperativa-de-materiais-reciclaveis-e-sivepar\/","title":{"rendered":"Sistema Banco de Res\u00edduos T\u00eaxteis \u2013 BRTUEL, Grupo de Pesquisa DeSIn, Cooperativa de materiais recicl\u00e1veis e SIVEPAR"},"content":{"rendered":"<div class=\"wp-block-image\">\n<figure class=\"aligncenter size-full\"><a href=\"https:\/\/www.dfbwaward.com\/premiados-2\/\"><img loading=\"lazy\" decoding=\"async\" width=\"800\" height=\"800\" src=\"https:\/\/sites.uel.br\/ceca\/wp-content\/uploads\/2022\/12\/dfbw22_premiados45-py56lq8fhf09gy1azpa4ldhlo79tgm8bfcypg9zdc0.jpg\" alt=\"\" class=\"wp-image-3562\" srcset=\"https:\/\/sites.uel.br\/ceca\/wp-content\/uploads\/2022\/12\/dfbw22_premiados45-py56lq8fhf09gy1azpa4ldhlo79tgm8bfcypg9zdc0.jpg 800w, https:\/\/sites.uel.br\/ceca\/wp-content\/uploads\/2022\/12\/dfbw22_premiados45-py56lq8fhf09gy1azpa4ldhlo79tgm8bfcypg9zdc0-300x300.jpg 300w, https:\/\/sites.uel.br\/ceca\/wp-content\/uploads\/2022\/12\/dfbw22_premiados45-py56lq8fhf09gy1azpa4ldhlo79tgm8bfcypg9zdc0-150x150.jpg 150w, https:\/\/sites.uel.br\/ceca\/wp-content\/uploads\/2022\/12\/dfbw22_premiados45-py56lq8fhf09gy1azpa4ldhlo79tgm8bfcypg9zdc0-768x768.jpg 768w\" sizes=\"auto, (max-width: 800px) 100vw, 800px\" \/><\/a><\/figure>\n<\/div>\n\n\n<p>Liderado pelos professores <a href=\"http:\/\/lattes.cnpq.br\/0071417904869981\">Suzana Barreto Martins<\/a> e <a href=\"http:\/\/lattes.cnpq.br\/0193236846556503\">Cl\u00e1udio Pereira de Sampaio<\/a>, o <a href=\"https:\/\/operobal.uel.br\/ceca\/2022\/10\/21\/banco-de-residuos-texteis-e-inaugurado-em-londrina\/\">Banco de Res\u00edduos T\u00eaxteis<\/a> \u00e9 um sistema de log\u00edstica reversa para res\u00edduos t\u00eaxteis industriais e p\u00f3s-consumo que, sob os princ\u00edpios da economia circular, visa dar a destina\u00e7\u00e3o correta para quase nove mil toneladas de res\u00edduos de tecidos que s\u00e3o descartados anualmente no <a href=\"https:\/\/cmtu.londrina.pr.gov.br\/index.php\/ctr-central-de-tratamento-de-residuos.html\">aterro sanit\u00e1rio de Londrina<\/a>. O Sistema concentra segmentos de clientes como tecel\u00f5es, empresas de estofamento, artes\u00e3os, brech\u00f3s, ind\u00fastrias t\u00eaxteis e de confec\u00e7\u00e3o da comunidade de Londrina e regi\u00e3o. A iniciativa \u00e9 pioneira no pa\u00eds para o processamento de materiais t\u00eaxteis, em especial, os de p\u00f3s-consumo \u2013 e promove a sustentabilidade social, gerando trabalho e renda.<\/p>\n","protected":false},"excerpt":{"rendered":"<p>Projeto Premiado Design for a Better World 2022<\/p>\n","protected":false},"author":9,"featured_media":3562,"comment_status":"open","ping_status":"open","sticky":false,"template":"","format":"standard","meta":{"_acf_changed":false,"footnotes":""},"categories":[35],"tags":[],"class_list":["post-3561","post","type-post","status-publish","format-standard","has-post-thumbnail","hentry","category-premiacoes"],"acf":[],"_links":{"self":[{"href":"https:\/\/sites.uel.br\/ceca\/wp-json\/wp\/v2\/posts\/3561","targetHints":{"allow":["GET"]}}],"collection":[{"href":"https:\/\/sites.uel.br\/ceca\/wp-json\/wp\/v2\/posts"}],"about":[{"href":"https:\/\/sites.uel.br\/ceca\/wp-json\/wp\/v2\/types\/post"}],"author":[{"embeddable":true,"href":"https:\/\/sites.uel.br\/ceca\/wp-json\/wp\/v2\/users\/9"}],"replies":[{"embeddable":true,"href":"https:\/\/sites.uel.br\/ceca\/wp-json\/wp\/v2\/comments?post=3561"}],"version-history":[{"count":9,"href":"https:\/\/sites.uel.br\/ceca\/wp-json\/wp\/v2\/posts\/3561\/revisions"}],"predecessor-version":[{"id":3577,"href":"https:\/\/sites.uel.br\/ceca\/wp-json\/wp\/v2\/posts\/3561\/revisions\/3577"}],"wp:featuredmedia":[{"embeddable":true,"href":"https:\/\/sites.uel.br\/ceca\/wp-json\/wp\/v2\/media\/3562"}],"wp:attachment":[{"href":"https:\/\/sites.uel.br\/ceca\/wp-json\/wp\/v2\/media?parent=3561"}],"wp:term":[{"taxonomy":"category","embeddable":true,"href":"https:\/\/sites.uel.br\/ceca\/wp-json\/wp\/v2\/categories?post=3561"},{"taxonomy":"post_tag","embeddable":true,"href":"https:\/\/sites.uel.br\/ceca\/wp-json\/wp\/v2\/tags?post=3561"}],"curies":[{"name":"wp","href":"https:\/\/api.w.org\/{rel}","templated":true}]}}