{"id":3553,"date":"2022-12-01T14:37:52","date_gmt":"2022-12-01T17:37:52","guid":{"rendered":"https:\/\/sites.uel.br\/ceca\/?p=3553"},"modified":"2022-12-01T15:02:03","modified_gmt":"2022-12-01T18:02:03","slug":"producao-de-vestuario-para-a-sustentabilidade-por-meio-do-open-design-fabricacao-digital-e-producao-distribuida-competencias-necessarias","status":"publish","type":"post","link":"https:\/\/sites.uel.br\/ceca\/premiacoes\/2022\/12\/01\/producao-de-vestuario-para-a-sustentabilidade-por-meio-do-open-design-fabricacao-digital-e-producao-distribuida-competencias-necessarias\/","title":{"rendered":"PRODU\u00c7\u00c3O DE VESTU\u00c1RIO PARA A SUSTENTABILIDADE POR MEIO DO OPEN DESIGN, FABRICA\u00c7\u00c3O DIGITAL E PRODU\u00c7\u00c3O DISTRIBU\u00cdDA: COMPET\u00caNCIAS NECESS\u00c1RIAS"},"content":{"rendered":"<div class=\"wp-block-image\">\n<figure class=\"aligncenter size-large\"><img loading=\"lazy\" decoding=\"async\" width=\"664\" height=\"1024\" src=\"https:\/\/sites.uel.br\/ceca\/wp-content\/uploads\/2022\/12\/02_Teorico_Fernanda-de-Oliveira-Massi-scaled-1-664x1024.jpg\" alt=\"\" class=\"wp-image-3554\" srcset=\"https:\/\/sites.uel.br\/ceca\/wp-content\/uploads\/2022\/12\/02_Teorico_Fernanda-de-Oliveira-Massi-scaled-1-664x1024.jpg 664w, https:\/\/sites.uel.br\/ceca\/wp-content\/uploads\/2022\/12\/02_Teorico_Fernanda-de-Oliveira-Massi-scaled-1-194x300.jpg 194w, https:\/\/sites.uel.br\/ceca\/wp-content\/uploads\/2022\/12\/02_Teorico_Fernanda-de-Oliveira-Massi-scaled-1-768x1185.jpg 768w, https:\/\/sites.uel.br\/ceca\/wp-content\/uploads\/2022\/12\/02_Teorico_Fernanda-de-Oliveira-Massi-scaled-1-995x1536.jpg 995w, https:\/\/sites.uel.br\/ceca\/wp-content\/uploads\/2022\/12\/02_Teorico_Fernanda-de-Oliveira-Massi-scaled-1-1327x2048.jpg 1327w, https:\/\/sites.uel.br\/ceca\/wp-content\/uploads\/2022\/12\/02_Teorico_Fernanda-de-Oliveira-Massi-scaled-1.jpg 1659w\" sizes=\"auto, (max-width: 664px) 100vw, 664px\" \/><\/figure>\n<\/div>\n\n\n<p>A estudante <a href=\"http:\/\/lattes.cnpq.br\/6007319459186056\">Fernanda de Oliveira Massi<\/a>, formanda em <a href=\"http:\/\/www.uel.br\/ceca\/designdemoda\/\">Design de Moda na UEL<\/a>, \u00e9 uma das vencedoras do Pr\u00eamio Bom Design 2022. A premia\u00e7\u00e3o foi criada em 1987 e sofreu interrup\u00e7\u00e3o em 1996. Foi retomada em 2009 e \u00e9 concedida anualmente pela Associa\u00e7\u00e3o das Empresas e Profissionais de Design do Paran\u00e1 (ProDesign>pr) e pelo F\u00f3rum dos Coordenadores dos Cursos de Design do Paran\u00e1. O an\u00fancio foi feito nesta segunda (28), em cerim\u00f4nia realizada em S\u00e3o Paulo.<\/p>\n\n\n\n<p>O Bom Design tem o objetivo de conferir prest\u00edgio e visibilidade aos melhores trabalhos de conclus\u00e3o de curso ou equivalentes do sul do Brasil, do ponto de vista dos profissionais atuantes no mercado e promover um espa\u00e7o de discuss\u00e3o entre as pr\u00e1ticas profissionais e as institui\u00e7\u00f5es de ensino de Design.<\/p>\n\n\n\n<p>Orientada pelas professoras <a href=\"http:\/\/lattes.cnpq.br\/0071417904869981\">Suzana Barreto Martins<\/a> e <a href=\"http:\/\/lattes.cnpq.br\/7032553306249218\">Iana Uliana Perez<\/a> (UNESP), Fernanda venceu com seu Trabalho de Conclus\u00e3o de Curso, intitulado \u201cProdu\u00e7\u00e3o de vestu\u00e1rio para a sustentabilidade por meio do Open Design, fabrica\u00e7\u00e3o digital e produ\u00e7\u00e3o distribu\u00edda: compet\u00eancias necess\u00e1rias\u201d. Obteve o primeiro lugar na categoria Desgin Te\u00f3rico.<\/p>\n\n\n\n<p>Segundo a professora Suzana, o estudo vem sendo constru\u00eddo h\u00e1 anos, desde que a estudante se tornou bolsista, em 2019. Ela extrapolou o conte\u00fado do curso na UEL e visitou laborat\u00f3rios em Curitiba e S\u00e3o Paulo para saber mais sobre a fabrica\u00e7\u00e3o digital (impress\u00f5es em 3D) e validar as compet\u00eancias necess\u00e1rias. Como trabalho te\u00f3rico-pr\u00e1tico, tamb\u00e9m produziu pe\u00e7as e acess\u00f3rios.<\/p>\n\n\n\n<p>N\u00e3o \u00e9 a primeira vez que o curso de Design de Moda da UEL recebe este pr\u00eamio. Em 2021, por exemplo, foram tr\u00eas trabalhos premiados.<\/p>\n","protected":false},"excerpt":{"rendered":"<p>A estudante Fernanda de Oliveira Massi, formanda em Design de Moda na UEL, \u00e9 uma das vencedoras do Pr\u00eamio Bom Design 2022. A premia\u00e7\u00e3o foi criada em 1987 e sofreu interrup\u00e7\u00e3o em 1996. Foi retomada em 2009 e \u00e9 concedida anualmente pela Associa\u00e7\u00e3o das Empresas e Profissionais de Design do Paran\u00e1 (ProDesign>pr) e pelo F\u00f3rum [&hellip;]<\/p>\n","protected":false},"author":9,"featured_media":3555,"comment_status":"open","ping_status":"open","sticky":false,"template":"","format":"standard","meta":{"_acf_changed":false,"footnotes":""},"categories":[35],"tags":[],"class_list":["post-3553","post","type-post","status-publish","format-standard","has-post-thumbnail","hentry","category-premiacoes"],"acf":[],"_links":{"self":[{"href":"https:\/\/sites.uel.br\/ceca\/wp-json\/wp\/v2\/posts\/3553","targetHints":{"allow":["GET"]}}],"collection":[{"href":"https:\/\/sites.uel.br\/ceca\/wp-json\/wp\/v2\/posts"}],"about":[{"href":"https:\/\/sites.uel.br\/ceca\/wp-json\/wp\/v2\/types\/post"}],"author":[{"embeddable":true,"href":"https:\/\/sites.uel.br\/ceca\/wp-json\/wp\/v2\/users\/9"}],"replies":[{"embeddable":true,"href":"https:\/\/sites.uel.br\/ceca\/wp-json\/wp\/v2\/comments?post=3553"}],"version-history":[{"count":5,"href":"https:\/\/sites.uel.br\/ceca\/wp-json\/wp\/v2\/posts\/3553\/revisions"}],"predecessor-version":[{"id":3571,"href":"https:\/\/sites.uel.br\/ceca\/wp-json\/wp\/v2\/posts\/3553\/revisions\/3571"}],"wp:featuredmedia":[{"embeddable":true,"href":"https:\/\/sites.uel.br\/ceca\/wp-json\/wp\/v2\/media\/3555"}],"wp:attachment":[{"href":"https:\/\/sites.uel.br\/ceca\/wp-json\/wp\/v2\/media?parent=3553"}],"wp:term":[{"taxonomy":"category","embeddable":true,"href":"https:\/\/sites.uel.br\/ceca\/wp-json\/wp\/v2\/categories?post=3553"},{"taxonomy":"post_tag","embeddable":true,"href":"https:\/\/sites.uel.br\/ceca\/wp-json\/wp\/v2\/tags?post=3553"}],"curies":[{"name":"wp","href":"https:\/\/api.w.org\/{rel}","templated":true}]}}