{"id":3607,"date":"2026-09-04T13:31:36","date_gmt":"2026-09-04T16:31:36","guid":{"rendered":"https:\/\/sites.uel.br\/ccs\/?p=3607"},"modified":"2026-09-04T13:31:36","modified_gmt":"2026-09-04T16:31:36","slug":"uel-amplia-oferta-academica-com-novos-cursos-focados-em-demandas-economicas-e-de-saude-regional","status":"publish","type":"post","link":"https:\/\/sites.uel.br\/ccs\/sem-categoria\/2026\/09\/04\/uel-amplia-oferta-academica-com-novos-cursos-focados-em-demandas-economicas-e-de-saude-regional\/","title":{"rendered":"UEL amplia oferta acad\u00eamica com novos cursos focados em demandas econ\u00f4micas e de sa\u00fade regional"},"content":{"rendered":"\n<p class=\"wp-block-paragraph\">Jana\u00edna \u00c1vila<\/p>\n\n\n\n<p class=\"wp-block-paragraph\">Ag\u00eancia UEL<\/p>\n\n\n\n<p class=\"wp-block-paragraph\">A Universidade Estadual de Londrina (UEL) expande a oferta de gradua\u00e7\u00e3o com o lan\u00e7amento recente dos cursos de Geologia e Fonoaudiologia j\u00e1 para o\u00a0<a href=\"https:\/\/operobal.uel.br\/tag\/vestibular-2027\/\" target=\"_blank\" rel=\"noopener\">Vestibular 2027<\/a>. A iniciativa busca atender a demandas hist\u00f3ricas de forma\u00e7\u00e3o t\u00e9cnica e profissional no Norte do Paran\u00e1 e em estados vizinhos, preenchendo lacunas regionais de qualifica\u00e7\u00e3o t\u00e9cnica e promovendo o desenvolvimento econ\u00f4mico e de sa\u00fade p\u00fablica.<\/p>\n\n\n\n<p class=\"wp-block-paragraph\">A valoriza\u00e7\u00e3o no mercado de trabalho e a alta demanda por profissionais qualificados figuram entre as justificativas das novas gradua\u00e7\u00f5es. No setor de\u00a0<a href=\"https:\/\/operobal.uel.br\/cce\/2025\/07\/03\/universidade-estadual-de-londrina-aprova-criacao-de-curso-de-geologia\/\" target=\"_blank\" rel=\"noopener\">Geologia<\/a>, os formados ingressam em um campo aquecido pela prospec\u00e7\u00e3o mineral, transi\u00e7\u00e3o energ\u00e9tica e seguran\u00e7a h\u00eddrica, com perspectivas remunerat\u00f3rias acima da m\u00e9dia do mercado nacional.<\/p>\n\n\n\n<p class=\"wp-block-paragraph\">\u201cOs dados mais recentes indicam que a m\u00e9dia salarial da profiss\u00e3o fica na faixa de dez mil reais, a posicionando como a quarta carreira mais rent\u00e1vel do mercado. Este cen\u00e1rio reflete a crescente demanda por profissionais qualificados, especialmente em nossa regi\u00e3o, impulsionada por setores estrat\u00e9gicos\u201d, afirma o professor Jos\u00e9 Paulo Pinese, do j\u00e1 existente\u00a0<a href=\"https:\/\/operobal.uel.br\/tag\/departamento-de-geologia-e-geomatica\/\" target=\"_blank\" rel=\"noopener\">Departamento de Geologia e Geom\u00e1tica<\/a>, do Centro de Ci\u00eancias Exatas (CCE).<\/p>\n\n\n<div class=\"wp-block-image\">\n<figure class=\"aligncenter size-large is-resized\"><img loading=\"lazy\" decoding=\"async\" width=\"1024\" height=\"683\" src=\"https:\/\/sites.uel.br\/ccs\/wp-content\/uploads\/2026\/09\/Museu-de-Geologia-rochas-pedras-minerais-AndreRidao-02092026-1536x1024-1-1024x683.jpg\" alt=\"\" class=\"wp-image-3609\" style=\"width:706px;height:auto\" srcset=\"https:\/\/sites.uel.br\/ccs\/wp-content\/uploads\/2026\/09\/Museu-de-Geologia-rochas-pedras-minerais-AndreRidao-02092026-1536x1024-1-1024x683.jpg 1024w, https:\/\/sites.uel.br\/ccs\/wp-content\/uploads\/2026\/09\/Museu-de-Geologia-rochas-pedras-minerais-AndreRidao-02092026-1536x1024-1-300x200.jpg 300w, https:\/\/sites.uel.br\/ccs\/wp-content\/uploads\/2026\/09\/Museu-de-Geologia-rochas-pedras-minerais-AndreRidao-02092026-1536x1024-1-768x512.jpg 768w, https:\/\/sites.uel.br\/ccs\/wp-content\/uploads\/2026\/09\/Museu-de-Geologia-rochas-pedras-minerais-AndreRidao-02092026-1536x1024-1.jpg 1536w\" sizes=\"auto, (max-width: 1024px) 100vw, 1024px\" \/><figcaption class=\"wp-element-caption\"><em>Geologia: alta demanda por profissionais e m\u00e9dia salarial atraente<\/em><\/figcaption><\/figure>\n<\/div>\n\n\n<p class=\"wp-block-paragraph\"><strong>Oportunidades no Agroneg\u00f3cio<\/strong><\/p>\n\n\n\n<p class=\"wp-block-paragraph\">A exig\u00eancia por ge\u00f3logos, continua o professor, \u00e9 impulsionada por empreendimentos de grande porte e necessidades infraestruturais no estado. Entre os destaques econ\u00f4micos, Pinese cita investimentos expressivos na ind\u00fastria de insumos agr\u00edcolas e na gest\u00e3o de recursos h\u00eddricos para abastecimento e\u00a0<a href=\"https:\/\/operobal.uel.br\/tag\/agricultura\/\" target=\"_blank\" rel=\"noopener\">agricultura<\/a>.<\/p>\n\n\n\n<p class=\"wp-block-paragraph\">\u201cA atua\u00e7\u00e3o do ge\u00f3logo \u00e9 essencial em diversas frentes: na prospec\u00e7\u00e3o de agrominerais, fundamentais para a substitui\u00e7\u00e3o de fertilizantes na agricultura nacional; na explora\u00e7\u00e3o de terras raras, indispens\u00e1veis para a ind\u00fastria de alta\u00a0<a href=\"https:\/\/operobal.uel.br\/tag\/tecnologia\/\" target=\"_blank\" rel=\"noopener\">tecnologia<\/a>; e na busca por \u00e1guas subterr\u00e2neas, cruciais para o abastecimento urbano e para a irriga\u00e7\u00e3o agr\u00edcola\u201d, detalha o docente.<\/p>\n\n\n\n<p class=\"wp-block-paragraph\">Um exemplo dessa necessidade foi a recente escassez h\u00eddrica em Curitiba, que demandou solu\u00e7\u00f5es em \u00e1guas subterr\u00e2neas por parte de empresas como a Sanepar, grandes contratantes de ge\u00f3logos. \u201cAtualmente, observamos investimentos vultosos no setor, como o aporte de tr\u00eas bilh\u00f5es de reais em Sapopema para a produ\u00e7\u00e3o de ureia a partir do carv\u00e3o, voltada \u00e0 ind\u00fastria de fertilizantes, um projeto que exige a expertise t\u00e9cnica deste profissional\u201d, aponta Pinese.<\/p>\n\n\n\n<p class=\"wp-block-paragraph\">Para Guto Sim\u00f5es, especialista em Recursos Minerais, a Geologia vai muito al\u00e9m dos atrativos salariais, sendo uma escolha para quem possui esp\u00edrito aventureiro. \u2018\u00c9 uma profiss\u00e3o ideal para aqueles que buscam desbravar horizontes e que anseiam por conhecer n\u00e3o apenas o mundo em termos culturais ou geogr\u00e1ficos, mas a Terra em seu sentido mais literal e f\u00edsico\u2019, ressalta. O trabalho rotineiro dos ge\u00f3logos envolve a an\u00e1lise da estrutura e composi\u00e7\u00e3o do planeta, necessitando de dedica\u00e7\u00e3o e, habitualmente, a realiza\u00e7\u00e3o de pr\u00e1ticas e investiga\u00e7\u00f5es diretamente no campo de trabalho.<\/p>\n\n\n<div class=\"wp-block-image\">\n<figure class=\"aligncenter size-large is-resized\"><img loading=\"lazy\" decoding=\"async\" width=\"1024\" height=\"683\" src=\"https:\/\/sites.uel.br\/ccs\/wp-content\/uploads\/2026\/09\/Museu-de-Geologia-rochas-pedras-minerais-AndreRidao-02092026-3-1536x1024-1-1024x683.jpg\" alt=\"\" class=\"wp-image-3608\" style=\"width:674px;height:auto\" srcset=\"https:\/\/sites.uel.br\/ccs\/wp-content\/uploads\/2026\/09\/Museu-de-Geologia-rochas-pedras-minerais-AndreRidao-02092026-3-1536x1024-1-1024x683.jpg 1024w, https:\/\/sites.uel.br\/ccs\/wp-content\/uploads\/2026\/09\/Museu-de-Geologia-rochas-pedras-minerais-AndreRidao-02092026-3-1536x1024-1-300x200.jpg 300w, https:\/\/sites.uel.br\/ccs\/wp-content\/uploads\/2026\/09\/Museu-de-Geologia-rochas-pedras-minerais-AndreRidao-02092026-3-1536x1024-1-768x512.jpg 768w, https:\/\/sites.uel.br\/ccs\/wp-content\/uploads\/2026\/09\/Museu-de-Geologia-rochas-pedras-minerais-AndreRidao-02092026-3-1536x1024-1.jpg 1536w\" sizes=\"auto, (max-width: 1024px) 100vw, 1024px\" \/><figcaption class=\"wp-element-caption\"><em>Curso de Geologia pertence ao Centro de Ci\u00eancias Exatas (CCE)<\/em><\/figcaption><\/figure>\n<\/div>\n\n\n<p class=\"wp-block-paragraph\"><strong>Forma\u00e7\u00e3o in\u00e9dita no interior<\/strong><\/p>\n\n\n\n<p class=\"wp-block-paragraph\">Sediado no Centro de Ci\u00eancias Exatas (<a href=\"https:\/\/operobal.uel.br\/tag\/CCE\/\" target=\"_blank\" rel=\"noopener\">CCE<\/a>), o curso de Geologia \u00e9 o primeiro e \u00fanico oferecido por uma institui\u00e7\u00e3o p\u00fablica fora da capital paranaense, atendendo tamb\u00e9m estudantes do oeste de S\u00e3o Paulo, Mato Grosso do Sul e interior de Santa Catarina. Um dos principais diferenciais da proposta pedag\u00f3gica, de acordo com o professor Pinese, \u00e9 o seu formato de oferta.<\/p>\n\n\n\n<p class=\"wp-block-paragraph\">\u201cDiferente de outros cursos de Geologia, que frequentemente operam em per\u00edodo integral, o curso na UEL ser\u00e1 ministrado exclusivamente no per\u00edodo matutino\u201d, ressalta. \u201cEmbora a grade obede\u00e7a \u00e0 obrigatoriedade legal de cinco anos de dura\u00e7\u00e3o, essa organiza\u00e7\u00e3o permite que o estudante disponha dos per\u00edodos vespertino e noturno para exercer atividades profissionais, est\u00e1gios ou desenvolver projetos de\u00a0<a href=\"https:\/\/operobal.uel.br\/tag\/pesquisa\/\" target=\"_blank\" rel=\"noopener\">pesquisa<\/a>\u201d, complementa.<\/p>\n\n\n\n<p class=\"wp-block-paragraph\">O projeto pedag\u00f3gico da Geologia engloba desde a pesquisa de combust\u00edveis f\u00f3sseis e hidrocarbonetos at\u00e9 a gest\u00e3o ambiental, paleogeografia, vulcanologia e sismologia. A forma\u00e7\u00e3o tamb\u00e9m incluir\u00e1 estudos sobre os abalos s\u00edsmicos recorrentes na regi\u00e3o de Londrina. \u201cEste curso contribuir\u00e1 para a forma\u00e7\u00e3o de novos profissionais especializados em sismologia e geof\u00edsica, \u00e1reas fundamentais da geologia, cujo conhecimento permitir\u00e1 compreender melhor a origem dos abalos que atingem o munic\u00edpio ciclicamente\u201d, acrescenta Pinese. A estrutura do curso conta com\u00a0<a href=\"https:\/\/operobal.uel.br\/tag\/laboratorio\/\" target=\"_blank\" rel=\"noopener\">laborat\u00f3rios<\/a>\u00a0de pesquisa, acervo de rochas e f\u00f3sseis em seu\u00a0<a href=\"https:\/\/departamentos.uel.br\/geologia-e-geomatica\/apresentacao\/museu-de-geologia\/o-museu\/\" target=\"_blank\" rel=\"noopener\">museu pr\u00f3prio<\/a>\u00a0e previs\u00e3o de amplia\u00e7\u00e3o do corpo docente via\u00a0<a href=\"https:\/\/operobal.uel.br\/tag\/concurso-docentes\/\" target=\"_blank\" rel=\"noopener\">concursos<\/a>\u00a0p\u00fablicos.<\/p>\n\n\n\n<p class=\"wp-block-paragraph\"><strong>Sa\u00fade e comunica\u00e7\u00e3o humana<\/strong><\/p>\n\n\n\n<p class=\"wp-block-paragraph\">A\u00a0<a href=\"https:\/\/operobal.uel.br\/tag\/fonoaudiologia\/\" target=\"_blank\" rel=\"noopener\">Fonoaudiologia<\/a>\u00a0chega para suprir a necessidade de profissionais capacitados na preven\u00e7\u00e3o, diagn\u00f3stico e reabilita\u00e7\u00e3o de dist\u00farbios da comunica\u00e7\u00e3o humana em diferentes equipamentos de sa\u00fade e educa\u00e7\u00e3o.<\/p>\n\n\n\n<div class=\"wp-block-columns is-layout-flex wp-container-core-columns-is-layout-8f761849 wp-block-columns-is-layout-flex\">\n<div class=\"wp-block-column is-layout-flow wp-block-column-is-layout-flow\"><div class=\"wp-block-image\">\n<figure class=\"aligncenter size-large is-resized\"><img loading=\"lazy\" decoding=\"async\" width=\"1024\" height=\"1024\" src=\"https:\/\/sites.uel.br\/ccs\/wp-content\/uploads\/2026\/09\/fala-1024x1024.png\" alt=\"\" class=\"wp-image-3610\" style=\"width:308px;height:auto\" srcset=\"https:\/\/sites.uel.br\/ccs\/wp-content\/uploads\/2026\/09\/fala-1024x1024.png 1024w, https:\/\/sites.uel.br\/ccs\/wp-content\/uploads\/2026\/09\/fala-300x300.png 300w, https:\/\/sites.uel.br\/ccs\/wp-content\/uploads\/2026\/09\/fala-150x150.png 150w, https:\/\/sites.uel.br\/ccs\/wp-content\/uploads\/2026\/09\/fala-768x768.png 768w, https:\/\/sites.uel.br\/ccs\/wp-content\/uploads\/2026\/09\/fala.png 1254w\" sizes=\"auto, (max-width: 1024px) 100vw, 1024px\" \/><\/figure>\n<\/div><\/div>\n\n\n\n<div class=\"wp-block-column is-layout-flow wp-block-column-is-layout-flow\">\n<p class=\"wp-block-paragraph\">De acordo com o professor Paulo Melo, membro da comiss\u00e3o\u00a0<a href=\"https:\/\/operobal.uel.br\/ccs\/2025\/08\/07\/uel-encaminha-ao-governo-proposta-de-criacao-do-curso-de-fonoaudiologia\/\" target=\"_blank\" rel=\"noopener\">proponente do curso<\/a>\u00a0e fonoaudi\u00f3logo, tanto no territ\u00f3rio nacional quanto no Norte do Paran\u00e1, h\u00e1 um vasto campo para atua\u00e7\u00e3o e inser\u00e7\u00e3o do profissional. \u201cPor exemplo, em hospitais da rede p\u00fablica e privada, ind\u00fastrias, consult\u00f3rios particulares, empresas de exames admissionais e peri\u00f3dicos, rede de televis\u00e3o assim como de r\u00e1dio, teatro e assim por diante\u201d, explica.<\/p>\n<\/div>\n<\/div>\n\n\n\n<p class=\"wp-block-paragraph\">Vinculado ao Departamento de Patologia, An\u00e1lises Cl\u00ednicas e Toxicol\u00f3gicas (PAC), o curso foca em uma forma\u00e7\u00e3o generalista e interdisciplinar, articulando conhecimentos com a Medicina, Odontologia, Nutri\u00e7\u00e3o e Educa\u00e7\u00e3o. \u201cIndicaria o curso de Fonoaudiologia para uma pessoa que tem interesse em ser um profissional da \u00e1rea da sa\u00fade que trata a comunica\u00e7\u00e3o humana, nas \u00e1reas da audi\u00e7\u00e3o, voz, fala, linguagem e motricidade orofacial em todas as fases da vida humana, desde o rec\u00e9m-nascido ao idoso\u201d, afirma o fonoaudi\u00f3logo.<\/p>\n\n\n\n<div class=\"wp-block-columns is-layout-flex wp-container-core-columns-is-layout-8f761849 wp-block-columns-is-layout-flex\">\n<div class=\"wp-block-column is-layout-flow wp-block-column-is-layout-flow\">\n<p class=\"wp-block-paragraph\">A estrutura curricular prev\u00ea aulas te\u00f3ricas no Centro de Ci\u00eancias da Sa\u00fade (<a href=\"https:\/\/operobal.uel.br\/tag\/ccs\/\" target=\"_blank\" rel=\"noopener\">CCS<\/a>) e no Campus Universit\u00e1rio, combinadas com atividades pr\u00e1ticas e est\u00e1gios integrados no\u00a0<a href=\"https:\/\/sites.uel.br\/hu-londrina\/\" target=\"_blank\" rel=\"noopener\">Hospital Universit\u00e1rio (HU)<\/a>, Ambulat\u00f3rio de Especialidades do HU (AEHU), Unidades B\u00e1sicas de Sa\u00fade (UBS), Cl\u00ednica Universit\u00e1ria e rede escolar. O curso, ofertado no per\u00edodo matutino, tem dura\u00e7\u00e3o de cinco anos e carga hor\u00e1ria total de 4 mil horas.<\/p>\n<\/div>\n\n\n\n<div class=\"wp-block-column is-layout-flow wp-block-column-is-layout-flow\">\n<figure class=\"wp-block-image size-full\"><img loading=\"lazy\" decoding=\"async\" width=\"449\" height=\"344\" src=\"https:\/\/sites.uel.br\/ccs\/wp-content\/uploads\/2026\/09\/CCS-UEL.jpg\" alt=\"\" class=\"wp-image-3611\" srcset=\"https:\/\/sites.uel.br\/ccs\/wp-content\/uploads\/2026\/09\/CCS-UEL.jpg 449w, https:\/\/sites.uel.br\/ccs\/wp-content\/uploads\/2026\/09\/CCS-UEL-300x230.jpg 300w\" sizes=\"auto, (max-width: 449px) 100vw, 449px\" \/><figcaption class=\"wp-element-caption\"><em>Curso de Fonoaudiologia pertence ao CCS<\/em><br><em>(FOTO: Arquivo\/CCS)<\/em><\/figcaption><\/figure>\n<\/div>\n<\/div>\n\n\n\n<p class=\"wp-block-paragraph\">O corpo docente ser\u00e1 constitu\u00eddo por doutores engajados em pesquisas acad\u00eamicas e projetos de\u00a0<a href=\"https:\/\/operobal.uel.br\/tag\/extensao\/\" target=\"_blank\" rel=\"noopener\">extens\u00e3o<\/a>\u00a0voltados ao atendimento da\u00a0<a href=\"https:\/\/operobal.uel.br\/tag\/comunidade\/\" target=\"_blank\" rel=\"noopener\">comunidade<\/a>. \u201cSer aluno da UEL implica estar em uma das melhores universidades p\u00fablicas do nosso Pa\u00eds, que oferta al\u00e9m da forma\u00e7\u00e3o de excel\u00eancia, uma s\u00e9rie de programas institucionais nacionais e internacionais para a forma\u00e7\u00e3o de profissionais de qualidade\u201d, complementa Melo.<\/p>\n\n\n\n<p class=\"wp-block-paragraph\"><strong>Vestibular 2027:<\/strong>&nbsp;<strong>Inscri\u00e7\u00f5es abertas<\/strong><\/p>\n\n\n\n<p class=\"wp-block-paragraph\">Candidatos \u00e0s vagas dos dois novos cursos de gradua\u00e7\u00e3o da UEL podem efetuar suas inscri\u00e7\u00f5es at\u00e9 o dia 10 de setembro, exclusivamente pelo site da\u00a0<a href=\"https:\/\/www.cops.uel.br\/\" target=\"_blank\" rel=\"noopener\">Coordenadoria de Processos Seletivos (Cops)<\/a>. A taxa \u00e9 de R$ 181,00.<\/p>\n\n\n\n<p class=\"wp-block-paragraph\">Quem j\u00e1 efetuou a inscri\u00e7\u00e3o para o\u00a0<a href=\"https:\/\/operobal.uel.br\/tag\/vestibular\/\" target=\"_blank\" rel=\"noopener\">Vestibular<\/a>\u00a0e desejar migrar para uma das novas gradua\u00e7\u00f5es tamb\u00e9m dever\u00e1 acessar o portal e realizar o procedimento de transfer\u00eancia. S\u00e3o 19 vagas para a Fonoaudiologia, cinco para o SISU e seis por meio do Aprova Paran\u00e1. Para Geologia, ser\u00e3o ofertadas 11 vagas para o Vestibular de Geologia, mais cinco por meio do SISU e quatro pelo Aprova Paran\u00e1.<\/p>\n\n\n\n<p class=\"wp-block-paragraph\"><em>*Assessora especial na Coordenadoria de Comunica\u00e7\u00e3o\/UEL<\/em><\/p>\n","protected":false},"excerpt":{"rendered":"<p>Jana\u00edna \u00c1vila Ag\u00eancia UEL A Universidade Estadual de Londrina (UEL) expande a oferta de gradua\u00e7\u00e3o com o lan\u00e7amento recente dos cursos de Geologia e Fonoaudiologia j\u00e1 para o\u00a0Vestibular 2027. A iniciativa busca atender a demandas hist\u00f3ricas de forma\u00e7\u00e3o t\u00e9cnica e profissional no Norte do Paran\u00e1 e em estados vizinhos, preenchendo lacunas regionais de qualifica\u00e7\u00e3o t\u00e9cnica [&hellip;]<\/p>\n","protected":false},"author":15,"featured_media":3610,"comment_status":"open","ping_status":"open","sticky":false,"template":"","format":"standard","meta":{"_acf_changed":false,"footnotes":"","_members_access_role":[],"_members_access_error":""},"categories":[1],"tags":[],"class_list":["post-3607","post","type-post","status-publish","format-standard","has-post-thumbnail","hentry","category-sem-categoria"],"acf":[],"_links":{"self":[{"href":"https:\/\/sites.uel.br\/ccs\/wp-json\/wp\/v2\/posts\/3607","targetHints":{"allow":["GET"]}}],"collection":[{"href":"https:\/\/sites.uel.br\/ccs\/wp-json\/wp\/v2\/posts"}],"about":[{"href":"https:\/\/sites.uel.br\/ccs\/wp-json\/wp\/v2\/types\/post"}],"author":[{"embeddable":true,"href":"https:\/\/sites.uel.br\/ccs\/wp-json\/wp\/v2\/users\/15"}],"replies":[{"embeddable":true,"href":"https:\/\/sites.uel.br\/ccs\/wp-json\/wp\/v2\/comments?post=3607"}],"version-history":[{"count":1,"href":"https:\/\/sites.uel.br\/ccs\/wp-json\/wp\/v2\/posts\/3607\/revisions"}],"predecessor-version":[{"id":3612,"href":"https:\/\/sites.uel.br\/ccs\/wp-json\/wp\/v2\/posts\/3607\/revisions\/3612"}],"wp:featuredmedia":[{"embeddable":true,"href":"https:\/\/sites.uel.br\/ccs\/wp-json\/wp\/v2\/media\/3610"}],"wp:attachment":[{"href":"https:\/\/sites.uel.br\/ccs\/wp-json\/wp\/v2\/media?parent=3607"}],"wp:term":[{"taxonomy":"category","embeddable":true,"href":"https:\/\/sites.uel.br\/ccs\/wp-json\/wp\/v2\/categories?post=3607"},{"taxonomy":"post_tag","embeddable":true,"href":"https:\/\/sites.uel.br\/ccs\/wp-json\/wp\/v2\/tags?post=3607"}],"curies":[{"name":"wp","href":"https:\/\/api.w.org\/{rel}","templated":true}]}}