{"id":3600,"date":"2026-09-04T13:21:13","date_gmt":"2026-09-04T16:21:13","guid":{"rendered":"https:\/\/sites.uel.br\/ccs\/?p=3600"},"modified":"2026-09-04T13:21:14","modified_gmt":"2026-09-04T16:21:14","slug":"workshop-proporciona-imersao-a-estudantes-que-desejam-cursar-medicina","status":"publish","type":"post","link":"https:\/\/sites.uel.br\/ccs\/sem-categoria\/2026\/09\/04\/workshop-proporciona-imersao-a-estudantes-que-desejam-cursar-medicina\/","title":{"rendered":"Workshop proporciona imers\u00e3o a estudantes que desejam cursar Medicina"},"content":{"rendered":"\n<p class=\"wp-block-paragraph\">*Luiza Garcia<\/p>\n\n\n\n<p class=\"wp-block-paragraph\">Ag\u00eancia UEL<\/p>\n\n\n\n<p class=\"wp-block-paragraph\">A\u00a0<a href=\"https:\/\/www.instagram.com\/medicinalondrina\/?hl=pt\" target=\"_blank\" rel=\"noopener\">Atl\u00e9tica do curso de Medicina<\/a>, do\u00a0<a href=\"https:\/\/sites.uel.br\/ccs\/\" target=\"_blank\" rel=\"noopener\">Centro de Ci\u00eancias da Sa\u00fade (CCS)<\/a>\u00a0 e a\u00a0<a href=\"https:\/\/hutec.org.br\/\" target=\"_blank\" rel=\"noopener\">Funda\u00e7\u00e3o HUTec<\/a>\u00a0 promovem, nos pr\u00f3ximos dias 5 e 12 de setembro, o Workshop de Medicina da UEL. Voltado a estudantes que t\u00eam inten\u00e7\u00e3o de cursar medicina, o evento busca apresentar a rotina e as possibilidades da gradua\u00e7\u00e3o e da profiss\u00e3o, por meio de atividades pr\u00e1ticas e te\u00f3ricas.\u00a0<\/p>\n\n\n\n<p class=\"wp-block-paragraph\">A expectativa \u00e9 de que mais de 300 estudantes participem da iniciativa, as inscri\u00e7\u00f5es est\u00e3o na reta final e podem ser realizadas at\u00e9 o dia 9 de setembro, pelo valor de R$140,00 \u2013\u00a0<a href=\"https:\/\/opctec.net.br\/hutec\/workshopmed2026\/inscricoes\/index.php?content=view\/inscricao\/inscricao_01.php#inscricao\" target=\"_blank\" rel=\"noopener\">ACESSE AQUI.<\/a>\u00a0<\/p>\n\n\n\n<p class=\"wp-block-paragraph\">O Workshop ser\u00e1 realizado no Anfiteatro do CCS, das 8h \u00e0s 19h, com carga hor\u00e1ria de 16 horas. O cronograma dos dois dias de evento ser\u00e1 o mesmo; e os participantes podem escolher a data de acordo com a disponibilidade. Os participantes ter\u00e3o \u00e0 disposi\u00e7\u00e3o almo\u00e7o e duas pausas para&nbsp;<em>coffee break<\/em>.&nbsp;<\/p>\n\n\n<div class=\"wp-block-image\">\n<figure class=\"aligncenter size-full is-resized\"><img loading=\"lazy\" decoding=\"async\" width=\"1536\" height=\"1023\" src=\"https:\/\/sites.uel.br\/ccs\/wp-content\/uploads\/2026\/09\/WhatsApp-Image-2026-09-02-at-13.49.49-1-2-1536x1023-1.jpeg\" alt=\"\" class=\"wp-image-3602\" style=\"aspect-ratio:1.5014911524951953;width:744px;height:auto\" srcset=\"https:\/\/sites.uel.br\/ccs\/wp-content\/uploads\/2026\/09\/WhatsApp-Image-2026-09-02-at-13.49.49-1-2-1536x1023-1.jpeg 1536w, https:\/\/sites.uel.br\/ccs\/wp-content\/uploads\/2026\/09\/WhatsApp-Image-2026-09-02-at-13.49.49-1-2-1536x1023-1-300x200.jpeg 300w, https:\/\/sites.uel.br\/ccs\/wp-content\/uploads\/2026\/09\/WhatsApp-Image-2026-09-02-at-13.49.49-1-2-1536x1023-1-1024x682.jpeg 1024w, https:\/\/sites.uel.br\/ccs\/wp-content\/uploads\/2026\/09\/WhatsApp-Image-2026-09-02-at-13.49.49-1-2-1536x1023-1-768x512.jpeg 768w\" sizes=\"auto, (max-width: 1536px) 100vw, 1536px\" \/><figcaption class=\"wp-element-caption\"><em>Programa\u00e7\u00e3o tem oficina de sutura<\/em><\/figcaption><\/figure>\n<\/div>\n\n\n<p class=\"wp-block-paragraph\"><strong>Programa\u00e7\u00e3o: curso e profiss\u00e3o<\/strong><\/p>\n\n\n\n<p class=\"wp-block-paragraph\">A programa\u00e7\u00e3o contar\u00e1 com palestras ministradas por acad\u00eamicos e m\u00e9dicos formados pela UEL, possibilitando que os estudantes possam conhecer diferentes perspectivas e experi\u00eancias sobre o curso e a profiss\u00e3o, assim como o trajeto at\u00e9 a t\u00e3o sonhada aprova\u00e7\u00e3o no vestibular.<\/p>\n\n\n\n<p class=\"wp-block-paragraph\">Al\u00e9m disso, o evento oferece oficinas pr\u00e1ticas, uma oportunidade em que o p\u00fablico poder\u00e1 ter contato com situa\u00e7\u00f5es e procedimentos que fazem parte da forma\u00e7\u00e3o m\u00e9dica. Ser\u00e3o ofertadas oficinas de sutura, BLS (Suporte B\u00e1sico de Vida), exame f\u00edsico geral e trauma e emerg\u00eancia.<\/p>\n\n\n\n<p class=\"wp-block-paragraph\">Outro destaque do Workshop \u00e9 a visita ao&nbsp;<a href=\"https:\/\/sites.uel.br\/hu-londrina\/\">Hospital Universit\u00e1rio (HU\/UEL)<\/a>, principal campo de pr\u00e1tica dos estudantes do curso de Medicina e refer\u00eancia em diversas especialidades. Durante a atividade, os participantes poder\u00e3o conhecer de perto o ambiente hospitalar, lugar em que futuros m\u00e9dicos desenvolvem parte das atividades pr\u00e1ticas.&nbsp;<\/p>\n\n\n<div class=\"wp-block-image\">\n<figure class=\"aligncenter size-full is-resized\"><img loading=\"lazy\" decoding=\"async\" width=\"1536\" height=\"1023\" src=\"https:\/\/sites.uel.br\/ccs\/wp-content\/uploads\/2026\/09\/WhatsApp-Image-2026-09-02-at-13.49.49-2-1536x1023-1.jpeg\" alt=\"\" class=\"wp-image-3604\" style=\"aspect-ratio:1.5014911524951953;width:726px;height:auto\" srcset=\"https:\/\/sites.uel.br\/ccs\/wp-content\/uploads\/2026\/09\/WhatsApp-Image-2026-09-02-at-13.49.49-2-1536x1023-1.jpeg 1536w, https:\/\/sites.uel.br\/ccs\/wp-content\/uploads\/2026\/09\/WhatsApp-Image-2026-09-02-at-13.49.49-2-1536x1023-1-300x200.jpeg 300w, https:\/\/sites.uel.br\/ccs\/wp-content\/uploads\/2026\/09\/WhatsApp-Image-2026-09-02-at-13.49.49-2-1536x1023-1-1024x682.jpeg 1024w, https:\/\/sites.uel.br\/ccs\/wp-content\/uploads\/2026\/09\/WhatsApp-Image-2026-09-02-at-13.49.49-2-1536x1023-1-768x512.jpeg 768w\" sizes=\"auto, (max-width: 1536px) 100vw, 1536px\" \/><figcaption class=\"wp-element-caption\"><em>Oficina realizada na \u00faltima edi\u00e7\u00e3o do Workshop (Foto: Divulga\u00e7\u00e3o)<\/em><\/figcaption><\/figure>\n<\/div>\n\n\n<p class=\"wp-block-paragraph\">Confira mais informa\u00e7\u00f5es sobre o evento \u2013\u00a0<a href=\"https:\/\/www.instagram.com\/workshop.medicina\/\" target=\"_blank\" rel=\"noopener\">AQUI<\/a>.<\/p>\n\n\n\n<p class=\"wp-block-paragraph\"><em>Estagi\u00e1ria de Jornalismo da Coordenadoria de Comunica\u00e7\u00e3o Social*\/ FOTOS: Arquivo\/Atl\u00e9tica.<\/em><\/p>\n\n\n\n<p class=\"wp-block-paragraph\"><\/p>\n","protected":false},"excerpt":{"rendered":"<p>*Luiza Garcia Ag\u00eancia UEL A\u00a0Atl\u00e9tica do curso de Medicina, do\u00a0Centro de Ci\u00eancias da Sa\u00fade (CCS)\u00a0 e a\u00a0Funda\u00e7\u00e3o HUTec\u00a0 promovem, nos pr\u00f3ximos dias 5 e 12 de setembro, o Workshop de Medicina da UEL. Voltado a estudantes que t\u00eam inten\u00e7\u00e3o de cursar medicina, o evento busca apresentar a rotina e as possibilidades da gradua\u00e7\u00e3o e da [&hellip;]<\/p>\n","protected":false},"author":15,"featured_media":3605,"comment_status":"open","ping_status":"open","sticky":false,"template":"","format":"standard","meta":{"_acf_changed":false,"footnotes":"","_members_access_role":[],"_members_access_error":""},"categories":[1],"tags":[],"class_list":["post-3600","post","type-post","status-publish","format-standard","has-post-thumbnail","hentry","category-sem-categoria"],"acf":[],"_links":{"self":[{"href":"https:\/\/sites.uel.br\/ccs\/wp-json\/wp\/v2\/posts\/3600","targetHints":{"allow":["GET"]}}],"collection":[{"href":"https:\/\/sites.uel.br\/ccs\/wp-json\/wp\/v2\/posts"}],"about":[{"href":"https:\/\/sites.uel.br\/ccs\/wp-json\/wp\/v2\/types\/post"}],"author":[{"embeddable":true,"href":"https:\/\/sites.uel.br\/ccs\/wp-json\/wp\/v2\/users\/15"}],"replies":[{"embeddable":true,"href":"https:\/\/sites.uel.br\/ccs\/wp-json\/wp\/v2\/comments?post=3600"}],"version-history":[{"count":1,"href":"https:\/\/sites.uel.br\/ccs\/wp-json\/wp\/v2\/posts\/3600\/revisions"}],"predecessor-version":[{"id":3606,"href":"https:\/\/sites.uel.br\/ccs\/wp-json\/wp\/v2\/posts\/3600\/revisions\/3606"}],"wp:featuredmedia":[{"embeddable":true,"href":"https:\/\/sites.uel.br\/ccs\/wp-json\/wp\/v2\/media\/3605"}],"wp:attachment":[{"href":"https:\/\/sites.uel.br\/ccs\/wp-json\/wp\/v2\/media?parent=3600"}],"wp:term":[{"taxonomy":"category","embeddable":true,"href":"https:\/\/sites.uel.br\/ccs\/wp-json\/wp\/v2\/categories?post=3600"},{"taxonomy":"post_tag","embeddable":true,"href":"https:\/\/sites.uel.br\/ccs\/wp-json\/wp\/v2\/tags?post=3600"}],"curies":[{"name":"wp","href":"https:\/\/api.w.org\/{rel}","templated":true}]}}