{"id":3597,"date":"2026-09-02T09:54:52","date_gmt":"2026-09-02T12:54:52","guid":{"rendered":"https:\/\/sites.uel.br\/ccs\/?p=3597"},"modified":"2026-09-02T09:54:53","modified_gmt":"2026-09-02T12:54:53","slug":"resultado-da-eleicao-para-a-diretoria-da-farmacia-universitaria-ccs-uel","status":"publish","type":"post","link":"https:\/\/sites.uel.br\/ccs\/sem-categoria\/2026\/09\/02\/resultado-da-eleicao-para-a-diretoria-da-farmacia-universitaria-ccs-uel\/","title":{"rendered":"Resultado da Elei\u00e7\u00e3o para a Diretoria da Farm\u00e1cia Universit\u00e1ria (CCS &#8211; UEL)"},"content":{"rendered":"\n<p class=\"wp-block-paragraph\">Informamos que no dia <strong>01 de setembro de 2026<\/strong>, foi conclu\u00edda a contagem dos votos referentes \u00e0 elei\u00e7\u00e3o para a escolha da nova Diretoria da Farm\u00e1cia Universit\u00e1ria.<\/p>\n\n\n\n<p class=\"wp-block-paragraph\">O pleito contou com um col\u00e9gio eleitoral de <strong>335 eleitores inscritos<\/strong>, registrando a participa\u00e7\u00e3o de <strong>51 votantes efetivos<\/strong>. O resultado final consolidou-se da seguinte forma:<\/p>\n\n\n\n<ul class=\"wp-block-list\">\n<li><strong>Chapa 1:<\/strong> 50 votos (Eleita)\n<ul class=\"wp-block-list\">\n<li><strong>Diretora:<\/strong> Marcela Maria Baracat<\/li>\n<\/ul>\n<\/li>\n\n\n\n<li><strong>Votos em Branco:<\/strong> 0<\/li>\n\n\n\n<li><strong>Votos Nulos:<\/strong> 1<\/li>\n<\/ul>\n\n\n\n<p class=\"wp-block-paragraph\">Parabenizamos a nova diretora eleita, <strong>Marcela Maria Baracat<\/strong>, desejando sucesso na condu\u00e7\u00e3o dos trabalhos \u00e0 frente deste importante \u00f3rg\u00e3o da nossa institui\u00e7\u00e3o.<\/p>\n\n\n\n<hr class=\"wp-block-separator has-alpha-channel-opacity\" \/>\n\n\n\n<div data-wp-interactive=\"core\/file\" class=\"wp-block-file\"><object data-wp-bind--hidden=\"!state.hasPdfPreview\" hidden class=\"wp-block-file__embed\" data=\"https:\/\/sites.uel.br\/ccs\/wp-content\/uploads\/2026\/09\/Relatorio-1.pdf\" type=\"application\/pdf\" style=\"width:100%;height:600px\" aria-label=\"Incorporado de Relatorio (1).\"><\/object><a id=\"wp-block-file--media-1d935c0e-a87a-40be-87c5-583240a7e004\" href=\"https:\/\/sites.uel.br\/ccs\/wp-content\/uploads\/2026\/09\/Relatorio-1.pdf\">Relatorio (1)<\/a><a href=\"https:\/\/sites.uel.br\/ccs\/wp-content\/uploads\/2026\/09\/Relatorio-1.pdf\" class=\"wp-block-file__button wp-element-button\" download aria-describedby=\"wp-block-file--media-1d935c0e-a87a-40be-87c5-583240a7e004\">Baixar<\/a><\/div>\n","protected":false},"excerpt":{"rendered":"<p>Informamos que no dia 01 de setembro de 2026, foi conclu\u00edda a contagem dos votos referentes \u00e0 elei\u00e7\u00e3o para a escolha da nova Diretoria da Farm\u00e1cia Universit\u00e1ria. O pleito contou com um col\u00e9gio eleitoral de 335 eleitores inscritos, registrando a participa\u00e7\u00e3o de 51 votantes efetivos. O resultado final consolidou-se da seguinte forma: Parabenizamos a nova [&hellip;]<\/p>\n","protected":false},"author":15,"featured_media":3519,"comment_status":"open","ping_status":"open","sticky":false,"template":"","format":"standard","meta":{"_acf_changed":false,"footnotes":"","_members_access_role":[],"_members_access_error":""},"categories":[1],"tags":[],"class_list":["post-3597","post","type-post","status-publish","format-standard","has-post-thumbnail","hentry","category-sem-categoria"],"acf":[],"_links":{"self":[{"href":"https:\/\/sites.uel.br\/ccs\/wp-json\/wp\/v2\/posts\/3597","targetHints":{"allow":["GET"]}}],"collection":[{"href":"https:\/\/sites.uel.br\/ccs\/wp-json\/wp\/v2\/posts"}],"about":[{"href":"https:\/\/sites.uel.br\/ccs\/wp-json\/wp\/v2\/types\/post"}],"author":[{"embeddable":true,"href":"https:\/\/sites.uel.br\/ccs\/wp-json\/wp\/v2\/users\/15"}],"replies":[{"embeddable":true,"href":"https:\/\/sites.uel.br\/ccs\/wp-json\/wp\/v2\/comments?post=3597"}],"version-history":[{"count":1,"href":"https:\/\/sites.uel.br\/ccs\/wp-json\/wp\/v2\/posts\/3597\/revisions"}],"predecessor-version":[{"id":3599,"href":"https:\/\/sites.uel.br\/ccs\/wp-json\/wp\/v2\/posts\/3597\/revisions\/3599"}],"wp:featuredmedia":[{"embeddable":true,"href":"https:\/\/sites.uel.br\/ccs\/wp-json\/wp\/v2\/media\/3519"}],"wp:attachment":[{"href":"https:\/\/sites.uel.br\/ccs\/wp-json\/wp\/v2\/media?parent=3597"}],"wp:term":[{"taxonomy":"category","embeddable":true,"href":"https:\/\/sites.uel.br\/ccs\/wp-json\/wp\/v2\/categories?post=3597"},{"taxonomy":"post_tag","embeddable":true,"href":"https:\/\/sites.uel.br\/ccs\/wp-json\/wp\/v2\/tags?post=3597"}],"curies":[{"name":"wp","href":"https:\/\/api.w.org\/{rel}","templated":true}]}}