{"id":3589,"date":"2026-09-01T10:45:42","date_gmt":"2026-09-01T13:45:42","guid":{"rendered":"https:\/\/sites.uel.br\/ccs\/?p=3589"},"modified":"2026-09-01T10:48:10","modified_gmt":"2026-09-01T13:48:10","slug":"comissao-eleitoral-do-centro-de-ciencias-da-saude-eleicao-para-diretor-e-vice-diretor-para-o-mandato-de-2026-a-2030","status":"publish","type":"post","link":"https:\/\/sites.uel.br\/ccs\/sem-categoria\/2026\/09\/01\/comissao-eleitoral-do-centro-de-ciencias-da-saude-eleicao-para-diretor-e-vice-diretor-para-o-mandato-de-2026-a-2030\/","title":{"rendered":"Comiss\u00e3o eleitoral do Centro de Ci\u00eancias da Sa\u00fade- Elei\u00e7\u00e3o para Diretor e Vice- Diretor para o mandato de 2026 a 2030."},"content":{"rendered":"\n<div data-wp-interactive=\"core\/file\" class=\"wp-block-file\"><object data-wp-bind--hidden=\"!state.hasPdfPreview\" hidden class=\"wp-block-file__embed\" data=\"https:\/\/sites.uel.br\/ccs\/wp-content\/uploads\/2026\/09\/Edital-CCS.pdf\" type=\"application\/pdf\" style=\"width:100%;height:600px\" aria-label=\"Incorporado de Edital-CCS.\"><\/object><a id=\"wp-block-file--media-22cb1678-16eb-4708-b67a-9ccff49eaca5\" href=\"https:\/\/sites.uel.br\/ccs\/wp-content\/uploads\/2026\/09\/Edital-CCS.pdf\">Edital-CCS<\/a><a href=\"https:\/\/sites.uel.br\/ccs\/wp-content\/uploads\/2026\/09\/Edital-CCS.pdf\" class=\"wp-block-file__button wp-element-button\" download aria-describedby=\"wp-block-file--media-22cb1678-16eb-4708-b67a-9ccff49eaca5\">Baixar<\/a><\/div>\n","protected":false},"excerpt":{"rendered":"","protected":false},"author":15,"featured_media":3147,"comment_status":"open","ping_status":"open","sticky":false,"template":"","format":"standard","meta":{"_acf_changed":false,"footnotes":"","_members_access_role":[],"_members_access_error":""},"categories":[1],"tags":[],"class_list":["post-3589","post","type-post","status-publish","format-standard","has-post-thumbnail","hentry","category-sem-categoria"],"acf":[],"_links":{"self":[{"href":"https:\/\/sites.uel.br\/ccs\/wp-json\/wp\/v2\/posts\/3589","targetHints":{"allow":["GET"]}}],"collection":[{"href":"https:\/\/sites.uel.br\/ccs\/wp-json\/wp\/v2\/posts"}],"about":[{"href":"https:\/\/sites.uel.br\/ccs\/wp-json\/wp\/v2\/types\/post"}],"author":[{"embeddable":true,"href":"https:\/\/sites.uel.br\/ccs\/wp-json\/wp\/v2\/users\/15"}],"replies":[{"embeddable":true,"href":"https:\/\/sites.uel.br\/ccs\/wp-json\/wp\/v2\/comments?post=3589"}],"version-history":[{"count":2,"href":"https:\/\/sites.uel.br\/ccs\/wp-json\/wp\/v2\/posts\/3589\/revisions"}],"predecessor-version":[{"id":3593,"href":"https:\/\/sites.uel.br\/ccs\/wp-json\/wp\/v2\/posts\/3589\/revisions\/3593"}],"wp:featuredmedia":[{"embeddable":true,"href":"https:\/\/sites.uel.br\/ccs\/wp-json\/wp\/v2\/media\/3147"}],"wp:attachment":[{"href":"https:\/\/sites.uel.br\/ccs\/wp-json\/wp\/v2\/media?parent=3589"}],"wp:term":[{"taxonomy":"category","embeddable":true,"href":"https:\/\/sites.uel.br\/ccs\/wp-json\/wp\/v2\/categories?post=3589"},{"taxonomy":"post_tag","embeddable":true,"href":"https:\/\/sites.uel.br\/ccs\/wp-json\/wp\/v2\/tags?post=3589"}],"curies":[{"name":"wp","href":"https:\/\/api.w.org\/{rel}","templated":true}]}}