{"id":3584,"date":"2026-09-01T08:56:04","date_gmt":"2026-09-01T11:56:04","guid":{"rendered":"https:\/\/sites.uel.br\/ccs\/?p=3584"},"modified":"2026-09-01T08:59:12","modified_gmt":"2026-09-01T11:59:12","slug":"votacao-para-eleicao-para-diretor-da-farmacia-universitaria","status":"publish","type":"post","link":"https:\/\/sites.uel.br\/ccs\/sem-categoria\/2026\/09\/01\/votacao-para-eleicao-para-diretor-da-farmacia-universitaria\/","title":{"rendered":"Vota\u00e7\u00e3o para Elei\u00e7\u00e3o para Diretor da Farm\u00e1cia Universit\u00e1ria"},"content":{"rendered":"\n<p class=\"wp-block-paragraph\">A elei\u00e7\u00e3o ser\u00e1 realizada no dia 1\u00ba de setembro de 2026 (ter\u00e7a-feira), no per\u00edodo das 8h00 \u00e0s 17h00.<br><strong>2. FORMA DE VOTA\u00c7\u00c3O<\/strong><br>A vota\u00e7\u00e3o ser\u00e1 realizada exclusivamente de forma eletr\u00f4nica, por meio do sistema SAELE \u2013 Sistema de Apoio \u00e0 Elei\u00e7\u00e3o.<br><strong>3. ELEITORES APTOS A VOTAR<\/strong><br>Estar\u00e3o aptos a participar da elei\u00e7\u00e3o, desde que atendidos os crit\u00e9rios estabelecidos para o processo eleitoral:<br><strong>I \u2013 Docentes do Conselho do Departamento de Ci\u00eancias Farmac\u00eauticas;<\/strong><br><strong>II \u2013 Servidores lotados na Farm\u00e1cia Universit\u00e1ria, efetivos ou tempor\u00e1rios, em efetivo exerc\u00edcio de suas fun\u00e7\u00f5es, em licen\u00e7a com vencimentos ou afastamento;<br>III \u2013 Discentes de gradua\u00e7\u00e3o e de cursos de p\u00f3s-gradua\u00e7\u00e3o regularmente matriculados e que estejam cursando disciplinas na Farm\u00e1cia.<\/strong><\/p>\n\n\n\n<p class=\"wp-block-paragraph\"><strong>Link para vota\u00e7\u00e3o no Sistema Saele:<\/strong><br><a href=\"https:\/\/eleicoes.uel.br\/saele\/LoginEleicoes.php?CodConcurso=87\">https:\/\/eleicoes.uel.br\/saele\/LoginEleicoes.php?CodConcurso=87<\/a><\/p>\n\n\n\n<p class=\"wp-block-paragraph\"><\/p>\n","protected":false},"excerpt":{"rendered":"<p>A elei\u00e7\u00e3o ser\u00e1 realizada no dia 1\u00ba de setembro de 2026 (ter\u00e7a-feira), no per\u00edodo das 8h00 \u00e0s 17h00.2. FORMA DE VOTA\u00c7\u00c3OA vota\u00e7\u00e3o ser\u00e1 realizada exclusivamente de forma eletr\u00f4nica, por meio do sistema SAELE \u2013 Sistema de Apoio \u00e0 Elei\u00e7\u00e3o.3. ELEITORES APTOS A VOTAREstar\u00e3o aptos a participar da elei\u00e7\u00e3o, desde que atendidos os crit\u00e9rios estabelecidos para [&hellip;]<\/p>\n","protected":false},"author":15,"featured_media":3519,"comment_status":"open","ping_status":"open","sticky":false,"template":"","format":"standard","meta":{"_acf_changed":false,"footnotes":"","_members_access_role":[],"_members_access_error":""},"categories":[1],"tags":[],"class_list":["post-3584","post","type-post","status-publish","format-standard","has-post-thumbnail","hentry","category-sem-categoria"],"acf":[],"_links":{"self":[{"href":"https:\/\/sites.uel.br\/ccs\/wp-json\/wp\/v2\/posts\/3584","targetHints":{"allow":["GET"]}}],"collection":[{"href":"https:\/\/sites.uel.br\/ccs\/wp-json\/wp\/v2\/posts"}],"about":[{"href":"https:\/\/sites.uel.br\/ccs\/wp-json\/wp\/v2\/types\/post"}],"author":[{"embeddable":true,"href":"https:\/\/sites.uel.br\/ccs\/wp-json\/wp\/v2\/users\/15"}],"replies":[{"embeddable":true,"href":"https:\/\/sites.uel.br\/ccs\/wp-json\/wp\/v2\/comments?post=3584"}],"version-history":[{"count":3,"href":"https:\/\/sites.uel.br\/ccs\/wp-json\/wp\/v2\/posts\/3584\/revisions"}],"predecessor-version":[{"id":3588,"href":"https:\/\/sites.uel.br\/ccs\/wp-json\/wp\/v2\/posts\/3584\/revisions\/3588"}],"wp:featuredmedia":[{"embeddable":true,"href":"https:\/\/sites.uel.br\/ccs\/wp-json\/wp\/v2\/media\/3519"}],"wp:attachment":[{"href":"https:\/\/sites.uel.br\/ccs\/wp-json\/wp\/v2\/media?parent=3584"}],"wp:term":[{"taxonomy":"category","embeddable":true,"href":"https:\/\/sites.uel.br\/ccs\/wp-json\/wp\/v2\/categories?post=3584"},{"taxonomy":"post_tag","embeddable":true,"href":"https:\/\/sites.uel.br\/ccs\/wp-json\/wp\/v2\/tags?post=3584"}],"curies":[{"name":"wp","href":"https:\/\/api.w.org\/{rel}","templated":true}]}}