{"id":3580,"date":"2026-08-31T12:30:57","date_gmt":"2026-08-31T15:30:57","guid":{"rendered":"https:\/\/sites.uel.br\/ccs\/?p=3580"},"modified":"2026-08-31T12:33:47","modified_gmt":"2026-08-31T15:33:47","slug":"eleicao-para-diretor-e-vice-diretor-do-centro-de-ciencias-da-saude-parao-mandato-de-2026-a-2030","status":"publish","type":"post","link":"https:\/\/sites.uel.br\/ccs\/sem-categoria\/2026\/08\/31\/eleicao-para-diretor-e-vice-diretor-do-centro-de-ciencias-da-saude-parao-mandato-de-2026-a-2030\/","title":{"rendered":"Elei\u00e7\u00e3o para Diretor e Vice-Diretor do Centro de Ci\u00eancias da Sa\u00fade, para o mandato de 2026 a 2030."},"content":{"rendered":"\n<p class=\"wp-block-paragraph\">RESOLU\u00c7\u00c3O C.U. N. 054\/2026- Estabelece o Regimento Eleitoral para elei\u00e7\u00e3o dos Diretores e Vice-Diretores dos Centros de Estudos, para o mandato de 2026 a 2030.<\/p>\n\n\n\n<div data-wp-interactive=\"core\/file\" class=\"wp-block-file\"><object data-wp-bind--hidden=\"!state.hasPdfPreview\" hidden class=\"wp-block-file__embed\" data=\"https:\/\/sites.uel.br\/ccs\/wp-content\/uploads\/2026\/08\/Atada1Reuniao_30.08.2026_assinado.pdf\" type=\"application\/pdf\" style=\"width:100%;height:600px\" aria-label=\"Incorporado de Atada1Reuniao_30.08.2026_assinado.\"><\/object><a id=\"wp-block-file--media-7b92a5a1-4465-479b-ab60-2c4aa46dac35\" href=\"https:\/\/sites.uel.br\/ccs\/wp-content\/uploads\/2026\/08\/Atada1Reuniao_30.08.2026_assinado.pdf\">Atada1Reuniao_30.08.2026_assinado<\/a><a href=\"https:\/\/sites.uel.br\/ccs\/wp-content\/uploads\/2026\/08\/Atada1Reuniao_30.08.2026_assinado.pdf\" class=\"wp-block-file__button wp-element-button\" download aria-describedby=\"wp-block-file--media-7b92a5a1-4465-479b-ab60-2c4aa46dac35\">Baixar<\/a><\/div>\n","protected":false},"excerpt":{"rendered":"<p>RESOLU\u00c7\u00c3O C.U. N. 054\/2026- Estabelece o Regimento Eleitoral para elei\u00e7\u00e3o dos Diretores e Vice-Diretores dos Centros de Estudos, para o mandato de 2026 a 2030.<\/p>\n","protected":false},"author":15,"featured_media":3147,"comment_status":"open","ping_status":"open","sticky":false,"template":"","format":"standard","meta":{"_acf_changed":false,"footnotes":"","_members_access_role":[],"_members_access_error":""},"categories":[1],"tags":[],"class_list":["post-3580","post","type-post","status-publish","format-standard","has-post-thumbnail","hentry","category-sem-categoria"],"acf":[],"_links":{"self":[{"href":"https:\/\/sites.uel.br\/ccs\/wp-json\/wp\/v2\/posts\/3580","targetHints":{"allow":["GET"]}}],"collection":[{"href":"https:\/\/sites.uel.br\/ccs\/wp-json\/wp\/v2\/posts"}],"about":[{"href":"https:\/\/sites.uel.br\/ccs\/wp-json\/wp\/v2\/types\/post"}],"author":[{"embeddable":true,"href":"https:\/\/sites.uel.br\/ccs\/wp-json\/wp\/v2\/users\/15"}],"replies":[{"embeddable":true,"href":"https:\/\/sites.uel.br\/ccs\/wp-json\/wp\/v2\/comments?post=3580"}],"version-history":[{"count":2,"href":"https:\/\/sites.uel.br\/ccs\/wp-json\/wp\/v2\/posts\/3580\/revisions"}],"predecessor-version":[{"id":3583,"href":"https:\/\/sites.uel.br\/ccs\/wp-json\/wp\/v2\/posts\/3580\/revisions\/3583"}],"wp:featuredmedia":[{"embeddable":true,"href":"https:\/\/sites.uel.br\/ccs\/wp-json\/wp\/v2\/media\/3147"}],"wp:attachment":[{"href":"https:\/\/sites.uel.br\/ccs\/wp-json\/wp\/v2\/media?parent=3580"}],"wp:term":[{"taxonomy":"category","embeddable":true,"href":"https:\/\/sites.uel.br\/ccs\/wp-json\/wp\/v2\/categories?post=3580"},{"taxonomy":"post_tag","embeddable":true,"href":"https:\/\/sites.uel.br\/ccs\/wp-json\/wp\/v2\/tags?post=3580"}],"curies":[{"name":"wp","href":"https:\/\/api.w.org\/{rel}","templated":true}]}}