{"id":3197,"date":"2026-04-28T08:02:30","date_gmt":"2026-04-28T11:02:30","guid":{"rendered":"https:\/\/sites.uel.br\/ccs\/?p=3197"},"modified":"2026-04-28T08:07:39","modified_gmt":"2026-04-28T11:07:39","slug":"inscricoes-abertas-para-a-4o-semana-integrada-de-enfermagem","status":"publish","type":"post","link":"https:\/\/sites.uel.br\/ccs\/sem-categoria\/2026\/04\/28\/inscricoes-abertas-para-a-4o-semana-integrada-de-enfermagem\/","title":{"rendered":"Inscri\u00e7\u00f5es abertas para a 4\u00ba Semana Integrada de Enfermagem"},"content":{"rendered":"\n<p>O HU-UEL, em parceria com o Departamento de Enfermagem do Centro de Ci\u00eancias da Sa\u00fade (CCS), realiza a Semana Integrada de Enfermagem, com o tema: \u201cEnfermagem que transforma: cuidado seguro, ensino e inova\u00e7\u00e3o no SUS\u201d. &nbsp;O evento acontece em 11 de maio, no Anfiteatro do HU, das 8h \u00e0s 18h, \u00e9 aberto \u00e0 comunidade acad\u00eamica e aos profissionais da \u00e1rea da sa\u00fade.<\/p>\n\n\n\n<p>O evento busca promover a reflex\u00e3o cr\u00edtica sobre a pr\u00e1tica profissional da Enfermagem, destacando a import\u00e2ncia do cuidado seguro, da qualifica\u00e7\u00e3o cont\u00ednua, do ensino e da inova\u00e7\u00e3o no fortalecimento do Sistema \u00danico de Sa\u00fade (SUS).<\/p>\n\n\n<div class=\"wp-block-image\">\n<figure class=\"aligncenter size-large is-resized\"><img loading=\"lazy\" decoding=\"async\" width=\"768\" height=\"1024\" src=\"https:\/\/sites.uel.br\/ccs\/wp-content\/uploads\/2026\/04\/image-10-768x1024.png\" alt=\"\" class=\"wp-image-3198\" style=\"aspect-ratio:0.750005104019926;width:498px;height:auto\" srcset=\"https:\/\/sites.uel.br\/ccs\/wp-content\/uploads\/2026\/04\/image-10-768x1024.png 768w, https:\/\/sites.uel.br\/ccs\/wp-content\/uploads\/2026\/04\/image-10-225x300.png 225w, https:\/\/sites.uel.br\/ccs\/wp-content\/uploads\/2026\/04\/image-10.png 1080w\" sizes=\"auto, (max-width: 768px) 100vw, 768px\" \/><\/figure>\n<\/div>\n\n\n<p>A programa\u00e7\u00e3o conta com atividades cient\u00edficas e educativas que incentivam a troca de experi\u00eancias, atualiza\u00e7\u00e3o de conhecimentos e valoriza\u00e7\u00e3o dos profissionais e estudantes de Enfermagem, fortalecendo o papel da categoria nos diferentes cen\u00e1rios de atua\u00e7\u00e3o.<\/p>\n\n\n\n<p>As inscri\u00e7\u00f5es s\u00e3o gratuitas e ser\u00e1 validada mediante a doa\u00e7\u00e3o de 1L de leite ou 1L de \u00f3leo<strong>,&nbsp;<\/strong>que ser\u00e1 destinado \u00e0 Casa de Apoio Amigos do HU, e devem ser feitas pelo Link abaixo:<\/p>\n\n\n\n<p><a href=\"https:\/\/beta.sympla.com.br\/evento\/4-semana-integrada-de-enfermagem-hu-uel\/3395688?share_id=copiarlink\" target=\"_blank\" rel=\"noreferrer noopener\">https:\/\/beta.sympla.com.br\/evento\/4-semana-integrada-de-enfermagem-hu-uel\/3395688?share_id=copiarlink<\/a><\/p>\n\n\n\n<p>Participe deste momento de integra\u00e7\u00e3o, aprendizado e fortalecimento da Enfermagem!<\/p>\n\n\n<div class=\"wp-block-image\">\n<figure class=\"aligncenter size-large is-resized\"><img loading=\"lazy\" decoding=\"async\" width=\"768\" height=\"1024\" src=\"https:\/\/sites.uel.br\/ccs\/wp-content\/uploads\/2026\/04\/image-11-768x1024.png\" alt=\"\" class=\"wp-image-3199\" style=\"width:486px;height:auto\" srcset=\"https:\/\/sites.uel.br\/ccs\/wp-content\/uploads\/2026\/04\/image-11-768x1024.png 768w, https:\/\/sites.uel.br\/ccs\/wp-content\/uploads\/2026\/04\/image-11-225x300.png 225w, https:\/\/sites.uel.br\/ccs\/wp-content\/uploads\/2026\/04\/image-11.png 1080w\" sizes=\"auto, (max-width: 768px) 100vw, 768px\" \/><\/figure>\n<\/div>","protected":false},"excerpt":{"rendered":"<p>O HU-UEL, em parceria com o Departamento de Enfermagem do Centro de Ci\u00eancias da Sa\u00fade (CCS), realiza a Semana Integrada de Enfermagem, com o tema: \u201cEnfermagem que transforma: cuidado seguro, ensino e inova\u00e7\u00e3o no SUS\u201d. &nbsp;O evento acontece em 11 de maio, no Anfiteatro do HU, das 8h \u00e0s 18h, \u00e9 aberto \u00e0 comunidade acad\u00eamica [&hellip;]<\/p>\n","protected":false},"author":15,"featured_media":3199,"comment_status":"open","ping_status":"open","sticky":false,"template":"","format":"standard","meta":{"_acf_changed":false,"footnotes":""},"categories":[1],"tags":[],"class_list":["post-3197","post","type-post","status-publish","format-standard","has-post-thumbnail","hentry","category-sem-categoria"],"acf":[],"_links":{"self":[{"href":"https:\/\/sites.uel.br\/ccs\/wp-json\/wp\/v2\/posts\/3197","targetHints":{"allow":["GET"]}}],"collection":[{"href":"https:\/\/sites.uel.br\/ccs\/wp-json\/wp\/v2\/posts"}],"about":[{"href":"https:\/\/sites.uel.br\/ccs\/wp-json\/wp\/v2\/types\/post"}],"author":[{"embeddable":true,"href":"https:\/\/sites.uel.br\/ccs\/wp-json\/wp\/v2\/users\/15"}],"replies":[{"embeddable":true,"href":"https:\/\/sites.uel.br\/ccs\/wp-json\/wp\/v2\/comments?post=3197"}],"version-history":[{"count":3,"href":"https:\/\/sites.uel.br\/ccs\/wp-json\/wp\/v2\/posts\/3197\/revisions"}],"predecessor-version":[{"id":3206,"href":"https:\/\/sites.uel.br\/ccs\/wp-json\/wp\/v2\/posts\/3197\/revisions\/3206"}],"wp:featuredmedia":[{"embeddable":true,"href":"https:\/\/sites.uel.br\/ccs\/wp-json\/wp\/v2\/media\/3199"}],"wp:attachment":[{"href":"https:\/\/sites.uel.br\/ccs\/wp-json\/wp\/v2\/media?parent=3197"}],"wp:term":[{"taxonomy":"category","embeddable":true,"href":"https:\/\/sites.uel.br\/ccs\/wp-json\/wp\/v2\/categories?post=3197"},{"taxonomy":"post_tag","embeddable":true,"href":"https:\/\/sites.uel.br\/ccs\/wp-json\/wp\/v2\/tags?post=3197"}],"curies":[{"name":"wp","href":"https:\/\/api.w.org\/{rel}","templated":true}]}}