{"id":3149,"date":"2026-03-12T13:11:16","date_gmt":"2026-03-12T16:11:16","guid":{"rendered":"https:\/\/sites.uel.br\/ccs\/?p=3149"},"modified":"2026-03-12T13:11:16","modified_gmt":"2026-03-12T16:11:16","slug":"sebec-abre-processo-unificado-de-selecao-socioeconomica-2026","status":"publish","type":"post","link":"https:\/\/sites.uel.br\/ccs\/sem-categoria\/2026\/03\/12\/sebec-abre-processo-unificado-de-selecao-socioeconomica-2026\/","title":{"rendered":"Sebec abre Processo Unificado de Sele\u00e7\u00e3o Socioecon\u00f4mica 2026"},"content":{"rendered":"\n<p>Maycon Rocha*<\/p>\n\n\n\n<p>Ag\u00eancia UEL<\/p>\n\n\n\n<p>O Servi\u00e7o de Bem-Estar \u00e0 Comunidade (<a href=\"https:\/\/sites.uel.br\/sebec\/\" target=\"_blank\" rel=\"noreferrer noopener\">Sebec<\/a>), torna p\u00fablico o\u00a0<a href=\"https:\/\/sites.uel.br\/sebec\/wp-content\/uploads\/2026\/03\/Edital-008_2026-Processo-Unificado-2026.pdf\" target=\"_blank\" rel=\"noreferrer noopener\">Edital 008\/2026<\/a>\u00a0que estabelece normas para a sele\u00e7\u00e3o anual do processo unificado de sele\u00e7\u00e3o socioecon\u00f4mica para os Programas de Perman\u00eancia Estudantil, dispon\u00edveis para estudantes de gradua\u00e7\u00e3o, p\u00f3s-gradua\u00e7\u00e3o e do PEC-PLE (Programa de Estudantes-Conv\u00eanio de Portugu\u00eas como L\u00edngua Estrangeira) da Universidade Estadual de Londrina, com per\u00edodo de\u00a0<a href=\"https:\/\/www.sistemasweb.uel.br\/index.php?contents=system\/insc\/index.php&amp;pagina=view\/inscricoes\/seleciona_evento.php&amp;cod_evento=11589\" target=\"_blank\" rel=\"noreferrer noopener\">inscri\u00e7\u00e3o<\/a>, das 17h de ontem, 9 de mar\u00e7o at\u00e9 \u00e0s\u00a0<strong>23h59 de 26 de mar\u00e7o de 2026<\/strong>.<\/p>\n\n\n\n<p>De acordo com informa\u00e7\u00f5es do documento, o processo destina-se ao preenchimento das 74 (setenta e quatro) vagas na\u00a0<strong><a href=\"https:\/\/sites.uel.br\/sebec\/moradia-estudantil\/\" target=\"_blank\" rel=\"noreferrer noopener\">Moradia Estudantil<\/a><\/strong>. Para participar, o estudante precisa atender ao crit\u00e9rio socioecon\u00f4mico e ter renda per capita mensal familiar de at\u00e9 2 sal\u00e1rios-m\u00ednimos federais, ou seja, R$ 3.242,00 (Tr\u00eas mil duzentos e quarenta e dois reais). Precisa ainda residir em localidade n\u00e3o contemplada pelas linhas de \u00f4nibus metropolitano da cidade de Londrina ou com hor\u00e1rios incompat\u00edveis com o turno de atividade do curso matriculado(a). A rela\u00e7\u00e3o completa das cidades atendidas pelas linhas metropolitanas est\u00e1 dispon\u00edvel no documento ou no site do Departamento de Estadas e Rodagem (<a href=\"https:\/\/www.der.pr.gov.br\/webservices\/der\/localidade\" target=\"_blank\" rel=\"noreferrer noopener\">DER-PR<\/a>).<\/p>\n\n\n\n<p>Para o&nbsp;<strong>Programa de Aux\u00edlio Perman\u00eancia<\/strong>&nbsp;o oferecimento \u00e9 de 110 (cento e dez) bolsas mensais no valor de R$ 500,00 (Quinhentos reais), o candidato deve ter ter renda per capita mensal familiar de at\u00e9 um sal\u00e1rio e meio m\u00ednimo federal \u2013 R$ 2.431,50 (Dois mil, quatrocentos e trinta e um reais e cinquenta centavos) e atender aos crit\u00e9rios socioecon\u00f4micos estabelecidos no edital.<\/p>\n\n\n<div class=\"wp-block-image\">\n<figure class=\"aligncenter is-resized\"><img decoding=\"async\" src=\"https:\/\/operobal.uel.br\/wp-content\/webp-express\/webp-images\/doc-root\/wp-content\/uploads\/2022\/04\/restaurante-universitario-GA14022022-13-1024x682.jpg.webp\" alt=\"\" class=\"wp-image-38104\" style=\"width:712px;height:auto\" \/><figcaption class=\"wp-element-caption\">Programa prev\u00ea oferecer refei\u00e7\u00f5es com custo a R$ 1,00 (um real) aos usu\u00e1rios, desde que atendam aos crit\u00e9rios estabelecidos pelo Edital. Foto: Ag\u00eancia UEL<\/figcaption><\/figure>\n<\/div>\n\n\n<p>Outro benef\u00edcio contemplado, diz respeito ao atendimento e concess\u00e3o de\u00a0<strong>subs\u00eddio ampliado para refei\u00e7\u00f5es no Restaurante Universit\u00e1rio<\/strong>\u00a0(<a href=\"https:\/\/sites.uel.br\/sebec\/restaurante-universitario\/\" target=\"_blank\" rel=\"noreferrer noopener\">RU<\/a>). Por objetivo, o Programa prev\u00ea oferecer refei\u00e7\u00f5es com custo a R$ 1,00 (um real) aos usu\u00e1rios, desde que atendam aos crit\u00e9rios de renda per capita mensal familiar de at\u00e9 um sal\u00e1rio-m\u00ednimo federal, ou seja, R$1.621,00 (Um mil, seiscentos e vinte e um reais).<\/p>\n\n\n\n<p>Por fim, o\u00a0<strong>Programa de Empr\u00e9stimo de Instrumentais Odontol\u00f3gicos<\/strong>\u00a0visa ofertar a estudantes do curso de\u00a0<a href=\"https:\/\/graduacao.uel.br\/odontologia\/\">Odontologia<\/a>\u00a0\u2013 (<a href=\"https:\/\/sites.uel.br\/ccs\/\" target=\"_blank\" rel=\"noreferrer noopener\">CCS<\/a>), como empr\u00e9stimo, kits de instrumentais odontol\u00f3gicos disponibilizados pelo Colegiado do Curso, para o desenvolvimento de atividades pr\u00e1ticas acad\u00eamicas. Para este caso, em espec\u00edfico, o prazo vigente respeita o ano acad\u00eamico vigente tendo o\/a estudante que devolver os materiais no final do ano letivo e concorrer em novo processo seletivo, caso necessite da continuidade do empr\u00e9stimo. O estudante de Odontologia com alguma pend\u00eancia de empr\u00e9stimo do Instrumental Odontol\u00f3gico estar\u00e1 desclassificado do presente processo.<\/p>\n\n\n\n<p>Em linhas gerais,\u00a0<a href=\"https:\/\/sites.uel.br\/sebec\/wp-content\/uploads\/2026\/03\/Edital-008_2026-Processo-Unificado-2026.pdf\" target=\"_blank\" rel=\"noreferrer noopener\">o edital<\/a>\u00a0tem validade de at\u00e9 doze (12) meses, ou at\u00e9 o pr\u00f3ximo Processo de Sele\u00e7\u00e3o Socioecon\u00f4mica, os candidatos precisam verificar a listagem completa dos documentos obrigat\u00f3rios solicitados pelo edital. Ser\u00e3o aceitas apenas vers\u00f5es digitalizadas em formato PDF, em condi\u00e7\u00f5es de legibilidade. As informa\u00e7\u00f5es prestadas no formul\u00e1rio, bem como, a documenta\u00e7\u00e3o anexada dever\u00e3o ser leg\u00edtimas e verdadeiras.<\/p>\n\n\n\n<p>O resultado das inscri\u00e7\u00f5es deferidas ou indeferidas ser\u00e1 divulgado\u00a0<strong>17 de abril<\/strong>\u00a0de 2026, a partir das\u00a0<strong>18h<\/strong>, no site\u00a0<a href=\"https:\/\/sites.uel.br\/sebec\/\" target=\"_blank\" rel=\"noreferrer noopener\">www.uel.br\/sebec<\/a>, n\u00e3o garantindo direito ao benef\u00edcio. O candidato com inscri\u00e7\u00e3o indeferida poder\u00e1 solicitar recurso a partir das\u00a0<strong>18h<\/strong>\u00a0do dia\u00a0<strong>17 de abril<\/strong>\u00a0at\u00e9 \u00e0s 23h59 do dia<strong>\u00a023 de abril<\/strong>\u00a0de 2026, devendo por meio do site, anexar a documenta\u00e7\u00e3o faltante. O Edital com resultado dos recursos ser\u00e1 publicado em\u00a0<strong>08 de maio<\/strong>\u00a0no site, a partir das 18h.<\/p>\n\n\n\n<p><strong>Convoca\u00e7\u00e3o<\/strong><\/p>\n\n\n\n<p>O Edital de convoca\u00e7\u00e3o, aquele que confere o direito \u00e0 concess\u00e3o dos benef\u00edcios aos inscritos, ser\u00e1 publicado no dia\u00a0<strong>08 de maio<\/strong>\u00a0<a href=\"https:\/\/sites.uel.br\/sebec\/\" target=\"_blank\" rel=\"noreferrer noopener\">no site do Sebec<\/a>, a partir das\u00a0<strong>18h<\/strong>, respeitando a ordem de classifica\u00e7\u00e3o dos candidatos com base no \u00cdndice de Vulnerabilidade Social (IVS). Candidatos com inscri\u00e7\u00f5es deferidas mas n\u00e3o convocados permanecem na\u00a0<strong>lista de espera<\/strong>\u00a0durante a vig\u00eancia do Processo Unificado de Sele\u00e7\u00e3o Socioecon\u00f4mica, devendo manter as informa\u00e7\u00f5es de contato atualizadas e acompanhar os editais futuros, para poss\u00edveis convoca\u00e7\u00f5es.<\/p>\n\n\n\n<p>O direito ao recebimento dos benef\u00edcios ofertados pelos programas \u00e9 pessoal,<br>tempor\u00e1rio e intransfer\u00edvel; ser\u00e3o indeferidas as solicita\u00e7\u00f5es de estudantes que tenham apresentado documenta\u00e7\u00e3o incompleta, com c\u00f3pias ileg\u00edveis ou que denote incoer\u00eancia com os dados informados. Os resultados ser\u00e3o disponibilizados no site do Sebec, n\u00e3o sendo fornecidas informa\u00e7\u00f5es por telefone ou e-mail e em caso de paralisa\u00e7\u00e3o dos servi\u00e7os e atividades acad\u00eamicas por motivo de calamidade ou pandemia, os servi\u00e7os do benef\u00edcio da Moradia Estudantil podem ser interrompidos.<\/p>\n\n\n\n<p><strong>Cronograma do processo unificado de sele\u00e7\u00e3o socioecon\u00f4mica<\/strong><\/p>\n\n\n<div class=\"wp-block-image\">\n<figure class=\"aligncenter\"><img decoding=\"async\" src=\"https:\/\/operobal.uel.br\/wp-content\/webp-express\/webp-images\/doc-root\/wp-content\/uploads\/2026\/03\/Captura-de-tela-2026-03-10-092754.png.webp\" alt=\"\" class=\"wp-image-112009\" \/><\/figure>\n<\/div>\n\n\n<p><em>*Estagi\u00e1rio de jornalismo na Coordenadoria de Comunica\u00e7\u00e3o Social.<\/em><\/p>\n","protected":false},"excerpt":{"rendered":"<p>Maycon Rocha* Ag\u00eancia UEL O Servi\u00e7o de Bem-Estar \u00e0 Comunidade (Sebec), torna p\u00fablico o\u00a0Edital 008\/2026\u00a0que estabelece normas para a sele\u00e7\u00e3o anual do processo unificado de sele\u00e7\u00e3o socioecon\u00f4mica para os Programas de Perman\u00eancia Estudantil, dispon\u00edveis para estudantes de gradua\u00e7\u00e3o, p\u00f3s-gradua\u00e7\u00e3o e do PEC-PLE (Programa de Estudantes-Conv\u00eanio de Portugu\u00eas como L\u00edngua Estrangeira) da Universidade Estadual de Londrina, [&hellip;]<\/p>\n","protected":false},"author":15,"featured_media":3150,"comment_status":"open","ping_status":"open","sticky":false,"template":"","format":"standard","meta":{"_acf_changed":false,"footnotes":""},"categories":[1],"tags":[],"class_list":["post-3149","post","type-post","status-publish","format-standard","has-post-thumbnail","hentry","category-sem-categoria"],"acf":[],"_links":{"self":[{"href":"https:\/\/sites.uel.br\/ccs\/wp-json\/wp\/v2\/posts\/3149","targetHints":{"allow":["GET"]}}],"collection":[{"href":"https:\/\/sites.uel.br\/ccs\/wp-json\/wp\/v2\/posts"}],"about":[{"href":"https:\/\/sites.uel.br\/ccs\/wp-json\/wp\/v2\/types\/post"}],"author":[{"embeddable":true,"href":"https:\/\/sites.uel.br\/ccs\/wp-json\/wp\/v2\/users\/15"}],"replies":[{"embeddable":true,"href":"https:\/\/sites.uel.br\/ccs\/wp-json\/wp\/v2\/comments?post=3149"}],"version-history":[{"count":1,"href":"https:\/\/sites.uel.br\/ccs\/wp-json\/wp\/v2\/posts\/3149\/revisions"}],"predecessor-version":[{"id":3151,"href":"https:\/\/sites.uel.br\/ccs\/wp-json\/wp\/v2\/posts\/3149\/revisions\/3151"}],"wp:featuredmedia":[{"embeddable":true,"href":"https:\/\/sites.uel.br\/ccs\/wp-json\/wp\/v2\/media\/3150"}],"wp:attachment":[{"href":"https:\/\/sites.uel.br\/ccs\/wp-json\/wp\/v2\/media?parent=3149"}],"wp:term":[{"taxonomy":"category","embeddable":true,"href":"https:\/\/sites.uel.br\/ccs\/wp-json\/wp\/v2\/categories?post=3149"},{"taxonomy":"post_tag","embeddable":true,"href":"https:\/\/sites.uel.br\/ccs\/wp-json\/wp\/v2\/tags?post=3149"}],"curies":[{"name":"wp","href":"https:\/\/api.w.org\/{rel}","templated":true}]}}