{"id":3138,"date":"2026-03-12T12:31:52","date_gmt":"2026-03-12T15:31:52","guid":{"rendered":"https:\/\/sites.uel.br\/ccs\/?p=3138"},"modified":"2026-03-12T12:31:52","modified_gmt":"2026-03-12T15:31:52","slug":"paifit-completa-25-anos-e-consolida-trajetoria-de-pesquisa-e-extensao","status":"publish","type":"post","link":"https:\/\/sites.uel.br\/ccs\/sem-categoria\/2026\/03\/12\/paifit-completa-25-anos-e-consolida-trajetoria-de-pesquisa-e-extensao\/","title":{"rendered":"PAIFIT completa 25 anos e consolida trajet\u00f3ria de pesquisa e extens\u00e3o"},"content":{"rendered":"\n<p><strong>Assessoria de Comunica\u00e7\u00e3o do HU-UEL<\/strong><\/p>\n\n\n\n<p>O Departamento de Fisioterapia\/CCS da UEL conta com o grupo de Pesquisa PAIFIT (Pesquisa em Avalia\u00e7\u00e3o e Interven\u00e7\u00e3o em Fisioterapia), que no primeiro trimestre de 2026 completa 25 anos de atua\u00e7\u00e3o. Criado em 2001, o projeto se consolidou como refer\u00eancia nas \u00e1reas de Fisioterapia, Fisioterapia Aqu\u00e1tica, Biomec\u00e2nica e Epidemiologia Cl\u00ednica, bem como auxiliando alunos da gradua\u00e7\u00e3o, p\u00f3s-gradua\u00e7\u00e3o e profissionais a executarem Revis\u00f5es Sistem\u00e1ticas e An\u00e1lises Estat\u00edsticas.<\/p>\n\n\n\n<p>As atividades do Grupo objetivam integrar o ensino, pesquisa e extens\u00e3o universit\u00e1ria, tornando-se um espa\u00e7o fundamental para a forma\u00e7\u00e3o de estudantes de gradua\u00e7\u00e3o, mestrado e doutorado em Ci\u00eancias da Reabilita\u00e7\u00e3o e Educa\u00e7\u00e3o F\u00edsica, al\u00e9m de contribuir diretamente para a assist\u00eancia \u00e0 popula\u00e7\u00e3o.<\/p>\n\n\n\n<p>O PAIFIT funciona junto ao Laborat\u00f3rio de Biomec\u00e2nica e Epidemiologia Cl\u00ednica (criado em 2000), com aproximadamente 50 m<sup>2<\/sup>&nbsp;no t\u00e9rreo do CCS, com foco nas an\u00e1lises do movimento humano e nas aplica\u00e7\u00f5es dos m\u00e9todos epidemiol\u00f3gicos ao cuidado individual do paciente.<\/p>\n\n\n\n<div class=\"wp-block-columns is-layout-flex wp-container-core-columns-is-layout-9d6595d7 wp-block-columns-is-layout-flex\">\n<div class=\"wp-block-column is-layout-flow wp-block-column-is-layout-flow\"><div class=\"wp-block-image\">\n<figure class=\"alignright size-full\"><img loading=\"lazy\" decoding=\"async\" width=\"1024\" height=\"682\" src=\"https:\/\/sites.uel.br\/ccs\/wp-content\/uploads\/2026\/03\/image-16.png\" alt=\"\" class=\"wp-image-3139\" srcset=\"https:\/\/sites.uel.br\/ccs\/wp-content\/uploads\/2026\/03\/image-16.png 1024w, https:\/\/sites.uel.br\/ccs\/wp-content\/uploads\/2026\/03\/image-16-300x200.png 300w, https:\/\/sites.uel.br\/ccs\/wp-content\/uploads\/2026\/03\/image-16-768x512.png 768w\" sizes=\"auto, (max-width: 1024px) 100vw, 1024px\" \/><figcaption class=\"wp-element-caption\">Grupo PAIFIT (Pesquisa em Avalia\u00e7\u00e3o e Interven\u00e7\u00e3o em Fisioterapia)<\/figcaption><\/figure>\n<\/div><\/div>\n\n\n\n<div class=\"wp-block-column is-layout-flow wp-block-column-is-layout-flow\"><div class=\"wp-block-image\">\n<figure class=\"alignright size-full\"><img loading=\"lazy\" decoding=\"async\" width=\"1024\" height=\"682\" src=\"https:\/\/sites.uel.br\/ccs\/wp-content\/uploads\/2026\/03\/image-17.png\" alt=\"\" class=\"wp-image-3140\" srcset=\"https:\/\/sites.uel.br\/ccs\/wp-content\/uploads\/2026\/03\/image-17.png 1024w, https:\/\/sites.uel.br\/ccs\/wp-content\/uploads\/2026\/03\/image-17-300x200.png 300w, https:\/\/sites.uel.br\/ccs\/wp-content\/uploads\/2026\/03\/image-17-768x512.png 768w\" sizes=\"auto, (max-width: 1024px) 100vw, 1024px\" \/><figcaption class=\"wp-element-caption\">Grupo PAIFIT (Pesquisa em Avalia\u00e7\u00e3o e Interven\u00e7\u00e3o em Fisioterapia)<\/figcaption><\/figure>\n<\/div><\/div>\n<\/div>\n\n\n\n<p>Exemplos das atividades do movimento podem ser descritas como avalia\u00e7\u00e3o da marcha, for\u00e7a muscular, equil\u00edbrio e funcionalidade. Al\u00e9m da pesquisa, o projeto tamb\u00e9m atua na extens\u00e3o universit\u00e1ria por meio do PAS (Programa de Assist\u00eancia \u00e0 Sociedade), oferecendo atendimentos desses servi\u00e7os citados acima \u00e0 comunidade, com gest\u00e3o do HUTEC. No ano de 2025, chegaram a 475 atendimentos, entre avalia\u00e7\u00f5es e tratamento.<\/p>\n\n\n\n<p>O Grupo PAIFIT tamb\u00e9m tem atividades no Centro de Fisioterapia Aqu\u00e1tica do Hospital, inaugurado em dezembro de 2012 e in\u00edcio dos atendimentos em fevereiro de 2013. O coordenador do grupo, professor Jefferson Rosa Cardoso, explica as atividades: \u201dO espa\u00e7o \u00e9 utilizado para atender pacientes no p\u00f3s-cir\u00fargico, com dor cr\u00f4nica e limita\u00e7\u00f5es funcionais das \u00e1reas musculoesquel\u00e9tica, neurofuncional, respirat\u00f3ria e pedi\u00e1trica, al\u00e9m de receber atletas de alto rendimento e amadores. A Fisioterapia Aqu\u00e1tica oferece benef\u00edcios como: melhora da mobilidade e equil\u00edbrio, resist\u00eancia muscular, treinamento aer\u00f3bio, relaxamento e al\u00edvio da dor\u201d.<\/p>\n\n\n<div class=\"wp-block-image\">\n<figure class=\"aligncenter size-full is-resized\"><img loading=\"lazy\" decoding=\"async\" width=\"1024\" height=\"1014\" src=\"https:\/\/sites.uel.br\/ccs\/wp-content\/uploads\/2026\/03\/image-18.png\" alt=\"\" class=\"wp-image-3141\" style=\"width:652px;height:auto\" srcset=\"https:\/\/sites.uel.br\/ccs\/wp-content\/uploads\/2026\/03\/image-18.png 1024w, https:\/\/sites.uel.br\/ccs\/wp-content\/uploads\/2026\/03\/image-18-300x297.png 300w, https:\/\/sites.uel.br\/ccs\/wp-content\/uploads\/2026\/03\/image-18-150x150.png 150w, https:\/\/sites.uel.br\/ccs\/wp-content\/uploads\/2026\/03\/image-18-768x761.png 768w\" sizes=\"auto, (max-width: 1024px) 100vw, 1024px\" \/><figcaption class=\"wp-element-caption\">Centro de Fisioterapia Aqu\u00e1tica<\/figcaption><\/figure>\n<\/div>\n\n\n<p>Al\u00e9m do atendimento \u00e0 popula\u00e7\u00e3o, a piscina tamb\u00e9m \u00e9 utilizada como um campo de forma\u00e7\u00e3o pr\u00e1tica para alunos do curso de Fisioterapia, residentes das \u00e1reas de Fisioterapia Ortop\u00e9dica e alunos do Mestrado e Doutorado em Ci\u00eancias da Reabilita\u00e7\u00e3o, o que reafirma seu compromisso com a sa\u00fade e a forma\u00e7\u00e3o de profissionais qualificados. Em 2025, foram aproximadamente 950 atendimentos.<\/p>\n\n\n\n<div class=\"wp-block-columns is-layout-flex wp-container-core-columns-is-layout-9d6595d7 wp-block-columns-is-layout-flex\">\n<div class=\"wp-block-column is-layout-flow wp-block-column-is-layout-flow\"><div class=\"wp-block-image\">\n<figure class=\"alignright size-full\"><img loading=\"lazy\" decoding=\"async\" width=\"768\" height=\"432\" src=\"https:\/\/sites.uel.br\/ccs\/wp-content\/uploads\/2026\/03\/image-19.png\" alt=\"\" class=\"wp-image-3142\" srcset=\"https:\/\/sites.uel.br\/ccs\/wp-content\/uploads\/2026\/03\/image-19.png 768w, https:\/\/sites.uel.br\/ccs\/wp-content\/uploads\/2026\/03\/image-19-300x169.png 300w\" sizes=\"auto, (max-width: 768px) 100vw, 768px\" \/><figcaption class=\"wp-element-caption\">Centro de Fisioterapia Aqu\u00e1tica<\/figcaption><\/figure>\n<\/div><\/div>\n\n\n\n<div class=\"wp-block-column is-layout-flow wp-block-column-is-layout-flow\"><div class=\"wp-block-image\">\n<figure class=\"alignright size-full\"><img loading=\"lazy\" decoding=\"async\" width=\"768\" height=\"432\" src=\"https:\/\/sites.uel.br\/ccs\/wp-content\/uploads\/2026\/03\/image-20.png\" alt=\"\" class=\"wp-image-3143\" srcset=\"https:\/\/sites.uel.br\/ccs\/wp-content\/uploads\/2026\/03\/image-20.png 768w, https:\/\/sites.uel.br\/ccs\/wp-content\/uploads\/2026\/03\/image-20-300x169.png 300w\" sizes=\"auto, (max-width: 768px) 100vw, 768px\" \/><figcaption class=\"wp-element-caption\">Centro de Fisioterapia Aqu\u00e1tica<\/figcaption><\/figure>\n<\/div><\/div>\n<\/div>\n\n\n\n<p>O coordenador do Grupo PAIFIT e dos projetos tem uma carreira acad\u00eamica consolidada, somando 33 anos de atua\u00e7\u00e3o como professor universit\u00e1rio e 23 anos como pesquisador, destacando-se pela ampla produ\u00e7\u00e3o cient\u00edfica (aproximadamente 160 artigos publicados), participa\u00e7\u00e3o em projetos e orienta\u00e7\u00e3o de alunos de diferentes forma\u00e7\u00f5es acad\u00eamicas (25 de mestrado e 11 de doutorado). Formado em Fisioterapia pela UEL em 1991, Mestrado em Educa\u00e7\u00e3o em Sa\u00fade pela&nbsp;<em>Maastricht University<\/em>, na Holanda, Doutorado em Ci\u00eancias pela Universidade Federal de S\u00e3o Paulo (UNIFESP), bem como P\u00f3s-Doutorado na Inglaterra e Estados Unidos, o docente \u00e9 reconhecido por sua atua\u00e7\u00e3o nas \u00e1reas de avalia\u00e7\u00e3o F\u00edsico-Funcional, Fisioterapia Aqu\u00e1tica e An\u00e1lises de Dados. Al\u00e9m disso, \u00e9 bolsista-produtividade em pesquisa pelo CNPq desde 2007, sendo um dos principais respons\u00e1veis pela cria\u00e7\u00e3o e consolida\u00e7\u00e3o do Grupo de Pesquisa que deu origem ao PAIFIT.<\/p>\n\n\n\n<p>Maiores informa\u00e7\u00f5es acessem as redes sociais (@grupo_paifit&nbsp; e @fisio.aquaticahu). Telefone do Laborat\u00f3rio: (43) 3371.2937. Quer ouvir as pesquisas realizadas pelo Grupo? Acesse o link:&nbsp;<a href=\"https:\/\/shre.ink\/5Tjk\"><strong>https:\/\/shre.ink\/5Tjk<\/strong><\/a><strong>&nbsp;ou&nbsp;<\/strong>use o&nbsp;<em>QR code<\/em>:<\/p>\n\n\n<div class=\"wp-block-image\">\n<figure class=\"aligncenter\"><img decoding=\"async\" src=\"https:\/\/sites.uel.br\/hu-londrina\/wp-content\/uploads\/2026\/03\/image-5.png\" alt=\"\" class=\"wp-image-3515\" \/><\/figure>\n<\/div>","protected":false},"excerpt":{"rendered":"<p>Assessoria de Comunica\u00e7\u00e3o do HU-UEL O Departamento de Fisioterapia\/CCS da UEL conta com o grupo de Pesquisa PAIFIT (Pesquisa em Avalia\u00e7\u00e3o e Interven\u00e7\u00e3o em Fisioterapia), que no primeiro trimestre de 2026 completa 25 anos de atua\u00e7\u00e3o. Criado em 2001, o projeto se consolidou como refer\u00eancia nas \u00e1reas de Fisioterapia, Fisioterapia Aqu\u00e1tica, Biomec\u00e2nica e Epidemiologia Cl\u00ednica, [&hellip;]<\/p>\n","protected":false},"author":15,"featured_media":3144,"comment_status":"open","ping_status":"open","sticky":false,"template":"","format":"standard","meta":{"_acf_changed":false,"footnotes":""},"categories":[1],"tags":[],"class_list":["post-3138","post","type-post","status-publish","format-standard","has-post-thumbnail","hentry","category-sem-categoria"],"acf":[],"_links":{"self":[{"href":"https:\/\/sites.uel.br\/ccs\/wp-json\/wp\/v2\/posts\/3138","targetHints":{"allow":["GET"]}}],"collection":[{"href":"https:\/\/sites.uel.br\/ccs\/wp-json\/wp\/v2\/posts"}],"about":[{"href":"https:\/\/sites.uel.br\/ccs\/wp-json\/wp\/v2\/types\/post"}],"author":[{"embeddable":true,"href":"https:\/\/sites.uel.br\/ccs\/wp-json\/wp\/v2\/users\/15"}],"replies":[{"embeddable":true,"href":"https:\/\/sites.uel.br\/ccs\/wp-json\/wp\/v2\/comments?post=3138"}],"version-history":[{"count":1,"href":"https:\/\/sites.uel.br\/ccs\/wp-json\/wp\/v2\/posts\/3138\/revisions"}],"predecessor-version":[{"id":3145,"href":"https:\/\/sites.uel.br\/ccs\/wp-json\/wp\/v2\/posts\/3138\/revisions\/3145"}],"wp:featuredmedia":[{"embeddable":true,"href":"https:\/\/sites.uel.br\/ccs\/wp-json\/wp\/v2\/media\/3144"}],"wp:attachment":[{"href":"https:\/\/sites.uel.br\/ccs\/wp-json\/wp\/v2\/media?parent=3138"}],"wp:term":[{"taxonomy":"category","embeddable":true,"href":"https:\/\/sites.uel.br\/ccs\/wp-json\/wp\/v2\/categories?post=3138"},{"taxonomy":"post_tag","embeddable":true,"href":"https:\/\/sites.uel.br\/ccs\/wp-json\/wp\/v2\/tags?post=3138"}],"curies":[{"name":"wp","href":"https:\/\/api.w.org\/{rel}","templated":true}]}}