{"id":2896,"date":"2025-09-26T11:52:57","date_gmt":"2025-09-26T14:52:57","guid":{"rendered":"https:\/\/sites.uel.br\/ccs\/?p=2896"},"modified":"2025-09-26T11:52:58","modified_gmt":"2025-09-26T14:52:58","slug":"projeto-do-fab-i-hu-esta-entre-os-dez-premiados-no-prime-2025","status":"publish","type":"post","link":"https:\/\/sites.uel.br\/ccs\/sem-categoria\/2025\/09\/26\/projeto-do-fab-i-hu-esta-entre-os-dez-premiados-no-prime-2025\/","title":{"rendered":"Projeto do Fab.i-HU est\u00e1 entre os dez premiados no Prime 2025"},"content":{"rendered":"\n<p>Intranet HU<\/p>\n\n\n\n<p>A Fibro Placa, que auxilia para redu\u00e7\u00e3o da fibrose p\u00f3s-tratamento cir\u00fargico de C\u00e2ncer de Mama, j\u00e1 \u00e9 uma aliada na recupera\u00e7\u00e3o de mulheres que passaram por mastectomia, em tratamento no HU. O produto \u00e9 resultado de um projeto do Laborat\u00f3rio de P&amp;D e Fabrica\u00e7\u00e3o Digital do HU-UEL (Fab.i HU) e que est\u00e1 entre os dez que ser\u00e3o premiados pelo Programa de Propriedade Intelectual com Foco no Mercado \u2013 Prime 2025.<\/p>\n\n\n\n<p>O Prime \u00e9 uma parceria entre a Secretaria de Ci\u00eancia, Tecnologia e Ensino Superior (SETI) e a Funda\u00e7\u00e3o Arauc\u00e1ria (FA), com apoio do Servi\u00e7o de Apoio \u00e0s Micro e Pequenas Empresas do Paran\u00e1 (Sebrae-PR). Tem por objetivo identificar e promover pesquisas acad\u00eamicas em produtos e servi\u00e7os com potencial de mercado, fomentando a inova\u00e7\u00e3o, a propriedade intelectual e a conex\u00e3o estrat\u00e9gica para comercializa\u00e7\u00e3o de tecnologias, a fim de contribuir para o avan\u00e7o da ci\u00eancia e o desenvolvimento socioecon\u00f4mico do Estado.<\/p>\n\n\n\n<p>A cerim\u00f4nia premia\u00e7\u00e3o ocorrer\u00e1 no evento de encerramento do Prime 2025, em Guarapuava, durante o Paran\u00e1 Faz Ci\u00eancia, dia 30 de outubro. Cada um dos dez selecionados ser\u00e1 premiado com R$ 200.000,00, destinados ao desenvolvimento do projeto.<\/p>\n\n\n\n<p>\u201cEstamos muito felizes com esta segunda conquista, especialmente por j\u00e1 termos sido premiados em 2023. Este reconhecimento \u00e9 fruto do trabalho coletivo da equipe Fab.i e da professora Ana Paula Melo, do Departamento de Fisioterapia, idealizadora da Fibro Placa\u201d, disse S\u00f4nia Fabris, uma das respons\u00e1veis pelo Fab.i.<\/p>\n\n\n<div class=\"wp-block-image\">\n<figure class=\"aligncenter size-large is-resized\"><img loading=\"lazy\" decoding=\"async\" width=\"1024\" height=\"683\" src=\"https:\/\/sites.uel.br\/ccs\/wp-content\/uploads\/2025\/09\/image-50-1024x683.png\" alt=\"\" class=\"wp-image-2897\" style=\"width:616px;height:auto\" srcset=\"https:\/\/sites.uel.br\/ccs\/wp-content\/uploads\/2025\/09\/image-50-1024x683.png 1024w, https:\/\/sites.uel.br\/ccs\/wp-content\/uploads\/2025\/09\/image-50-300x200.png 300w, https:\/\/sites.uel.br\/ccs\/wp-content\/uploads\/2025\/09\/image-50-768x512.png 768w, https:\/\/sites.uel.br\/ccs\/wp-content\/uploads\/2025\/09\/image-50-1536x1024.png 1536w, https:\/\/sites.uel.br\/ccs\/wp-content\/uploads\/2025\/09\/image-50.png 1920w\" sizes=\"auto, (max-width: 1024px) 100vw, 1024px\" \/><figcaption class=\"wp-element-caption\">As Docentes Ana Paula de Melo Ferreira e Sonia Fabris<\/figcaption><\/figure>\n<\/div>\n\n\n<p class=\"has-text-align-center\"><strong>A Fibro Placa<\/strong><\/p>\n\n\n\n<p>A Fibro Placa utiliza tecnologia de impress\u00e3o 3D para auxiliar no tratamento de linfedema, uma das principais sequelas decorrentes do tratamento cir\u00fargico do c\u00e2ncer de mama, e ocorre quando h\u00e1 uma manifesta\u00e7\u00e3o patol\u00f3gica do sistema linf\u00e1tico. A placa possui um relevo placa que, quando pressionado sobre a les\u00e3o, promove a quebra do tecido fibr\u00f3tico, melhorando a drenagem e a circula\u00e7\u00e3o linf\u00e1tica no membro afetado.<\/p>\n\n\n\n<p>O produto foi idealizado pela docente do departamento de Fisioterapia\/CCS\/UEL, Ana Paula de Melo Ferreira juntamente com a equipe do Fab.i HU, respons\u00e1vel pelo desenvolvimento e prototipa\u00e7\u00e3o, os docentes Cl\u00e1udio Pereira de Sampaio\/CECA\/UEL e Sonia Fabris\/CCS\/UEL e os bolsistas Lucas Maiola Astolfo, Tiffany Maria Pimenta Silva e Jos\u00e9 Antonio Vicentin.<\/p>\n\n\n<div class=\"wp-block-image\">\n<figure class=\"aligncenter size-large is-resized\"><img loading=\"lazy\" decoding=\"async\" width=\"1024\" height=\"944\" src=\"https:\/\/sites.uel.br\/ccs\/wp-content\/uploads\/2025\/09\/image-51-1024x944.png\" alt=\"\" class=\"wp-image-2898\" style=\"width:540px;height:auto\" srcset=\"https:\/\/sites.uel.br\/ccs\/wp-content\/uploads\/2025\/09\/image-51-1024x944.png 1024w, https:\/\/sites.uel.br\/ccs\/wp-content\/uploads\/2025\/09\/image-51-300x277.png 300w, https:\/\/sites.uel.br\/ccs\/wp-content\/uploads\/2025\/09\/image-51-768x708.png 768w, https:\/\/sites.uel.br\/ccs\/wp-content\/uploads\/2025\/09\/image-51.png 1200w\" sizes=\"auto, (max-width: 1024px) 100vw, 1024px\" \/><figcaption class=\"wp-element-caption\">A Fibro placa de compress\u00e3o terap\u00eautica para quebra de fibrose<\/figcaption><\/figure>\n<\/div>\n\n\n<p class=\"has-text-align-center\"><strong>O Prime 2025<\/strong><\/p>\n\n\n\n<p>No in\u00edcio, o Programa contou com 120 inscritos, dos quais 35 foram selecionados para a etapa seguinte. Na terceira etapa, dez finalistas foram selecionados e premiados. Ao todo foram quatro meses de dura\u00e7\u00e3o, com capacita\u00e7\u00e3o, incluindo workshops, sess\u00f5es de mentoria coletiva e networking (papos de mercado); apresenta\u00e7\u00f5es r\u00e1pidas, conhecidas como pitch e Demo Day.<\/p>\n\n\n\n<p>Na avalia\u00e7\u00e3o de Fabris, este programa atende diretamente a uma das principais demandas atuais: estimular a conex\u00e3o entre a academia e as empresas. Ao aproximar o conhecimento cient\u00edfico da pr\u00e1tica empresarial, permite que ideias e pesquisas sejam aplicadas e transformadas em solu\u00e7\u00f5es concretas. Isso proporciona aos alunos experi\u00eancias reais, enriquecendo sua forma\u00e7\u00e3o e preparando-os de forma mais eficaz para os desafios do mercado de trabalho. Integrando teoria e pr\u00e1tica.<\/p>\n\n\n\n<p>\u201cA colabora\u00e7\u00e3o entre universidades e empresas \u00e9 fundamental para o desenvolvimento de solu\u00e7\u00f5es inovadoras que abordem problemas sociais relevantes e para a constru\u00e7\u00e3o de um ecossistema de inova\u00e7\u00e3o s\u00f3lido e din\u00e2mico\u201d, disse Fabris.<\/p>\n","protected":false},"excerpt":{"rendered":"<p>Intranet HU A Fibro Placa, que auxilia para redu\u00e7\u00e3o da fibrose p\u00f3s-tratamento cir\u00fargico de C\u00e2ncer de Mama, j\u00e1 \u00e9 uma aliada na recupera\u00e7\u00e3o de mulheres que passaram por mastectomia, em tratamento no HU. O produto \u00e9 resultado de um projeto do Laborat\u00f3rio de P&amp;D e Fabrica\u00e7\u00e3o Digital do HU-UEL (Fab.i HU) e que est\u00e1 entre [&hellip;]<\/p>\n","protected":false},"author":15,"featured_media":2898,"comment_status":"open","ping_status":"open","sticky":false,"template":"","format":"standard","meta":{"_acf_changed":false,"footnotes":""},"categories":[1],"tags":[],"class_list":["post-2896","post","type-post","status-publish","format-standard","has-post-thumbnail","hentry","category-sem-categoria"],"acf":[],"_links":{"self":[{"href":"https:\/\/sites.uel.br\/ccs\/wp-json\/wp\/v2\/posts\/2896","targetHints":{"allow":["GET"]}}],"collection":[{"href":"https:\/\/sites.uel.br\/ccs\/wp-json\/wp\/v2\/posts"}],"about":[{"href":"https:\/\/sites.uel.br\/ccs\/wp-json\/wp\/v2\/types\/post"}],"author":[{"embeddable":true,"href":"https:\/\/sites.uel.br\/ccs\/wp-json\/wp\/v2\/users\/15"}],"replies":[{"embeddable":true,"href":"https:\/\/sites.uel.br\/ccs\/wp-json\/wp\/v2\/comments?post=2896"}],"version-history":[{"count":1,"href":"https:\/\/sites.uel.br\/ccs\/wp-json\/wp\/v2\/posts\/2896\/revisions"}],"predecessor-version":[{"id":2899,"href":"https:\/\/sites.uel.br\/ccs\/wp-json\/wp\/v2\/posts\/2896\/revisions\/2899"}],"wp:featuredmedia":[{"embeddable":true,"href":"https:\/\/sites.uel.br\/ccs\/wp-json\/wp\/v2\/media\/2898"}],"wp:attachment":[{"href":"https:\/\/sites.uel.br\/ccs\/wp-json\/wp\/v2\/media?parent=2896"}],"wp:term":[{"taxonomy":"category","embeddable":true,"href":"https:\/\/sites.uel.br\/ccs\/wp-json\/wp\/v2\/categories?post=2896"},{"taxonomy":"post_tag","embeddable":true,"href":"https:\/\/sites.uel.br\/ccs\/wp-json\/wp\/v2\/tags?post=2896"}],"curies":[{"name":"wp","href":"https:\/\/api.w.org\/{rel}","templated":true}]}}