{"id":2814,"date":"2025-09-15T22:08:44","date_gmt":"2025-09-16T01:08:44","guid":{"rendered":"https:\/\/sites.uel.br\/ccs\/?p=2814"},"modified":"2025-09-15T22:11:02","modified_gmt":"2025-09-16T01:11:02","slug":"semana-de-promocao-de-saude-mental-do-ccs","status":"publish","type":"post","link":"https:\/\/sites.uel.br\/ccs\/sem-categoria\/2025\/09\/15\/semana-de-promocao-de-saude-mental-do-ccs\/","title":{"rendered":"Semana de Promo\u00e7\u00e3o de Sa\u00fade Mental do CCS"},"content":{"rendered":"\n<p>Semana de Promo\u00e7\u00e3o de Sa\u00fade Mental do CCS com apoio da Resid\u00eancia em Enfermagem em Sa\u00fade Mental e do <a href=\"https:\/\/www.instagram.com\/padduel\/\">@padduel<\/a>! Agradecemos as professoras do curso de Enfermagem <a href=\"https:\/\/www.instagram.com\/reginarezendemachado\/\">@reginarezendemachado<\/a> e <a href=\"https:\/\/www.instagram.com\/fermachado3\/\">@fermachado3<\/a> pela organiza\u00e7\u00e3o dessa semana especial de atividades!<\/p>\n\n\n<div class=\"wp-block-image\">\n<figure class=\"aligncenter size-large is-resized\"><img loading=\"lazy\" decoding=\"async\" width=\"627\" height=\"1024\" src=\"https:\/\/sites.uel.br\/ccs\/wp-content\/uploads\/2025\/09\/image-9-627x1024.png\" alt=\"\" class=\"wp-image-2816\" style=\"width:337px;height:auto\" srcset=\"https:\/\/sites.uel.br\/ccs\/wp-content\/uploads\/2025\/09\/image-9-627x1024.png 627w, https:\/\/sites.uel.br\/ccs\/wp-content\/uploads\/2025\/09\/image-9-184x300.png 184w, https:\/\/sites.uel.br\/ccs\/wp-content\/uploads\/2025\/09\/image-9-768x1254.png 768w, https:\/\/sites.uel.br\/ccs\/wp-content\/uploads\/2025\/09\/image-9-941x1536.png 941w, https:\/\/sites.uel.br\/ccs\/wp-content\/uploads\/2025\/09\/image-9.png 980w\" sizes=\"auto, (max-width: 627px) 100vw, 627px\" \/><\/figure>\n<\/div>\n\n\n<p><a href=\"https:\/\/www.instagram.com\/padduel\/reel\/DOo4bWzgMXE\" target=\"_blank\" rel=\"noreferrer noopener\">https:\/\/www.instagram.com\/padduel\/reel\/DOo4bWzgMXE<\/a><\/p>\n\n\n\n<p><\/p>\n","protected":false},"excerpt":{"rendered":"<p>Semana de Promo\u00e7\u00e3o de Sa\u00fade Mental do CCS com apoio da Resid\u00eancia em Enfermagem em Sa\u00fade Mental e do @padduel! Agradecemos as professoras do curso de Enfermagem @reginarezendemachado e @fermachado3 pela organiza\u00e7\u00e3o dessa semana especial de atividades! https:\/\/www.instagram.com\/padduel\/reel\/DOo4bWzgMXE<\/p>\n","protected":false},"author":15,"featured_media":2815,"comment_status":"open","ping_status":"open","sticky":false,"template":"","format":"standard","meta":{"_acf_changed":false,"footnotes":""},"categories":[1],"tags":[],"class_list":["post-2814","post","type-post","status-publish","format-standard","has-post-thumbnail","hentry","category-sem-categoria"],"acf":[],"_links":{"self":[{"href":"https:\/\/sites.uel.br\/ccs\/wp-json\/wp\/v2\/posts\/2814","targetHints":{"allow":["GET"]}}],"collection":[{"href":"https:\/\/sites.uel.br\/ccs\/wp-json\/wp\/v2\/posts"}],"about":[{"href":"https:\/\/sites.uel.br\/ccs\/wp-json\/wp\/v2\/types\/post"}],"author":[{"embeddable":true,"href":"https:\/\/sites.uel.br\/ccs\/wp-json\/wp\/v2\/users\/15"}],"replies":[{"embeddable":true,"href":"https:\/\/sites.uel.br\/ccs\/wp-json\/wp\/v2\/comments?post=2814"}],"version-history":[{"count":2,"href":"https:\/\/sites.uel.br\/ccs\/wp-json\/wp\/v2\/posts\/2814\/revisions"}],"predecessor-version":[{"id":2819,"href":"https:\/\/sites.uel.br\/ccs\/wp-json\/wp\/v2\/posts\/2814\/revisions\/2819"}],"wp:featuredmedia":[{"embeddable":true,"href":"https:\/\/sites.uel.br\/ccs\/wp-json\/wp\/v2\/media\/2815"}],"wp:attachment":[{"href":"https:\/\/sites.uel.br\/ccs\/wp-json\/wp\/v2\/media?parent=2814"}],"wp:term":[{"taxonomy":"category","embeddable":true,"href":"https:\/\/sites.uel.br\/ccs\/wp-json\/wp\/v2\/categories?post=2814"},{"taxonomy":"post_tag","embeddable":true,"href":"https:\/\/sites.uel.br\/ccs\/wp-json\/wp\/v2\/tags?post=2814"}],"curies":[{"name":"wp","href":"https:\/\/api.w.org\/{rel}","templated":true}]}}