{"id":2691,"date":"2025-08-08T08:57:53","date_gmt":"2025-08-08T11:57:53","guid":{"rendered":"https:\/\/sites.uel.br\/ccs\/?p=2691"},"modified":"2025-08-08T09:06:15","modified_gmt":"2025-08-08T12:06:15","slug":"uel-encaminha-ao-governo-proposta-de-criacao-do-curso-de-fonoaudiologia","status":"publish","type":"post","link":"https:\/\/sites.uel.br\/ccs\/sem-categoria\/2025\/08\/08\/uel-encaminha-ao-governo-proposta-de-criacao-do-curso-de-fonoaudiologia\/","title":{"rendered":"UEL encaminha ao governo proposta de cria\u00e7\u00e3o do curso de Fonoaudiologia"},"content":{"rendered":"\n<p><strong>Pedro Livoratti<\/strong><\/p>\n\n\n\n<p><strong>Ag\u00eancia UEL<\/strong><\/p>\n\n\n\n<p>O Conselho de Administra\u00e7\u00e3o (CA) da UEL aprovou a cria\u00e7\u00e3o do curso de Fonoaudiologia que dever\u00e1 complementar a grade oferecida pelo Centro de Ci\u00eancias da Sa\u00fade (CCS), que j\u00e1 disponibiliza as gradua\u00e7\u00f5es de Medicina, Enfermagem, Farm\u00e1cia,&nbsp;<a href=\"https:\/\/operobal.uel.br\/ultimas\/2025\/08\/06\/fisioterapia-abre-vagas-para-atendimento-a-gestantes\/\" target=\"_blank\" rel=\"noreferrer noopener\">Fisioterapia<\/a>, Nutri\u00e7\u00e3o e Odontologia. A proposta partiu do Departamento de Patologia, An\u00e1lises Cl\u00ednicas e Toxicol\u00f3gicas (PAC) e foi analisada por todas as inst\u00e2ncias \u2013 Conselho de Centro; C\u00e2mara de Gradua\u00e7\u00e3o; Conselho de Ensino, Pesquisa e Extens\u00e3o (CEPE) e CA. A solicita\u00e7\u00e3o segue agora para o governo do Paran\u00e1, por meio da Secretaria de Ci\u00eancia, Tecnologia e Ensino Superior (Seti), respons\u00e1veis pela implementa\u00e7\u00e3o efetiva da nova gradua\u00e7\u00e3o.&nbsp;<\/p>\n\n\n\n<p>A cria\u00e7\u00e3o do curso conta com respaldo dos Conselhos Profissionais de Fonoaudiologia (Federal e Regional) que foram consultados pelo CCS e demonstraram grande interesse. A proposta tamb\u00e9m foi apresentada a gestores da \u00e1rea de sa\u00fade como forma de suprir uma demanda urgente de profissionais para atendimento na sa\u00fade b\u00e1sica de Londrina e em toda a macrorregi\u00e3o da Associa\u00e7\u00e3o dos Munic\u00edpios do M\u00e9dio Paranapanema (Amepar), que re\u00fane 22 cidades no norte do estado.<\/p>\n\n\n\n<p>A proposta prev\u00ea implantar a gradua\u00e7\u00e3o de Fonoaudiologia (bacharelado), com dura\u00e7\u00e3o de cinco anos, no per\u00edodo matutino, com carga hor\u00e1ria total de 4 mil horas, oferecendo 30 vagas anuais. Segundo a diretora do CCS da UEL e coordenadora da proposta, professora Andrea Name, existe ainda uma demanda acad\u00eamica, ou seja, a de possibilitar que estudantes possam fazer um curso em uma Universidade P\u00fablica para suprir uma necessidade regional.<\/p>\n\n\n\n<div class=\"wp-block-columns is-layout-flex wp-container-core-columns-is-layout-9d6595d7 wp-block-columns-is-layout-flex\">\n<div class=\"wp-block-column is-layout-flow wp-block-column-is-layout-flow\" style=\"flex-basis:66.66%\">\n<p>De acordo com levantamento apresentado aos conselheiros, h\u00e1 uma quantidade muito restrita de fonoaudi\u00f3logos que atendem a rede p\u00fablica de sa\u00fade de Londrina, na assist\u00eancia direta \u00e0 popula\u00e7\u00e3o. Essa defasagem, acrescenta a diretora, confronta com o princ\u00edpio de integralidade e universalidade do Sistema \u00danico de Sa\u00fade (SUS), que preconiza o atendimento completo e abrangente do paciente, considerando suas necessidades f\u00edsicas, mentais, sociais e emocionais.<\/p>\n<\/div>\n\n\n\n<div class=\"wp-block-column is-layout-flow wp-block-column-is-layout-flow\" style=\"flex-basis:33.33%\"><div class=\"wp-block-image\">\n<figure class=\"aligncenter size-full is-resized\"><img loading=\"lazy\" decoding=\"async\" width=\"1024\" height=\"683\" src=\"https:\/\/sites.uel.br\/ccs\/wp-content\/uploads\/2025\/08\/image-9.png\" alt=\"\" class=\"wp-image-2692\" style=\"width:307px;height:auto\" srcset=\"https:\/\/sites.uel.br\/ccs\/wp-content\/uploads\/2025\/08\/image-9.png 1024w, https:\/\/sites.uel.br\/ccs\/wp-content\/uploads\/2025\/08\/image-9-300x200.png 300w, https:\/\/sites.uel.br\/ccs\/wp-content\/uploads\/2025\/08\/image-9-768x512.png 768w\" sizes=\"auto, (max-width: 1024px) 100vw, 1024px\" \/><figcaption class=\"wp-element-caption\"><em>A proposta de cria\u00e7\u00e3o do curso de Fonoaudiologia partiu do Departamento de Patologia, An\u00e1lises Cl\u00ednicas e Toxicol\u00f3gicas (PAC), encabe\u00e7ada pela professora e diretora do CCS, Andrea Name (foto). A proposta prev\u00ea implantar a gradua\u00e7\u00e3o com dura\u00e7\u00e3o de cinco anos, no per\u00edodo matutino, com carga hor\u00e1ria total de 4 mil horas, oferecendo 30 vagas anuais. (Foto: Ag\u00eancia UEL).<\/em><\/figcaption><\/figure>\n<\/div><\/div>\n<\/div>\n\n\n\n<p>\u201cHoje n\u00f3s n\u00e3o conseguimos implantar a assist\u00eancia de forma adequada, integral, porque n\u00e3o temos profissionais que possam suprir essa demanda do mercado de trabalho\u201d. Ela explica que, ainda do ponto de vista acad\u00eamico, a gradua\u00e7\u00e3o de fonoaudiologia \u00e9 oferecida no Paran\u00e1 em somente uma Universidade P\u00fablica, que \u00e9 a Unicentro, no Campus de Irati. Dessa forma, o ideal \u00e9 a implanta\u00e7\u00e3o do curso na UEL para a forma\u00e7\u00e3o de alunos de diversas condi\u00e7\u00f5es socioecon\u00f4micas, os quais futuramente poder\u00e3o atender a alta demanda de assist\u00eancia \u00e0 sa\u00fade da comunica\u00e7\u00e3o humana. \u201cEntendemos que nossa proposta vai ao encontro daquilo que o Paran\u00e1 precisa\u201d, conclui a diretora.<\/p>\n\n\n\n<div class=\"wp-block-columns is-layout-flex wp-container-core-columns-is-layout-9d6595d7 wp-block-columns-is-layout-flex\">\n<div class=\"wp-block-column is-layout-flow wp-block-column-is-layout-flow\"><div class=\"wp-block-image\">\n<figure class=\"alignright size-full is-resized\"><img loading=\"lazy\" decoding=\"async\" width=\"840\" height=\"560\" src=\"https:\/\/sites.uel.br\/ccs\/wp-content\/uploads\/2025\/08\/image-10.png\" alt=\"\" class=\"wp-image-2693\" style=\"width:309px;height:auto\" srcset=\"https:\/\/sites.uel.br\/ccs\/wp-content\/uploads\/2025\/08\/image-10.png 840w, https:\/\/sites.uel.br\/ccs\/wp-content\/uploads\/2025\/08\/image-10-300x200.png 300w, https:\/\/sites.uel.br\/ccs\/wp-content\/uploads\/2025\/08\/image-10-768x512.png 768w\" sizes=\"auto, (max-width: 840px) 100vw, 840px\" \/><figcaption class=\"wp-element-caption\"><em>A reitora da UEL, professora Marta Favaro, defende a cria\u00e7\u00e3o do curso de Fonoaudiologia. (Foto: Ag\u00eancia UEL).<\/em><\/figcaption><\/figure>\n<\/div><\/div>\n\n\n\n<div class=\"wp-block-column is-layout-flow wp-block-column-is-layout-flow\">\n<p>Como destacou a reitora da UEL, Marta Favaro, a Universidade foi criada h\u00e1 55 anos com o compromisso de responder \u00e0s demandas da sociedade. A proposta do novo curso de Fonoaudiologia, somada \u00e0 recente iniciativa para a cria\u00e7\u00e3o do&nbsp;<a href=\"https:\/\/operobal.uel.br\/cce\/2025\/07\/03\/universidade-estadual-de-londrina-aprova-criacao-de-curso-de-geologia\/\" target=\"_blank\" rel=\"noreferrer noopener\">curso de Geologia<\/a>, refor\u00e7a o papel da UEL como uma institui\u00e7\u00e3o protagonista na busca por solu\u00e7\u00f5es para desafios sociais e regionais.<\/p>\n<\/div>\n<\/div>\n\n\n\n<p>\u201cO compromisso de atender \u00e0s necessidades da sociedade permanece vivo em cada nova proposta de curso. Fonoaudiologia vem ao encontro \u00e0s crescentes demandas por aten\u00e7\u00e3o \u00e0 sa\u00fade, especialmente na preven\u00e7\u00e3o e reabilita\u00e7\u00e3o. Ao investir nessa \u00e1rea, reafirmamos o papel da UEL como uma universidade p\u00fablica que forma profissionais comprometidos com a transforma\u00e7\u00e3o social e com o cuidado com a vida em todas as suas dimens\u00f5es\u201d, defendeu.<\/p>\n\n\n\n<h2 class=\"wp-block-heading has-text-align-center\"><strong>Atendimento integral<\/strong><\/h2>\n\n\n\n<p>O professor Paulo Melo, do Departamento de Patologia, An\u00e1lises Cl\u00ednicas e Toxicol\u00f3gicas, \u00e9 fonoaudi\u00f3logo e integrou a comiss\u00e3o de elabora\u00e7\u00e3o pedag\u00f3gica do curso. Ele explica que o profissional da \u00e1rea \u00e9 qualificado para atuar na promo\u00e7\u00e3o da sa\u00fade, preven\u00e7\u00e3o, avalia\u00e7\u00e3o, diagn\u00f3stico e tratamento dos dist\u00farbios da comunica\u00e7\u00e3o humana, bem como, no aperfei\u00e7oamento dos padr\u00f5es da audi\u00e7\u00e3o, voz, fala, degluti\u00e7\u00e3o e linguagem. Atualmente a Fonoaudiologia conta com 15 especialidades.<\/p>\n\n\n\n<p>\u201cO profissional atende pacientes em todos os ciclos da vida, desde o beb\u00ea ao idoso. Existe uma demanda reprimida, por isso \u00e9 necess\u00e1rio a forma\u00e7\u00e3o de profissionais de qualidade para atender tanto o munic\u00edpio como toda a regi\u00e3o\u201d, detalha.<\/p>\n\n\n\n<div class=\"wp-block-columns is-layout-flex wp-container-core-columns-is-layout-9d6595d7 wp-block-columns-is-layout-flex\">\n<div class=\"wp-block-column is-layout-flow wp-block-column-is-layout-flow\" style=\"flex-basis:66.66%\">\n<p>O fonoaudi\u00f3logo \u00e9 respons\u00e1vel pela triagem auditiva neonatal (exame da orelhinha que identifica a capacidade auditiva de rec\u00e9m-nascidos) e teste da linguinha, tamb\u00e9m realizado em beb\u00eas, para avaliar a mobilidade da l\u00edngua e identificar a anquiloglossia (l\u00edngua presa). Os fonoaudi\u00f3logos tamb\u00e9m s\u00e3o os profissionais que constatam casos de disfagia (quando o paciente aspira alimento ou saliva e vai para pulm\u00e3o) em ambientes hospitalares, por exemplo.<\/p>\n<\/div>\n\n\n\n<div class=\"wp-block-column is-layout-flow wp-block-column-is-layout-flow\" style=\"flex-basis:33.33%\"><div class=\"wp-block-image\">\n<figure class=\"aligncenter size-full is-resized\"><img loading=\"lazy\" decoding=\"async\" width=\"892\" height=\"587\" src=\"https:\/\/sites.uel.br\/ccs\/wp-content\/uploads\/2025\/08\/image-11.png\" alt=\"\" class=\"wp-image-2694\" style=\"width:307px;height:auto\" srcset=\"https:\/\/sites.uel.br\/ccs\/wp-content\/uploads\/2025\/08\/image-11.png 892w, https:\/\/sites.uel.br\/ccs\/wp-content\/uploads\/2025\/08\/image-11-300x197.png 300w, https:\/\/sites.uel.br\/ccs\/wp-content\/uploads\/2025\/08\/image-11-768x505.png 768w\" sizes=\"auto, (max-width: 892px) 100vw, 892px\" \/><figcaption class=\"wp-element-caption\"><em>UEL encaminha ao governo proposta de cria\u00e7\u00e3o do curso de Fonoaudiologia. A solicita\u00e7\u00e3o segue agora para o governo do Paran\u00e1, por meio da Secretaria de Ci\u00eancia, Tecnologia e Ensino Superior (Seti), respons\u00e1veis pela implementa\u00e7\u00e3o efetiva da nova gradua\u00e7\u00e3o.&nbsp;<\/em>&nbsp;<em>(Foto: freepik).<\/em><\/figcaption><\/figure>\n<\/div><\/div>\n<\/div>\n\n\n\n<p>Existe ainda o atendimento a crian\u00e7as com necessidades especiais (PCDs), pessoas que sofreram AVC e t\u00eam sequelas e os pacientes da terceira idade que necessitam de acompanhamento e reabilita\u00e7\u00e3o. Ainda de acordo com o professor, a proposta inclui futuramente a constru\u00e7\u00e3o de uma Cl\u00ednica de Fonoaudiologia para realiza\u00e7\u00e3o dos est\u00e1gios dos alunos de 4\u00ba e 5\u00ba anos. Por meio dessa estrutura, o curso poder\u00e1 atender a popula\u00e7\u00e3o e, inclusive, profissionais que utilizam a voz, como jornalistas, professores, palestrantes, m\u00fasicos e artistas. Al\u00e9m disso, ter\u00e1 conex\u00e3o com outras gradua\u00e7\u00f5es da UEL relacionadas \u00e0 \u00e1rea da sa\u00fade, e outras, como Jornalismo, Artes e M\u00fasica.<\/p>\n","protected":false},"excerpt":{"rendered":"<p>Pedro Livoratti Ag\u00eancia UEL O Conselho de Administra\u00e7\u00e3o (CA) da UEL aprovou a cria\u00e7\u00e3o do curso de Fonoaudiologia que dever\u00e1 complementar a grade oferecida pelo Centro de Ci\u00eancias da Sa\u00fade (CCS), que j\u00e1 disponibiliza as gradua\u00e7\u00f5es de Medicina, Enfermagem, Farm\u00e1cia,&nbsp;Fisioterapia, Nutri\u00e7\u00e3o e Odontologia. A proposta partiu do Departamento de Patologia, An\u00e1lises Cl\u00ednicas e Toxicol\u00f3gicas (PAC) [&hellip;]<\/p>\n","protected":false},"author":15,"featured_media":2695,"comment_status":"open","ping_status":"open","sticky":false,"template":"","format":"standard","meta":{"_acf_changed":false,"footnotes":""},"categories":[1],"tags":[],"class_list":["post-2691","post","type-post","status-publish","format-standard","has-post-thumbnail","hentry","category-sem-categoria"],"acf":[],"_links":{"self":[{"href":"https:\/\/sites.uel.br\/ccs\/wp-json\/wp\/v2\/posts\/2691","targetHints":{"allow":["GET"]}}],"collection":[{"href":"https:\/\/sites.uel.br\/ccs\/wp-json\/wp\/v2\/posts"}],"about":[{"href":"https:\/\/sites.uel.br\/ccs\/wp-json\/wp\/v2\/types\/post"}],"author":[{"embeddable":true,"href":"https:\/\/sites.uel.br\/ccs\/wp-json\/wp\/v2\/users\/15"}],"replies":[{"embeddable":true,"href":"https:\/\/sites.uel.br\/ccs\/wp-json\/wp\/v2\/comments?post=2691"}],"version-history":[{"count":10,"href":"https:\/\/sites.uel.br\/ccs\/wp-json\/wp\/v2\/posts\/2691\/revisions"}],"predecessor-version":[{"id":2707,"href":"https:\/\/sites.uel.br\/ccs\/wp-json\/wp\/v2\/posts\/2691\/revisions\/2707"}],"wp:featuredmedia":[{"embeddable":true,"href":"https:\/\/sites.uel.br\/ccs\/wp-json\/wp\/v2\/media\/2695"}],"wp:attachment":[{"href":"https:\/\/sites.uel.br\/ccs\/wp-json\/wp\/v2\/media?parent=2691"}],"wp:term":[{"taxonomy":"category","embeddable":true,"href":"https:\/\/sites.uel.br\/ccs\/wp-json\/wp\/v2\/categories?post=2691"},{"taxonomy":"post_tag","embeddable":true,"href":"https:\/\/sites.uel.br\/ccs\/wp-json\/wp\/v2\/tags?post=2691"}],"curies":[{"name":"wp","href":"https:\/\/api.w.org\/{rel}","templated":true}]}}