{"id":2598,"date":"2025-06-26T11:10:47","date_gmt":"2025-06-26T14:10:47","guid":{"rendered":"https:\/\/sites.uel.br\/ccs\/?p=2598"},"modified":"2025-06-26T11:12:38","modified_gmt":"2025-06-26T14:12:38","slug":"mascara-inovadora-visa-contribuir-para-protecao-de-trabalhadores-da-area-da-saude","status":"publish","type":"post","link":"https:\/\/sites.uel.br\/ccs\/sem-categoria\/2025\/06\/26\/mascara-inovadora-visa-contribuir-para-protecao-de-trabalhadores-da-area-da-saude\/","title":{"rendered":"M\u00e1scara inovadora visa contribuir para prote\u00e7\u00e3o de trabalhadores da \u00e1rea da sa\u00fade"},"content":{"rendered":"\n<p><strong><em>Edson Vitoretti<\/em><\/strong><\/p>\n\n\n\n<p><strong><em>Ag\u00eancia UEL<\/em><\/strong><\/p>\n\n\n\n<p>Durante a pandemia de COVID-19, houve uma conscientiza\u00e7\u00e3o geral da necessidade e dos benef\u00edcios do uso de m\u00e1scaras para a prote\u00e7\u00e3o da sa\u00fade. A pandemia acabou, e as m\u00e1scaras sa\u00edram de cena e das faces da popula\u00e7\u00e3o. Entretanto, h\u00e1 um contingente de trabalhadores que dependem cotidianamente da prote\u00e7\u00e3o desse equipamento: os profissionais da \u00e1rea da sa\u00fade, como enfermeiros, t\u00e9cnicos de laborat\u00f3rios e m\u00e9dicos. Antes, na pandemia, havia o perigo do coronav\u00edrus SARS-CoV-2. Hoje, nos centros cir\u00fargicos de hospitais de todo o pa\u00eds, h\u00e1 os malef\u00edcios decorrentes da fuma\u00e7a cir\u00fargica. O projeto \u201cHospital Amigo do Trabalhador\u201d tem como objetivo justamente combater essa amea\u00e7a, e, para isso, criou uma m\u00e1scara inovadora, mais eficiente, sustent\u00e1vel e confort\u00e1vel.<\/p>\n\n\n\n<p>O projeto foi desenvolvido pelo Grupo de Estudos em Gest\u00e3o do Cuidado, Editora\u00e7\u00e3o Cient\u00edfica e Sa\u00fade do Trabalhador (<a href=\"http:\/\/dgp.cnpq.br\/dgp\/espelhogrupo\/3475897531266439\">GeeST<\/a>), vinculado ao Programa de P\u00f3s-Gradua\u00e7\u00e3o em Enfermagem da UEL, e \u00e9 subdividido em tr\u00eas projetos menores. Na primeira etapa, foi desenvolvida uma inova\u00e7\u00e3o tecnol\u00f3gica: a m\u00e1scara HeLP. Ela possui essa denomina\u00e7\u00e3o por ser as iniciais dos nomes das respons\u00e1veis pela inven\u00e7\u00e3o, a doutoranda \u00e0 \u00e9poca e hoje professora do&nbsp;<a href=\"https:\/\/departamentos.uel.br\/enfermagem\/\">Departamento de Enfermagem<\/a>, Helenize Ferreira Lima Leachi, e a coordenadora do projeto e professora do mesmo departamento, Renata Perfeito Ribeiro.<\/p>\n\n\n\n<p>A ideia de criar uma m\u00e1scara diferenciada surgiu quando se percebeu que as m\u00e1scaras cir\u00fargicas comumente utilizadas, sejam as mais simples, ou a mais refor\u00e7ada, a do tipo N95\/PFF2, n\u00e3o s\u00e3o eficientes na prote\u00e7\u00e3o contra a fuma\u00e7a cir\u00fargica ou tinham problemas de usabilidade \u2013 caso da N95, que provoca desconforto aos usu\u00e1rios. Este modelo ainda exige cuidados especiais para seu armazenamento a fim de impedir a deforma\u00e7\u00e3o do seu filtro, que n\u00e3o pode ser amassado.<\/p>\n\n\n\n<p>Al\u00e9m disso, relatos dos trabalhadores d\u00e3o conta de que a N95 incomoda muito durante procedimentos cir\u00fargicos de longa dura\u00e7\u00e3o. Eles alegam que o uso prolongado dessa m\u00e1scara causa ansiedade, tontura e dor de cabe\u00e7a por conta da restri\u00e7\u00e3o do fluxo de ar. Resultado: eles acabam retirando e ficando expostos a contamina\u00e7\u00f5es. J\u00e1 a HeLP, segundo Renata Perfeito, \u00e9 ergon\u00f4mica e, por isso, confort\u00e1vel, o que evita les\u00f5es nos rostos, mesmo com o encaixe justo para a oclus\u00e3o do nariz e da boca. O produto pode ser feito com resina ou silicone, materiais que conferem maleabilidade e facilitam o uso.<\/p>\n\n\n\n<div class=\"wp-block-columns is-layout-flex wp-container-core-columns-is-layout-9d6595d7 wp-block-columns-is-layout-flex\">\n<div class=\"wp-block-column is-layout-flow wp-block-column-is-layout-flow\">\n<p class=\"has-text-align-center\">Outra vantagem \u00e9 a sustentabilidade pois, ao contr\u00e1rio das m\u00e1scaras cir\u00fargicas simples e at\u00e9 da N95, a HeLP n\u00e3o necessita ser descartada depois de poucas utiliza\u00e7\u00f5es, o que gera benef\u00edcios para o meio ambiente. De forma geral, as m\u00e1scaras cir\u00fargicas comuns devem ser descartadas ap\u00f3s cada turno de trabalho ou sempre que apresentarem algum dano na estrutura ou, ainda, na presen\u00e7a de umidade. As N95 geralmente devem ser descartadas em at\u00e9 15 dias. J\u00e1 a HeLP pode ser utilizada por muito mais tempo, pois \u00e9 reutiliz\u00e1vel. Os testes a serem feitos durante a execu\u00e7\u00e3o do projeto trar\u00e3o uma maior precis\u00e3o sobre a vida \u00fatil da m\u00e1scara, mas a professora Helenize Leachi acredita que sua durabilidade pode ser de at\u00e9 seis meses.<\/p>\n<\/div>\n\n\n\n<div class=\"wp-block-column is-layout-flow wp-block-column-is-layout-flow\"><div class=\"wp-block-image\">\n<figure class=\"aligncenter size-full\"><img loading=\"lazy\" decoding=\"async\" width=\"1024\" height=\"683\" src=\"https:\/\/sites.uel.br\/ccs\/wp-content\/uploads\/2025\/06\/image-30.png\" alt=\"\" class=\"wp-image-2599\" srcset=\"https:\/\/sites.uel.br\/ccs\/wp-content\/uploads\/2025\/06\/image-30.png 1024w, https:\/\/sites.uel.br\/ccs\/wp-content\/uploads\/2025\/06\/image-30-300x200.png 300w, https:\/\/sites.uel.br\/ccs\/wp-content\/uploads\/2025\/06\/image-30-768x512.png 768w\" sizes=\"auto, (max-width: 1024px) 100vw, 1024px\" \/><figcaption class=\"wp-element-caption\"><em>M\u00e1scaras HeLP em duas vers\u00f5es. A vers\u00e3o em verde apresenta o filtro \u2013 em cor azul \u2013 por cima (Foto: Ag\u00eancia UEL).<\/em><\/figcaption><\/figure>\n<\/div><\/div>\n<\/div>\n\n\n\n<p>Outra vantagem \u00e9 a sustentabilidade pois, ao contr\u00e1rio das m\u00e1scaras cir\u00fargicas simples e at\u00e9 da N95, a HeLP n\u00e3o necessita ser descartada depois de poucas utiliza\u00e7\u00f5es, o que gera benef\u00edcios para o meio ambiente. De forma geral, as m\u00e1scaras cir\u00fargicas comuns devem ser descartadas ap\u00f3s cada turno de trabalho ou sempre que apresentarem algum dano na estrutura ou, ainda, na presen\u00e7a de umidade. As N95 geralmente devem ser descartadas em at\u00e9 15 dias. J\u00e1 a HeLP pode ser utilizada por muito mais tempo, pois \u00e9 reutiliz\u00e1vel. Os testes a serem feitos durante a execu\u00e7\u00e3o do projeto trar\u00e3o uma maior precis\u00e3o sobre a vida \u00fatil da m\u00e1scara, mas a professora Helenize Leachi acredita que sua durabilidade pode ser de at\u00e9 seis meses.<\/p>\n\n\n\n<p>H\u00e1 um dado ainda mais importante na compara\u00e7\u00e3o entre a HeLP e a N95: a efici\u00eancia da conten\u00e7\u00e3o de subst\u00e2ncias prejudiciais \u00e0 sa\u00fade. Como est\u00e1 impl\u00edcito em seu nome, a N95 \u00e9 capaz de filtrar 95% das part\u00edculas presentes na fuma\u00e7a cir\u00fargica com di\u00e2metro m\u00e9dio de 0,3 micr\u00f4metros (o que equivale a 0,0003 mil\u00edmetros). Entretanto, as part\u00edculas qu\u00edmicas produzidas durante o uso do eletrocaut\u00e9rio \u2013 equipamento que gera a fuma\u00e7a cir\u00fargica \u2013 cont\u00eam di\u00e2metros ainda menores, o que as torna penetr\u00e1veis nessa m\u00e1scara. Essas part\u00edculas menores (como tuloeno, mon\u00f3xido de carbono, benzeno, etc.) s\u00e3o as mais perigosas, pois s\u00e3o qu\u00edmicas, e n\u00e3o biol\u00f3gicas (como v\u00edrus, bact\u00e9rias etc.). \u201cQuando se fala de produtos qu\u00edmicos, existem n\u00edveis seguros para a exposi\u00e7\u00e3o. Mas para esses compostos, n\u00e3o existe n\u00edvel seguro, voc\u00ea n\u00e3o pode estar exposto sem a prote\u00e7\u00e3o adequada\u201d, explica Renata Perfeito.<\/p>\n\n\n\n<h5 class=\"wp-block-heading has-text-align-center\"><strong>Inalando o perigo<\/strong><\/h5>\n\n\n\n<p>Utilizado durante cirurgias para produzir cauteriza\u00e7\u00e3o e coagula\u00e7\u00e3o de tecidos, o eletrocaut\u00e9rio usa corrente el\u00e9trica para provocar calor, fundir vasos e, assim, diminuir a perda sangu\u00ednea no per\u00edodo intraoperat\u00f3rio. Na queima em contato com pele, sangue e outros fluidos corporais, \u00e9 produzida a fuma\u00e7a cir\u00fargica.<\/p>\n\n\n\n<p>Cerca de 5% da fuma\u00e7a cir\u00fargica \u00e9 composta de detritos origin\u00e1rios de subst\u00e2ncias qu\u00edmicas ou biol\u00f3gicas. Durante a inala\u00e7\u00e3o da fuma\u00e7a, as part\u00edculas menores que cinco micr\u00f4metros s\u00e3o depositadas nas vias a\u00e9reas, como laringe e br\u00f4nquios, e as menores que dois micr\u00f4metros se acumulam nas partes mais internas dos pulm\u00f5es.<\/p>\n\n\n\n<p><\/p>\n\n\n\n<div class=\"wp-block-columns is-layout-flex wp-container-core-columns-is-layout-9d6595d7 wp-block-columns-is-layout-flex\">\n<div class=\"wp-block-column is-layout-flow wp-block-column-is-layout-flow\"><div class=\"wp-block-image\">\n<figure class=\"aligncenter size-full\"><img loading=\"lazy\" decoding=\"async\" width=\"1024\" height=\"683\" src=\"https:\/\/sites.uel.br\/ccs\/wp-content\/uploads\/2025\/06\/image-31.png\" alt=\"\" class=\"wp-image-2600\" srcset=\"https:\/\/sites.uel.br\/ccs\/wp-content\/uploads\/2025\/06\/image-31.png 1024w, https:\/\/sites.uel.br\/ccs\/wp-content\/uploads\/2025\/06\/image-31-300x200.png 300w, https:\/\/sites.uel.br\/ccs\/wp-content\/uploads\/2025\/06\/image-31-768x512.png 768w\" sizes=\"auto, (max-width: 1024px) 100vw, 1024px\" \/><figcaption class=\"wp-element-caption\"><em>Professora Renata Perfeito Ribeiro \u00e9 l\u00edder do GeeST, que trabalha com quest\u00f5es ligadas ao trabalhador e publica artigos cient\u00edficos das \u00e1reas da Enfermagem e da Sa\u00fade.<\/em>&nbsp;<em>(Foto: Ag\u00eancia UEL)<\/em><\/figcaption><\/figure>\n<\/div><\/div>\n\n\n\n<div class=\"wp-block-column is-layout-flow wp-block-column-is-layout-flow\">\n<p class=\"has-text-align-center\">O GeeST trabalha com a hip\u00f3tese de que o risco ocupacional associado \u00e0 fuma\u00e7a cir\u00fargica pode estar atrelado a mecanismos desestabilizadores do equil\u00edbrio dos sistemas antioxidantes celulares, o que pode resultar em les\u00f5es causadas pelo estresse oxidativo, um desequil\u00edbrio na produ\u00e7\u00e3o dos radicais livres que causam danos \u00e0s c\u00e9lulas. Entre os sintomas causados pela inala\u00e7\u00e3o da fuma\u00e7a cir\u00fargica encontram-se: irrita\u00e7\u00e3o ocular e na garganta, tosse, tontura, dor de cabe\u00e7a, n\u00e1usea, ard\u00eancia de faringe, entre outros.<\/p>\n\n\n\n<p><\/p>\n<\/div>\n<\/div>\n\n\n\n<h5 class=\"wp-block-heading has-text-align-center\"><strong>Filtro para prote\u00e7\u00e3o<\/strong><\/h5>\n\n\n\n<p>A pe\u00e7a fundamental na m\u00e1scara para a reten\u00e7\u00e3o dessas part\u00edculas nocivas \u00e0 sa\u00fade \u00e9 o filtro, cujo desenvolvimento \u00e9 o foco do projeto \u201cHospital Amigo do Trabalhador \u2013 parte 2\u201d. Para a confec\u00e7\u00e3o do material, ser\u00e1 utilizado o SMS (Spunbond Meltblown Spunbond), com amplo uso em ambientes hospitalares e \u00e9 considerado um n\u00e3o-tecido. Tecidos s\u00e3o compostos por fibras com filamentos distribu\u00eddos de forma entrela\u00e7ada, padronizada. J\u00e1 os n\u00e3o-tecidos possuem uma estrutura cujos filamentos s\u00e3o distribu\u00eddos de forma aleat\u00f3ria. O SMS possui tr\u00eas camadas, sendo as duas externas compostas de orif\u00edcios maiores para a entrada de ar. Apenas na camada interna os orif\u00edcios diminuem de tamanho, visando a reten\u00e7\u00e3o de part\u00edculas. No projeto \u2013 que contar\u00e1 com a parceria da Universidade Tecnol\u00f3gica Federal do Paran\u00e1 (UTFPR) \u2013 ser\u00e1 feito uma esp\u00e9cie de beneficiamento do SMS, procedimento chamado de fia\u00e7\u00e3o, que visa a diminui\u00e7\u00e3o do di\u00e2metro dos orif\u00edcios das camadas do material. Pretende-se que, com essa diminui\u00e7\u00e3o, sejam retidas as subst\u00e2ncias qu\u00edmicas presentes na fuma\u00e7a cir\u00fargica que n\u00e3o s\u00e3o captadas pelas m\u00e1scaras comuns.<\/p>\n\n\n\n<p>Assim como foi com a m\u00e1scara HeLP, o filtro tamb\u00e9m \u00e9 considerado uma inova\u00e7\u00e3o tecnol\u00f3gica e ser\u00e1 submetido ao pedido de registro de patente na categoria adi\u00e7\u00e3o de inven\u00e7\u00e3o, que \u00e9 um aperfei\u00e7oamento ou desenvolvimento introduzido num produto anteriormente inventado.<\/p>\n\n\n\n<p class=\"has-text-align-center\"><strong>Teste em ambiente de trabalho<\/strong><\/p>\n\n\n\n<p>Ap\u00f3s o desenvolvimento do filtro, a etapa seguinte do projeto ser\u00e1 test\u00e1-lo na m\u00e1scara HeLP com a participa\u00e7\u00e3o dos trabalhadores em ambiente de trabalho. Ser\u00e3o feitos testes para avaliar a usabilidade da m\u00e1scara com a presen\u00e7a do filtro. O tempo em que os trabalhadores utilizar\u00e3o a m\u00e1scara ser\u00e1 cronometrado e posteriormente ser\u00e1 aplicado um question\u00e1rio para colher informa\u00e7\u00f5es sobre o uso e um outro para a apura\u00e7\u00e3o de dados demogr\u00e1ficos dos participantes. O p\u00fablico-alvo para os testes ser\u00e1 constitu\u00eddo de enfermeiros, t\u00e9cnicos e auxiliares de enfermagem, residentes e m\u00e9dicos expostos a riscos ocupacionais qu\u00edmicos e biol\u00f3gicos.<\/p>\n\n\n\n<p>O desenvolvimento do filtro e a aplica\u00e7\u00e3o dos testes necess\u00e1rios para a usabilidade da HeLP com o filtro t\u00eam como objetivo a implementa\u00e7\u00e3o do projeto \u201cHospital Amigo do Trabalhador \u2013 Parte 3\u201d, que visa desenvolver um&nbsp;<em>Bundle&nbsp;<\/em>(conjunto de procedimentos e recomenda\u00e7\u00f5es) para a preven\u00e7\u00e3o de doen\u00e7as associadas \u00e0 exposi\u00e7\u00e3o de trabalhadores da sa\u00fade a riscos qu\u00edmicos e biol\u00f3gicos. \u201cNesse&nbsp;<em>Bundle<\/em>, n\u00f3s vamos juntar tudo o que fizemos, todas as evid\u00eancias cient\u00edficas que encontramos, e vamos determinar recomenda\u00e7\u00f5es que o trabalhador e o gestor de um hospital precisariam seguir para que o local de trabalho possa ser considerado amigo do trabalhador\u201d, explica Renata Perfeito.<\/p>\n\n\n\n<p>Outro objetivo do projeto \u201cHospital Amigo do Trabalhador\u201d \u00e9 dar subs\u00eddios para a altera\u00e7\u00e3o da Norma Regulamentadora 32, baixada pelo Minist\u00e9rio do Trabalho e Emprego em 2005. A NR32 tem por finalidade estabelecer as diretrizes b\u00e1sicas para a implementa\u00e7\u00e3o de medidas de prote\u00e7\u00e3o \u00e0 seguran\u00e7a e \u00e0 sa\u00fade dos trabalhadores dos servi\u00e7os de sa\u00fade, entretanto, segundo a professora Renata Perfeito, a norma n\u00e3o abrange a prote\u00e7\u00e3o contra a fuma\u00e7a cir\u00fargica. \u201cEnt\u00e3o o objetivo do Hospital Amigo do Trabalhador \u00e9 criar esse&nbsp;<em>Bundle<\/em>&nbsp;e que nele haja regras regulamentadas para cuidar da sa\u00fade do trabalhador\u201d, afirma.<\/p>\n\n\n\n<p>Segundo a coordenadora, o projeto contribuir\u00e1 para a seguran\u00e7a dos trabalhadores da sa\u00fade, garantindo um ambiente de trabalho mais saud\u00e1vel. Isso resultar\u00e1 em uma for\u00e7a de trabalho mais produtiva e satisfeita, conforme explica a professora Renata: \u201cSe esse trabalhador estiver bem cuidado, vai ser mais produtivo e cuidar melhor. Vai haver um impacto na assist\u00eancia, reduzindo as aus\u00eancias do trabalho. Percebemos que falta esse cuidado com a sa\u00fade do trabalhador\u201d. A redu\u00e7\u00e3o do absente\u00edsmo e dos custos com tratamentos m\u00e9dicos decorrentes de doen\u00e7as relacionadas ao trabalho poder\u00e1 beneficiar diretamente as institui\u00e7\u00f5es de sa\u00fade e as empresas, o que pode gerar economias significativas a longo prazo.<\/p>\n\n\n\n<div class=\"wp-block-columns is-layout-flex wp-container-core-columns-is-layout-9d6595d7 wp-block-columns-is-layout-flex\">\n<div class=\"wp-block-column is-layout-flow wp-block-column-is-layout-flow\">\n<p class=\"has-text-align-center\">A import\u00e2ncia do projeto \u00e9 sintetizada pela professora Helenize Leachi: \u201cN\u00f3s temos grandes estudos internacionais sobre a fuma\u00e7a cir\u00fargica, mas ainda ningu\u00e9m havia desenvolvido nada. A professora Renata teve a bravura de pensar nessa m\u00e1scara, e n\u00f3s fomos com a cara e a coragem. A grande import\u00e2ncia \u00e9 olharmos para os trabalhadores de uma outra forma, porque a HeLP traz prote\u00e7\u00e3o, n\u00e3o s\u00f3 contra a fuma\u00e7a cir\u00fargica, mas contra outras doen\u00e7as, al\u00e9m de trazer comodidade para eles\u201d.<\/p>\n<\/div>\n\n\n\n<div class=\"wp-block-column is-layout-flow wp-block-column-is-layout-flow\"><div class=\"wp-block-image\">\n<figure class=\"aligncenter size-full\"><img loading=\"lazy\" decoding=\"async\" width=\"1024\" height=\"683\" src=\"https:\/\/sites.uel.br\/ccs\/wp-content\/uploads\/2025\/06\/image-32.png\" alt=\"\" class=\"wp-image-2601\" srcset=\"https:\/\/sites.uel.br\/ccs\/wp-content\/uploads\/2025\/06\/image-32.png 1024w, https:\/\/sites.uel.br\/ccs\/wp-content\/uploads\/2025\/06\/image-32-300x200.png 300w, https:\/\/sites.uel.br\/ccs\/wp-content\/uploads\/2025\/06\/image-32-768x512.png 768w\" sizes=\"auto, (max-width: 1024px) 100vw, 1024px\" \/><figcaption class=\"wp-element-caption\"><em>Integrantes do GeeST (da esquerda para a direita): Maria Vit\u00f3ria Gomes; Helenize Ferreira Lima Leachi; Renata Perfeito Ribeiro; Eduardo Vicente; e Ana Paula da Silva. (Foto: Ag\u00eancia UEL).<\/em><\/figcaption><\/figure>\n<\/div><\/div>\n<\/div>\n\n\n\n<p>O projeto \u2013 contemplado com o \u201cPrograma de Bolsas de Produtividade em Pesquisa e Desenvolvimento Tecnol\u00f3gico\u201d, promovido pela&nbsp;<a href=\"https:\/\/www.fappr.pr.gov.br\/\">Funda\u00e7\u00e3o Arauc\u00e1ria<\/a>&nbsp;\u2013 est\u00e1 em conson\u00e2ncia com a proposta dos Objetivos para o Desenvolvimento Sustent\u00e1vel da Organiza\u00e7\u00e3o das Na\u00e7\u00f5es Unidas (ONU), da Agenda 2030. Em seu item 8, a Agenda estabelece a necessidade de desenvolvimento para que todos os trabalhadores tenham trabalho decente e consequente crescimento econ\u00f4mico.<\/p>\n\n\n\n<p>Renata Perfeito Ribeiro \u00e9 Doutora pelo Programa Interunidades da Escola de Enfermagem da Universidade de S\u00e3o Paulo (USP) \u2013 Ribeir\u00e3o Preto e P\u00f3s-Doutora pela Escola de Enfermagem pela mesma universidade. \u00c9 membro da Red Internacional de Enfermeria en Salud Ocupacional (<a href=\"https:\/\/gruposdepesquisa.eerp.usp.br\/sites\/redenso\/\">REDENso<\/a>) e da Rede de Preven\u00e7\u00e3o de Acidentes de Trabalho com Exposi\u00e7\u00e3o a Material Biol\u00f3gico (REPAT \u2013 EERP).<\/p>\n","protected":false},"excerpt":{"rendered":"<p>Edson Vitoretti Ag\u00eancia UEL Durante a pandemia de COVID-19, houve uma conscientiza\u00e7\u00e3o geral da necessidade e dos benef\u00edcios do uso de m\u00e1scaras para a prote\u00e7\u00e3o da sa\u00fade. A pandemia acabou, e as m\u00e1scaras sa\u00edram de cena e das faces da popula\u00e7\u00e3o. Entretanto, h\u00e1 um contingente de trabalhadores que dependem cotidianamente da prote\u00e7\u00e3o desse equipamento: os [&hellip;]<\/p>\n","protected":false},"author":15,"featured_media":2599,"comment_status":"open","ping_status":"open","sticky":false,"template":"","format":"standard","meta":{"_acf_changed":false,"footnotes":""},"categories":[1],"tags":[],"class_list":["post-2598","post","type-post","status-publish","format-standard","has-post-thumbnail","hentry","category-sem-categoria"],"acf":[],"_links":{"self":[{"href":"https:\/\/sites.uel.br\/ccs\/wp-json\/wp\/v2\/posts\/2598","targetHints":{"allow":["GET"]}}],"collection":[{"href":"https:\/\/sites.uel.br\/ccs\/wp-json\/wp\/v2\/posts"}],"about":[{"href":"https:\/\/sites.uel.br\/ccs\/wp-json\/wp\/v2\/types\/post"}],"author":[{"embeddable":true,"href":"https:\/\/sites.uel.br\/ccs\/wp-json\/wp\/v2\/users\/15"}],"replies":[{"embeddable":true,"href":"https:\/\/sites.uel.br\/ccs\/wp-json\/wp\/v2\/comments?post=2598"}],"version-history":[{"count":3,"href":"https:\/\/sites.uel.br\/ccs\/wp-json\/wp\/v2\/posts\/2598\/revisions"}],"predecessor-version":[{"id":2604,"href":"https:\/\/sites.uel.br\/ccs\/wp-json\/wp\/v2\/posts\/2598\/revisions\/2604"}],"wp:featuredmedia":[{"embeddable":true,"href":"https:\/\/sites.uel.br\/ccs\/wp-json\/wp\/v2\/media\/2599"}],"wp:attachment":[{"href":"https:\/\/sites.uel.br\/ccs\/wp-json\/wp\/v2\/media?parent=2598"}],"wp:term":[{"taxonomy":"category","embeddable":true,"href":"https:\/\/sites.uel.br\/ccs\/wp-json\/wp\/v2\/categories?post=2598"},{"taxonomy":"post_tag","embeddable":true,"href":"https:\/\/sites.uel.br\/ccs\/wp-json\/wp\/v2\/tags?post=2598"}],"curies":[{"name":"wp","href":"https:\/\/api.w.org\/{rel}","templated":true}]}}