{"id":2559,"date":"2025-06-16T09:20:38","date_gmt":"2025-06-16T12:20:38","guid":{"rendered":"https:\/\/sites.uel.br\/ccs\/?p=2559"},"modified":"2025-06-16T09:20:39","modified_gmt":"2025-06-16T12:20:39","slug":"hemocentro-pede-doacao-para-sangue-dos-tipos-a-e-o-positivos-e-negativos","status":"publish","type":"post","link":"https:\/\/sites.uel.br\/ccs\/sem-categoria\/2025\/06\/16\/hemocentro-pede-doacao-para-sangue-dos-tipos-a-e-o-positivos-e-negativos\/","title":{"rendered":"Hemocentro pede doa\u00e7\u00e3o para sangue dos tipos A e O positivos e negativos"},"content":{"rendered":"\n<p><strong><em>Intranet Hu<\/em><\/strong><\/p>\n\n\n\n<p>O Hemocentro Regional de Londrina, do Hospital Universit\u00e1rio da UEL, registra um estoque baixo dos sangues dos tipos A+,&nbsp;A-, O+ e O-. Mas a doa\u00e7\u00e3o \u00e9 bem-vinda em todos os tipos sangu\u00edneos.<\/p>\n\n\n\n<p>Aten\u00e7\u00e3o para os novos hor\u00e1rios: de segunda a sexta-feira das 8h \u00e0s 18h, e aos s\u00e1bados das 8h \u00e0s 17h. Portanto, uma redu\u00e7\u00e3o de 30 minutos, para a finaliza\u00e7\u00e3o do atendimento ao p\u00fablico externo, respeitando-se o hor\u00e1rio de trabalho dos servidores do Hemocentro.<\/p>\n\n\n\n<p>O Hemocentro fica em pr\u00e9dio anexo ao HU, na Rua Cl\u00e1udio Donisete Cavalieri, 156&nbsp;(Para doar aos s\u00e1bados \u00e9 recomendado realizar agendamento no site www.saude.pr.gov.br\/doacao).&nbsp;&nbsp;<\/p>\n\n\n\n<p>Mais informa\u00e7\u00f5es pelo whats 43 99115-3927, ou telefones (43) 3371-2218 \/ 3371-2356.<\/p>\n\n\n<div class=\"wp-block-image\">\n<figure class=\"aligncenter size-large is-resized\"><img loading=\"lazy\" decoding=\"async\" width=\"1024\" height=\"1024\" src=\"https:\/\/sites.uel.br\/ccs\/wp-content\/uploads\/2025\/06\/image-12-1024x1024.png\" alt=\"\" class=\"wp-image-2560\" style=\"width:596px;height:auto\" srcset=\"https:\/\/sites.uel.br\/ccs\/wp-content\/uploads\/2025\/06\/image-12-1024x1024.png 1024w, https:\/\/sites.uel.br\/ccs\/wp-content\/uploads\/2025\/06\/image-12-300x300.png 300w, https:\/\/sites.uel.br\/ccs\/wp-content\/uploads\/2025\/06\/image-12-150x150.png 150w, https:\/\/sites.uel.br\/ccs\/wp-content\/uploads\/2025\/06\/image-12-768x768.png 768w, https:\/\/sites.uel.br\/ccs\/wp-content\/uploads\/2025\/06\/image-12.png 1080w\" sizes=\"auto, (max-width: 1024px) 100vw, 1024px\" \/><\/figure>\n<\/div>","protected":false},"excerpt":{"rendered":"<p>Intranet Hu O Hemocentro Regional de Londrina, do Hospital Universit\u00e1rio da UEL, registra um estoque baixo dos sangues dos tipos A+,&nbsp;A-, O+ e O-. Mas a doa\u00e7\u00e3o \u00e9 bem-vinda em todos os tipos sangu\u00edneos. Aten\u00e7\u00e3o para os novos hor\u00e1rios: de segunda a sexta-feira das 8h \u00e0s 18h, e aos s\u00e1bados das 8h \u00e0s 17h. Portanto, [&hellip;]<\/p>\n","protected":false},"author":15,"featured_media":2560,"comment_status":"open","ping_status":"open","sticky":false,"template":"","format":"standard","meta":{"_acf_changed":false,"footnotes":""},"categories":[1],"tags":[],"class_list":["post-2559","post","type-post","status-publish","format-standard","has-post-thumbnail","hentry","category-sem-categoria"],"acf":[],"_links":{"self":[{"href":"https:\/\/sites.uel.br\/ccs\/wp-json\/wp\/v2\/posts\/2559","targetHints":{"allow":["GET"]}}],"collection":[{"href":"https:\/\/sites.uel.br\/ccs\/wp-json\/wp\/v2\/posts"}],"about":[{"href":"https:\/\/sites.uel.br\/ccs\/wp-json\/wp\/v2\/types\/post"}],"author":[{"embeddable":true,"href":"https:\/\/sites.uel.br\/ccs\/wp-json\/wp\/v2\/users\/15"}],"replies":[{"embeddable":true,"href":"https:\/\/sites.uel.br\/ccs\/wp-json\/wp\/v2\/comments?post=2559"}],"version-history":[{"count":1,"href":"https:\/\/sites.uel.br\/ccs\/wp-json\/wp\/v2\/posts\/2559\/revisions"}],"predecessor-version":[{"id":2561,"href":"https:\/\/sites.uel.br\/ccs\/wp-json\/wp\/v2\/posts\/2559\/revisions\/2561"}],"wp:featuredmedia":[{"embeddable":true,"href":"https:\/\/sites.uel.br\/ccs\/wp-json\/wp\/v2\/media\/2560"}],"wp:attachment":[{"href":"https:\/\/sites.uel.br\/ccs\/wp-json\/wp\/v2\/media?parent=2559"}],"wp:term":[{"taxonomy":"category","embeddable":true,"href":"https:\/\/sites.uel.br\/ccs\/wp-json\/wp\/v2\/categories?post=2559"},{"taxonomy":"post_tag","embeddable":true,"href":"https:\/\/sites.uel.br\/ccs\/wp-json\/wp\/v2\/tags?post=2559"}],"curies":[{"name":"wp","href":"https:\/\/api.w.org\/{rel}","templated":true}]}}