{"id":2487,"date":"2025-05-19T20:26:27","date_gmt":"2025-05-19T23:26:27","guid":{"rendered":"https:\/\/sites.uel.br\/ccs\/?p=2487"},"modified":"2025-05-19T20:26:28","modified_gmt":"2025-05-19T23:26:28","slug":"hospital-universitario-da-uel-inaugura-seu-segundo-tomografo","status":"publish","type":"post","link":"https:\/\/sites.uel.br\/ccs\/sem-categoria\/2025\/05\/19\/hospital-universitario-da-uel-inaugura-seu-segundo-tomografo\/","title":{"rendered":"Hospital Universit\u00e1rio da UEL inaugura seu segundo tom\u00f3grafo"},"content":{"rendered":"\n<p><strong><em>Assessoria de Comunica\u00e7\u00e3o do HU<\/em><\/strong><\/p>\n\n\n\n<p><strong><em>Ag\u00eancia UEL<\/em><\/strong><\/p>\n\n\n\n<p>O Hospital Universit\u00e1rio da UEL&nbsp;<a href=\"https:\/\/operobal.uel.br\/ccs\/2025\/05\/13\/hospital-universitario-reforca-que-nao-solicita-pagamento-por-nenhum-procedimento-ou-medicacao\/\" target=\"_blank\" rel=\"noreferrer noopener\">(HU-UEL)<\/a>&nbsp;inaugurou, na tarde de desta quinta-feira (15) o seu segundo tom\u00f3grafo. O novo equipamento ir\u00e1 melhorar o tempo de espera na realiza\u00e7\u00e3o dos exames e elucida\u00e7\u00e3o diagn\u00f3stica, beneficiando a popula\u00e7\u00e3o atendida pelo Sistema \u00danico de Sa\u00fade (SUS) em Londrina e na Macrorregi\u00e3o Norte do Paran\u00e1, atrav\u00e9s do Hospital e do Ambulat\u00f3rio de Especialidades do HU (AEHU). Com a melhoria, a expectativa \u00e9 que a fila de espera pelo procedimento seja zerada em 60 dias.&nbsp;<\/p>\n\n\n\n<p>Para implementa\u00e7\u00e3o do novo tom\u00f3grafo, foram investidos R$2.498.398,00, na aquisi\u00e7\u00e3o do equipamento, e mais R$302.300,00, para adequa\u00e7\u00e3o do espa\u00e7o. A melhoria foi viabilizada com recursos pr\u00f3prios do HU, possibilitado gra\u00e7as ao<br>aporte or\u00e7ament\u00e1rio e financeiro que foi disponibilizado pela Secretaria de<br>Estado da Sa\u00fade do Paran\u00e1 (SESA).&nbsp;&nbsp;<\/p>\n\n\n<div class=\"wp-block-image\">\n<figure class=\"aligncenter is-resized\"><img decoding=\"async\" src=\"https:\/\/operobal.uel.br\/wp-content\/uploads\/2025\/05\/NOVO-TOMOGRAFO-R.U-3-1024x683.jpg\" alt=\"\" class=\"wp-image-98819\" style=\"width:670px;height:auto\" \/><figcaption class=\"wp-element-caption\"><em>Com o segundo tom\u00f3grafo, a expectativa \u00e9 que, em 60 dias, seja zerada a fila de espera por exames de pacientes ambulatoriais (Foto: Marco Corbanez\/HU).<\/em><\/figcaption><\/figure>\n<\/div>\n\n\n<p class=\"has-text-align-left\">A cerim\u00f4nia de inaugura\u00e7\u00e3o contou com as falas do vice-reitor da UEL, Airton Petris,<br>da superintendente do HU, Iara Secco, e da diretora do CCS, Andr\u00e9a Name Colado<br>Sim\u00e3o. Entre as autoridades presentes, estavam: L\u00e9ia Gomes, representando<br>Sandra Moya, chefe regional da Casa Civil; Ricardo Muniz, representando o<br>deputado estadual Terc\u00edlio Turini; Carrie Chueire Ramos Galvan, vice-diretora do<br>CCS; as gestoras do HU: Priscila Nader, diretora cl\u00ednica; Flavia Oussaki, diretora de<br>Enfermagem e Daiane Cardoso, diretora Administrativa.<\/p>\n\n\n<div class=\"wp-block-image\">\n<figure class=\"aligncenter is-resized\"><img decoding=\"async\" src=\"https:\/\/operobal.uel.br\/wp-content\/uploads\/2025\/05\/NOVO-TOMOGRAFO-R.U-2-1024x683.jpg\" alt=\"\" class=\"wp-image-98823\" style=\"width:746px;height:auto\" \/><figcaption class=\"wp-element-caption\"><em>Da direita para esquerda: Airton Petris, vice-reitor UEL, Andr\u00e9a Sim\u00e3o, diretora do CCS, Iara Secco,<br>superintendente do HU, Priscila Nader, diretora cl\u00ednica; Flavia Oussaki, diretora de Enfermagem; Daiane<br>Cardoso, diretora Administrativa. (Foto: Marco Corbanez\/HU).<\/em><\/figcaption><\/figure>\n<\/div>\n\n\n<p><strong>Otimiza\u00e7\u00e3o do servi\u00e7o<br><\/strong>&nbsp;<br>No \u00faltimo ano, foram realizadas 35.298 tomografias computadorizadas no HU, o<br>servi\u00e7o vem crescendo&nbsp;desde 2020, quando foram realizados 16.017 exames. Um<br>acr\u00e9scimo de mais de 120%. Este aumento de demanda criou dentro do Hospital<br>uma fila de espera, que podia levar at\u00e9 60 dias, para pacientes ambulatoriais, que<br>s\u00e3o aqueles que n\u00e3o est\u00e3o internados. Atualmente, h\u00e1 cerca de 600 pacientes<br>aguardando pelo procedimento.<br>&nbsp;<br>Com um segundo equipamento em atividade, a expectativa \u00e9 que n\u00famero de<br>exames passe de 65 para 85 em 24 horas. Com aumento da capacidade e<br>agiliza\u00e7\u00e3o dos agendamentos, \u00e9 estimado que em 60 dias a fila de espera por<br>pacientes ambulatoriais seja zerada.<br>&nbsp;<br>O aumento da capacidade de tomografia tamb\u00e9m fortalece o papel do Hospital como refer\u00eancia em atendimento de alta complexidade no sistema p\u00fablico de sa\u00fade de toda a Macrorregi\u00e3o Norte do Paran\u00e1. Nas palavras da superintendente: \u201cMais do<br>que um avan\u00e7o t\u00e9cnico, esta entrega simboliza o compromisso cont\u00ednuo do nosso<br>hospital com a valoriza\u00e7\u00e3o do SUS, com a forma\u00e7\u00e3o de profissionais altamente<br>capacitados e com a melhoria constante da assist\u00eancia prestada \u00e0 popula\u00e7\u00e3o.<br>Sabemos que sa\u00fade p\u00fablica de qualidade exige investimentos, planejamento,<br>gest\u00e3o eficiente e, acima de tudo, respeito \u00e0s pessoas\u201d.<\/p>\n\n\n<div class=\"wp-block-image\">\n<figure class=\"aligncenter is-resized\"><img decoding=\"async\" src=\"https:\/\/operobal.uel.br\/wp-content\/uploads\/2025\/05\/NOVO-TOMOGRAFO-R.U-1-1024x683.jpg\" alt=\"\" class=\"wp-image-98822\" style=\"width:756px;height:auto\" \/><figcaption class=\"wp-element-caption\"><em>Desde 2020, o HU j\u00e1 realizou mais de 125.738 exames de tomografias, com uma m\u00e9dia de 25.147 exames por ano, entre pacientes internados, ambulatoriais e da urg\u00eancia e emerg\u00eancia.<br>(Foto: Marco Corbanez\/HU).<\/em><\/figcaption><\/figure>\n<\/div>","protected":false},"excerpt":{"rendered":"<p>Assessoria de Comunica\u00e7\u00e3o do HU Ag\u00eancia UEL O Hospital Universit\u00e1rio da UEL&nbsp;(HU-UEL)&nbsp;inaugurou, na tarde de desta quinta-feira (15) o seu segundo tom\u00f3grafo. O novo equipamento ir\u00e1 melhorar o tempo de espera na realiza\u00e7\u00e3o dos exames e elucida\u00e7\u00e3o diagn\u00f3stica, beneficiando a popula\u00e7\u00e3o atendida pelo Sistema \u00danico de Sa\u00fade (SUS) em Londrina e na Macrorregi\u00e3o Norte do [&hellip;]<\/p>\n","protected":false},"author":15,"featured_media":2488,"comment_status":"open","ping_status":"open","sticky":false,"template":"","format":"standard","meta":{"_acf_changed":false,"footnotes":""},"categories":[1],"tags":[],"class_list":["post-2487","post","type-post","status-publish","format-standard","has-post-thumbnail","hentry","category-sem-categoria"],"acf":[],"_links":{"self":[{"href":"https:\/\/sites.uel.br\/ccs\/wp-json\/wp\/v2\/posts\/2487","targetHints":{"allow":["GET"]}}],"collection":[{"href":"https:\/\/sites.uel.br\/ccs\/wp-json\/wp\/v2\/posts"}],"about":[{"href":"https:\/\/sites.uel.br\/ccs\/wp-json\/wp\/v2\/types\/post"}],"author":[{"embeddable":true,"href":"https:\/\/sites.uel.br\/ccs\/wp-json\/wp\/v2\/users\/15"}],"replies":[{"embeddable":true,"href":"https:\/\/sites.uel.br\/ccs\/wp-json\/wp\/v2\/comments?post=2487"}],"version-history":[{"count":1,"href":"https:\/\/sites.uel.br\/ccs\/wp-json\/wp\/v2\/posts\/2487\/revisions"}],"predecessor-version":[{"id":2489,"href":"https:\/\/sites.uel.br\/ccs\/wp-json\/wp\/v2\/posts\/2487\/revisions\/2489"}],"wp:featuredmedia":[{"embeddable":true,"href":"https:\/\/sites.uel.br\/ccs\/wp-json\/wp\/v2\/media\/2488"}],"wp:attachment":[{"href":"https:\/\/sites.uel.br\/ccs\/wp-json\/wp\/v2\/media?parent=2487"}],"wp:term":[{"taxonomy":"category","embeddable":true,"href":"https:\/\/sites.uel.br\/ccs\/wp-json\/wp\/v2\/categories?post=2487"},{"taxonomy":"post_tag","embeddable":true,"href":"https:\/\/sites.uel.br\/ccs\/wp-json\/wp\/v2\/tags?post=2487"}],"curies":[{"name":"wp","href":"https:\/\/api.w.org\/{rel}","templated":true}]}}