{"id":2454,"date":"2025-05-12T13:11:01","date_gmt":"2025-05-12T16:11:01","guid":{"rendered":"https:\/\/sites.uel.br\/ccs\/?p=2454"},"modified":"2025-05-12T13:14:17","modified_gmt":"2025-05-12T16:14:17","slug":"beleza-que-transforma-skincare-como-atitude-de-autoestima","status":"publish","type":"post","link":"https:\/\/sites.uel.br\/ccs\/sem-categoria\/2025\/05\/12\/beleza-que-transforma-skincare-como-atitude-de-autoestima\/","title":{"rendered":"&#8220;Beleza que Transforma: Skincare como atitude de autoestima&#8221;"},"content":{"rendered":"\n<p>A PRORH convida para o curso: &#8220;<strong>BELEZA QUE TRANSFORMA: SKINCARE COMO ATITUDE DE AUTOESTIMA<\/strong>&#8220;. O evento ocorrer\u00e1 no dia 16 de maio, \u00e0s 14h na Sala dos Conselhos (Campus) e ser\u00e1 ministrado pela Profa. Dra. Audrey Alessandra Stinghen Garcia Lonni, docente e Vice Chefe do Departamento de Ci\u00eancias Farmac\u00eauticas, CCS-UEL. As inscri\u00e7\u00f5es ser\u00e3o realizadas no local.<\/p>\n\n\n\n<p>Venham participar!<\/p>\n\n\n<div class=\"wp-block-image\">\n<figure class=\"aligncenter size-large is-resized\"><img loading=\"lazy\" decoding=\"async\" width=\"819\" height=\"1024\" src=\"https:\/\/sites.uel.br\/ccs\/wp-content\/uploads\/2025\/05\/image-18-819x1024.png\" alt=\"\" class=\"wp-image-2456\" style=\"width:566px;height:auto\" srcset=\"https:\/\/sites.uel.br\/ccs\/wp-content\/uploads\/2025\/05\/image-18-819x1024.png 819w, https:\/\/sites.uel.br\/ccs\/wp-content\/uploads\/2025\/05\/image-18-240x300.png 240w, https:\/\/sites.uel.br\/ccs\/wp-content\/uploads\/2025\/05\/image-18-768x960.png 768w, https:\/\/sites.uel.br\/ccs\/wp-content\/uploads\/2025\/05\/image-18.png 1024w\" sizes=\"auto, (max-width: 819px) 100vw, 819px\" \/><\/figure>\n<\/div>","protected":false},"excerpt":{"rendered":"<p>A PRORH convida para o curso: &#8220;BELEZA QUE TRANSFORMA: SKINCARE COMO ATITUDE DE AUTOESTIMA&#8220;. O evento ocorrer\u00e1 no dia 16 de maio, \u00e0s 14h na Sala dos Conselhos (Campus) e ser\u00e1 ministrado pela Profa. Dra. Audrey Alessandra Stinghen Garcia Lonni, docente e Vice Chefe do Departamento de Ci\u00eancias Farmac\u00eauticas, CCS-UEL. As inscri\u00e7\u00f5es ser\u00e3o realizadas no [&hellip;]<\/p>\n","protected":false},"author":15,"featured_media":2456,"comment_status":"open","ping_status":"open","sticky":false,"template":"","format":"standard","meta":{"_acf_changed":false,"footnotes":""},"categories":[1],"tags":[],"class_list":["post-2454","post","type-post","status-publish","format-standard","has-post-thumbnail","hentry","category-sem-categoria"],"acf":[],"_links":{"self":[{"href":"https:\/\/sites.uel.br\/ccs\/wp-json\/wp\/v2\/posts\/2454","targetHints":{"allow":["GET"]}}],"collection":[{"href":"https:\/\/sites.uel.br\/ccs\/wp-json\/wp\/v2\/posts"}],"about":[{"href":"https:\/\/sites.uel.br\/ccs\/wp-json\/wp\/v2\/types\/post"}],"author":[{"embeddable":true,"href":"https:\/\/sites.uel.br\/ccs\/wp-json\/wp\/v2\/users\/15"}],"replies":[{"embeddable":true,"href":"https:\/\/sites.uel.br\/ccs\/wp-json\/wp\/v2\/comments?post=2454"}],"version-history":[{"count":4,"href":"https:\/\/sites.uel.br\/ccs\/wp-json\/wp\/v2\/posts\/2454\/revisions"}],"predecessor-version":[{"id":2461,"href":"https:\/\/sites.uel.br\/ccs\/wp-json\/wp\/v2\/posts\/2454\/revisions\/2461"}],"wp:featuredmedia":[{"embeddable":true,"href":"https:\/\/sites.uel.br\/ccs\/wp-json\/wp\/v2\/media\/2456"}],"wp:attachment":[{"href":"https:\/\/sites.uel.br\/ccs\/wp-json\/wp\/v2\/media?parent=2454"}],"wp:term":[{"taxonomy":"category","embeddable":true,"href":"https:\/\/sites.uel.br\/ccs\/wp-json\/wp\/v2\/categories?post=2454"},{"taxonomy":"post_tag","embeddable":true,"href":"https:\/\/sites.uel.br\/ccs\/wp-json\/wp\/v2\/tags?post=2454"}],"curies":[{"name":"wp","href":"https:\/\/api.w.org\/{rel}","templated":true}]}}