{"id":2404,"date":"2025-04-16T13:21:05","date_gmt":"2025-04-16T16:21:05","guid":{"rendered":"https:\/\/sites.uel.br\/ccs\/?p=2404"},"modified":"2025-04-16T13:21:06","modified_gmt":"2025-04-16T16:21:06","slug":"pesquisadores-do-ccs-apresentam-pesquisas-em-evento-internacional-de-enfermagem-e-saude-mental","status":"publish","type":"post","link":"https:\/\/sites.uel.br\/ccs\/sem-categoria\/2025\/04\/16\/pesquisadores-do-ccs-apresentam-pesquisas-em-evento-internacional-de-enfermagem-e-saude-mental\/","title":{"rendered":"Pesquisadores do CCS apresentam pesquisas em evento internacional de enfermagem e sa\u00fade mental"},"content":{"rendered":"\n<p><strong><em>Intranet Hu<\/em><\/strong><\/p>\n\n\n\n<p>Pesquisadores do Grupo de Estudos, Pr\u00e1ticas e Pesquisa em Sa\u00fade Mental (Gepasm), vinculado ao Programa de P\u00f3s-gradua\u00e7\u00e3o em Enfermagem (Ppgenf), apresentaram tr\u00eas trabalhos durante o evento integrado IV Simp\u00f3sio Internacional de Enfermagem em Adi\u00e7\u00f5es, I Congresso Paulista de Enfermagem em Sa\u00fade Mental e Psiqui\u00e1trica e 3\u00aa Reuni\u00e3o Cient\u00edfica do Cap\u00edtulo Brasileiro da International Nursing Society on Addictions (Intnsa).<\/p>\n\n\n\n<p>Realizado em S\u00e3o Paulo, entre os dias 19 e 21 de mar\u00e7o, o evento teve por tema: &#8220;Enfermagem Psiqui\u00e1trica, Sa\u00fade Mental e Adi\u00e7\u00f5es: Tecnologia de Cuidado, Ensino e Pesquisa no Mundo P\u00f3s-Pandemia&#8221; e reuniu diversos estudantes, pesquisadores, profissionais, usu\u00e1rios e familiares interessados nas tem\u00e1ticas relacionadas \u00e0 enfermagem psiqui\u00e1trica, sa\u00fade mental e adi\u00e7\u00f5es.<\/p>\n\n\n\n<p>Os trabalhos apresentados pelos pesquisadores do Gepasm foram:&nbsp; &#8220;Mulheres em Situa\u00e7\u00e3o de Rua e o Estigma Associado ao Uso de Drogas&#8221;, de autoria da enfermeira mestre Grazieli de Freitas Santos, apresentado pela enfermeira doutoranda Carolina Santana Siqueira, &#8220;Percep\u00e7\u00f5es Femininas na Reabilita\u00e7\u00e3o Psicossocial de Depend\u00eancia de Subst\u00e2ncias Psicoativas&#8221;, de autoria do residente em sa\u00fade mental Victor Hugo Gastaldon Mondek Coelho, apresentado pelo enfermeiro Thiago Moreira, e &#8220;Integra\u00e7\u00e3o de Redes de Apoio na Reabilita\u00e7\u00e3o de Pacientes com Depend\u00eancia Qu\u00edmica no Hospital Universit\u00e1rio de Londrina&#8221;, de autoria da enfermeira mestranda Thamylle dos Santos Ben\u00edcio, que tamb\u00e9m compartilhou as a\u00e7\u00f5es do grupo Narc\u00f3ticos An\u00f4nimos durante 2024. Este \u00faltimo estudo ressaltou a import\u00e2ncia do acompanhamento cont\u00ednuo de indiv\u00edduos em situa\u00e7\u00e3o de depend\u00eancia, alinhando-se ao tema central do congresso.<\/p>\n\n\n\n<p>Todos os trabalhos foram revisados e supervisionados pela docente do grupo, Regina Celia Bueno Machado, que apoiou e incentivou a participa\u00e7\u00e3o no evento.<\/p>\n\n\n<div class=\"wp-block-image\">\n<figure class=\"aligncenter size-large is-resized\"><img loading=\"lazy\" decoding=\"async\" width=\"1024\" height=\"883\" src=\"https:\/\/sites.uel.br\/ccs\/wp-content\/uploads\/2025\/04\/image-28-1024x883.png\" alt=\"\" class=\"wp-image-2405\" style=\"width:686px;height:auto\" srcset=\"https:\/\/sites.uel.br\/ccs\/wp-content\/uploads\/2025\/04\/image-28-1024x883.png 1024w, https:\/\/sites.uel.br\/ccs\/wp-content\/uploads\/2025\/04\/image-28-300x259.png 300w, https:\/\/sites.uel.br\/ccs\/wp-content\/uploads\/2025\/04\/image-28-768x662.png 768w, https:\/\/sites.uel.br\/ccs\/wp-content\/uploads\/2025\/04\/image-28.png 1200w\" sizes=\"auto, (max-width: 1024px) 100vw, 1024px\" \/><figcaption class=\"wp-element-caption\"><strong><em>Da esquerda para direita: Thiago Moreira, Carolina Santana Siqueira e Thamylle dos Santos Benicio<\/em><\/strong><\/figcaption><\/figure>\n<\/div>\n\n\n<p><strong>O evento<\/strong><\/p>\n\n\n\n<p>O evento contou com a presen\u00e7a de renomados especialistas da \u00e1rea da sa\u00fade, como Carmel Clancy, enfermeira ex-presidente da Intnsa e reitora acad\u00eamica da Faculdade de Sa\u00fade e Educa\u00e7\u00e3o da Middlesex University, no Reino Unido. Com vasta experi\u00eancia em depend\u00eancia qu\u00edmica e sa\u00fade mental, Clancy trouxe contribui\u00e7\u00f5es significativas para os debates. Tamb\u00e9m esteve presente Tamar Rodney, professora da Escola de Enfermagem da Universidade Johns Hopkins, nos Estados Unidos. Enfermeira psiqui\u00e1trica certificada, especializada em trauma e psiquiatria, a Rodney compartilhou sua valiosa experi\u00eancia no campo.<\/p>\n\n\n\n<p>Entre os temas discutidos, destacaram-se quest\u00f5es relacionadas \u00e0 sa\u00fade mental e adi\u00e7\u00f5es, os impactos das subst\u00e2ncias psicoativas, manejo verbal, curr\u00edculo universal em adi\u00e7\u00f5es, preven\u00e7\u00e3o e p\u00f3s-preven\u00e7\u00e3o do suic\u00eddio, al\u00e9m das oportunidades internacionais para enfermeiros.<\/p>\n\n\n\n<p>O evento foi promovido pelo&nbsp;N\u00facleo de Estudos e Pesquisas em Enfermagem em Adi\u00e7\u00f5es e Sa\u00fade Mental (Nepeasm)&nbsp;da Escola de Enfermagem da Usp (Eeusp) e ocorreu&nbsp;no Centro de Conven\u00e7\u00f5es Rebou\u00e7as, na capital paulista.<\/p>\n\n\n\n<p>A participa\u00e7\u00e3o da UEL no evento refor\u00e7a o compromisso da institui\u00e7\u00e3o com a pesquisa, o avan\u00e7o das pr\u00e1ticas de cuidado em sa\u00fade mental e o enfrentamento da depend\u00eancia qu\u00edmica.<\/p>\n","protected":false},"excerpt":{"rendered":"<p>Intranet Hu Pesquisadores do Grupo de Estudos, Pr\u00e1ticas e Pesquisa em Sa\u00fade Mental (Gepasm), vinculado ao Programa de P\u00f3s-gradua\u00e7\u00e3o em Enfermagem (Ppgenf), apresentaram tr\u00eas trabalhos durante o evento integrado IV Simp\u00f3sio Internacional de Enfermagem em Adi\u00e7\u00f5es, I Congresso Paulista de Enfermagem em Sa\u00fade Mental e Psiqui\u00e1trica e 3\u00aa Reuni\u00e3o Cient\u00edfica do Cap\u00edtulo Brasileiro da International [&hellip;]<\/p>\n","protected":false},"author":15,"featured_media":2405,"comment_status":"open","ping_status":"open","sticky":false,"template":"","format":"standard","meta":{"_acf_changed":false,"footnotes":""},"categories":[1],"tags":[],"class_list":["post-2404","post","type-post","status-publish","format-standard","has-post-thumbnail","hentry","category-sem-categoria"],"acf":[],"_links":{"self":[{"href":"https:\/\/sites.uel.br\/ccs\/wp-json\/wp\/v2\/posts\/2404","targetHints":{"allow":["GET"]}}],"collection":[{"href":"https:\/\/sites.uel.br\/ccs\/wp-json\/wp\/v2\/posts"}],"about":[{"href":"https:\/\/sites.uel.br\/ccs\/wp-json\/wp\/v2\/types\/post"}],"author":[{"embeddable":true,"href":"https:\/\/sites.uel.br\/ccs\/wp-json\/wp\/v2\/users\/15"}],"replies":[{"embeddable":true,"href":"https:\/\/sites.uel.br\/ccs\/wp-json\/wp\/v2\/comments?post=2404"}],"version-history":[{"count":1,"href":"https:\/\/sites.uel.br\/ccs\/wp-json\/wp\/v2\/posts\/2404\/revisions"}],"predecessor-version":[{"id":2406,"href":"https:\/\/sites.uel.br\/ccs\/wp-json\/wp\/v2\/posts\/2404\/revisions\/2406"}],"wp:featuredmedia":[{"embeddable":true,"href":"https:\/\/sites.uel.br\/ccs\/wp-json\/wp\/v2\/media\/2405"}],"wp:attachment":[{"href":"https:\/\/sites.uel.br\/ccs\/wp-json\/wp\/v2\/media?parent=2404"}],"wp:term":[{"taxonomy":"category","embeddable":true,"href":"https:\/\/sites.uel.br\/ccs\/wp-json\/wp\/v2\/categories?post=2404"},{"taxonomy":"post_tag","embeddable":true,"href":"https:\/\/sites.uel.br\/ccs\/wp-json\/wp\/v2\/tags?post=2404"}],"curies":[{"name":"wp","href":"https:\/\/api.w.org\/{rel}","templated":true}]}}