{"id":2282,"date":"2025-01-15T08:56:14","date_gmt":"2025-01-15T11:56:14","guid":{"rendered":"https:\/\/sites.uel.br\/ccs\/?p=2282"},"modified":"2025-01-15T08:56:16","modified_gmt":"2025-01-15T11:56:16","slug":"placa-na-ccih-homenageia-profissionais-que-atuaram-no-setor-desde-1972","status":"publish","type":"post","link":"https:\/\/sites.uel.br\/ccs\/sem-categoria\/2025\/01\/15\/placa-na-ccih-homenageia-profissionais-que-atuaram-no-setor-desde-1972\/","title":{"rendered":"PLACA NA CCIH HOMENAGEIA PROFISSIONAIS QUE ATUARAM NO SETOR DESDE  1972"},"content":{"rendered":"\n<p>Intranet HU<\/p>\n\n\n\n<p>A Comiss\u00e3o de Controle de Infec\u00e7\u00e3o Hospitalar (CCIH) do HU inaugurou uma placa, no final do ano, para comemorar o 52\u00b0 anivers\u00e1rio da CCIH, com os nomes de todos os profissionais que participaram da Comiss\u00e3o desde a sua cria\u00e7\u00e3o, em 1972.<\/p>\n\n\n\n<p>O evento teve o objetivo de agradecer aos profissionais que dedicaram seu tempo, conhecimento, aten\u00e7\u00e3o e amor \u00e0 preven\u00e7\u00e3o e controle de Infec\u00e7\u00e3o hospitalar.<\/p>\n\n\n<div class=\"wp-block-image\">\n<figure class=\"aligncenter size-full is-resized\"><img loading=\"lazy\" decoding=\"async\" width=\"546\" height=\"662\" src=\"https:\/\/sites.uel.br\/ccs\/wp-content\/uploads\/2025\/01\/image.png\" alt=\"\" class=\"wp-image-2283\" style=\"width:644px;height:auto\" srcset=\"https:\/\/sites.uel.br\/ccs\/wp-content\/uploads\/2025\/01\/image.png 546w, https:\/\/sites.uel.br\/ccs\/wp-content\/uploads\/2025\/01\/image-247x300.png 247w\" sizes=\"auto, (max-width: 546px) 100vw, 546px\" \/><figcaption class=\"wp-element-caption\"><strong><em>Atuais profissionais e os que atuaram desde a cria\u00e7\u00e3o da CCIH s\u00e3o homenageados na placa<\/em><\/strong><\/figcaption><\/figure>\n<\/div>\n\n\n<p>\u201cTrata-se de uma hist\u00f3ria constru\u00edda pelas m\u00e3os de biom\u00e9dicos, enfermeiros, farmac\u00eauticos, m\u00e9dicos e t\u00e9cnicos administrativos, atuantes no Hospital Universit\u00e1rio e no Centro de Ci\u00eancias da Sa\u00fade, que implantaram medidas que permitiram que muitas infec\u00e7\u00f5es hospitalares fossem prevenidas e controladas, reduzindo riscos aos pacientes e aos profissionais que atuam no Hospital\u201d, explica Renata Belei, coordenadora de Enfermagem da Comiss\u00e3o.<\/p>\n\n\n\n<p>\u201cSer da CCIH-HU sempre foi um motivo de orgulho para toda a equipe, chefiada pela Dra. Cl\u00e1udia Carrilho, que agradece o apoio da gest\u00e3o do Hospital e de todos os demais profissionais que sempre valorizaram e apoiaram o nosso trabalho\u201d, ressalta Renata.<\/p>\n\n\n<div class=\"wp-block-image\">\n<figure class=\"aligncenter size-large\"><img loading=\"lazy\" decoding=\"async\" width=\"1024\" height=\"908\" src=\"https:\/\/sites.uel.br\/ccs\/wp-content\/uploads\/2025\/01\/image-1-1024x908.png\" alt=\"\" class=\"wp-image-2284\" srcset=\"https:\/\/sites.uel.br\/ccs\/wp-content\/uploads\/2025\/01\/image-1-1024x908.png 1024w, https:\/\/sites.uel.br\/ccs\/wp-content\/uploads\/2025\/01\/image-1-300x266.png 300w, https:\/\/sites.uel.br\/ccs\/wp-content\/uploads\/2025\/01\/image-1-768x681.png 768w, https:\/\/sites.uel.br\/ccs\/wp-content\/uploads\/2025\/01\/image-1-1536x1362.png 1536w, https:\/\/sites.uel.br\/ccs\/wp-content\/uploads\/2025\/01\/image-1-2048x1816.png 2048w\" sizes=\"auto, (max-width: 1024px) 100vw, 1024px\" \/><\/figure>\n<\/div>","protected":false},"excerpt":{"rendered":"<p>Intranet HU A Comiss\u00e3o de Controle de Infec\u00e7\u00e3o Hospitalar (CCIH) do HU inaugurou uma placa, no final do ano, para comemorar o 52\u00b0 anivers\u00e1rio da CCIH, com os nomes de todos os profissionais que participaram da Comiss\u00e3o desde a sua cria\u00e7\u00e3o, em 1972. O evento teve o objetivo de agradecer aos profissionais que dedicaram seu [&hellip;]<\/p>\n","protected":false},"author":15,"featured_media":2283,"comment_status":"open","ping_status":"open","sticky":false,"template":"","format":"standard","meta":{"_acf_changed":false,"footnotes":""},"categories":[1],"tags":[],"class_list":["post-2282","post","type-post","status-publish","format-standard","has-post-thumbnail","hentry","category-sem-categoria"],"acf":[],"_links":{"self":[{"href":"https:\/\/sites.uel.br\/ccs\/wp-json\/wp\/v2\/posts\/2282","targetHints":{"allow":["GET"]}}],"collection":[{"href":"https:\/\/sites.uel.br\/ccs\/wp-json\/wp\/v2\/posts"}],"about":[{"href":"https:\/\/sites.uel.br\/ccs\/wp-json\/wp\/v2\/types\/post"}],"author":[{"embeddable":true,"href":"https:\/\/sites.uel.br\/ccs\/wp-json\/wp\/v2\/users\/15"}],"replies":[{"embeddable":true,"href":"https:\/\/sites.uel.br\/ccs\/wp-json\/wp\/v2\/comments?post=2282"}],"version-history":[{"count":1,"href":"https:\/\/sites.uel.br\/ccs\/wp-json\/wp\/v2\/posts\/2282\/revisions"}],"predecessor-version":[{"id":2285,"href":"https:\/\/sites.uel.br\/ccs\/wp-json\/wp\/v2\/posts\/2282\/revisions\/2285"}],"wp:featuredmedia":[{"embeddable":true,"href":"https:\/\/sites.uel.br\/ccs\/wp-json\/wp\/v2\/media\/2283"}],"wp:attachment":[{"href":"https:\/\/sites.uel.br\/ccs\/wp-json\/wp\/v2\/media?parent=2282"}],"wp:term":[{"taxonomy":"category","embeddable":true,"href":"https:\/\/sites.uel.br\/ccs\/wp-json\/wp\/v2\/categories?post=2282"},{"taxonomy":"post_tag","embeddable":true,"href":"https:\/\/sites.uel.br\/ccs\/wp-json\/wp\/v2\/tags?post=2282"}],"curies":[{"name":"wp","href":"https:\/\/api.w.org\/{rel}","templated":true}]}}