{"id":2130,"date":"2024-10-08T09:22:06","date_gmt":"2024-10-08T12:22:06","guid":{"rendered":"https:\/\/sites.uel.br\/ccs\/?p=2130"},"modified":"2024-10-08T09:22:07","modified_gmt":"2024-10-08T12:22:07","slug":"docente-do-ccs-e-nomeado-representante-de-comissao-pelo-cfm","status":"publish","type":"post","link":"https:\/\/sites.uel.br\/ccs\/sem-categoria\/2024\/10\/08\/docente-do-ccs-e-nomeado-representante-de-comissao-pelo-cfm\/","title":{"rendered":"DOCENTE DO  CCS \u00c9 NOMEADO REPRESENTANTE DE COMISS\u00c3O PELO  CFM."},"content":{"rendered":"\n<p><strong><em>Intranet HU<\/em><\/strong><\/p>\n\n\n\n<p>O Conselho Federal de Medicina (CFM) nomeou nesta quarta-feira (2), o m\u00e9dico e professor do Departamento de Clinica M\u00e9dica do Centro de Ci\u00eancias da Sa\u00fade Alcindo Cerci Neto como representante do CFM na Comiss\u00e3o Nacional de Resid\u00eancia M\u00e9dica. Alcindo foi eleito conselheiro do CFM no dia 7 de agosto e j\u00e1 inicia sua trajet\u00f3ria com participa\u00e7\u00e3o ativa no campo da Resid\u00eancia M\u00e9dica, pauta defendida pelo m\u00e9dico durante sua campanha para o Conselho.<\/p>\n\n\n<div class=\"wp-block-image\">\n<figure class=\"aligncenter size-full is-resized\"><img loading=\"lazy\" decoding=\"async\" width=\"402\" height=\"567\" src=\"https:\/\/sites.uel.br\/ccs\/wp-content\/uploads\/2024\/10\/image-11.png\" alt=\"\" class=\"wp-image-2131\" style=\"width:496px;height:auto\" srcset=\"https:\/\/sites.uel.br\/ccs\/wp-content\/uploads\/2024\/10\/image-11.png 402w, https:\/\/sites.uel.br\/ccs\/wp-content\/uploads\/2024\/10\/image-11-213x300.png 213w\" sizes=\"auto, (max-width: 402px) 100vw, 402px\" \/><figcaption class=\"wp-element-caption\"><strong><em>Prof. Dr. Alcindo Cerci Neto<\/em><\/strong><\/figcaption><\/figure>\n<\/div>","protected":false},"excerpt":{"rendered":"<p>Intranet HU O Conselho Federal de Medicina (CFM) nomeou nesta quarta-feira (2), o m\u00e9dico e professor do Departamento de Clinica M\u00e9dica do Centro de Ci\u00eancias da Sa\u00fade Alcindo Cerci Neto como representante do CFM na Comiss\u00e3o Nacional de Resid\u00eancia M\u00e9dica. Alcindo foi eleito conselheiro do CFM no dia 7 de agosto e j\u00e1 inicia sua [&hellip;]<\/p>\n","protected":false},"author":15,"featured_media":2131,"comment_status":"open","ping_status":"open","sticky":false,"template":"","format":"standard","meta":{"_acf_changed":false,"footnotes":""},"categories":[1],"tags":[],"class_list":["post-2130","post","type-post","status-publish","format-standard","has-post-thumbnail","hentry","category-sem-categoria"],"acf":[],"_links":{"self":[{"href":"https:\/\/sites.uel.br\/ccs\/wp-json\/wp\/v2\/posts\/2130","targetHints":{"allow":["GET"]}}],"collection":[{"href":"https:\/\/sites.uel.br\/ccs\/wp-json\/wp\/v2\/posts"}],"about":[{"href":"https:\/\/sites.uel.br\/ccs\/wp-json\/wp\/v2\/types\/post"}],"author":[{"embeddable":true,"href":"https:\/\/sites.uel.br\/ccs\/wp-json\/wp\/v2\/users\/15"}],"replies":[{"embeddable":true,"href":"https:\/\/sites.uel.br\/ccs\/wp-json\/wp\/v2\/comments?post=2130"}],"version-history":[{"count":1,"href":"https:\/\/sites.uel.br\/ccs\/wp-json\/wp\/v2\/posts\/2130\/revisions"}],"predecessor-version":[{"id":2132,"href":"https:\/\/sites.uel.br\/ccs\/wp-json\/wp\/v2\/posts\/2130\/revisions\/2132"}],"wp:featuredmedia":[{"embeddable":true,"href":"https:\/\/sites.uel.br\/ccs\/wp-json\/wp\/v2\/media\/2131"}],"wp:attachment":[{"href":"https:\/\/sites.uel.br\/ccs\/wp-json\/wp\/v2\/media?parent=2130"}],"wp:term":[{"taxonomy":"category","embeddable":true,"href":"https:\/\/sites.uel.br\/ccs\/wp-json\/wp\/v2\/categories?post=2130"},{"taxonomy":"post_tag","embeddable":true,"href":"https:\/\/sites.uel.br\/ccs\/wp-json\/wp\/v2\/tags?post=2130"}],"curies":[{"name":"wp","href":"https:\/\/api.w.org\/{rel}","templated":true}]}}