{"id":1543,"date":"2024-05-24T16:29:49","date_gmt":"2024-05-24T19:29:49","guid":{"rendered":"https:\/\/sites.uel.br\/ccs\/?p=1543"},"modified":"2024-05-24T16:29:51","modified_gmt":"2024-05-24T19:29:51","slug":"hu-da-uel-faz-mutirao-de-cirurgia-urologica-com-pacientes-da-lista-de-espera","status":"publish","type":"post","link":"https:\/\/sites.uel.br\/ccs\/sem-categoria\/2024\/05\/24\/hu-da-uel-faz-mutirao-de-cirurgia-urologica-com-pacientes-da-lista-de-espera\/","title":{"rendered":"HU DA UEL FAZ MUTIR\u00c3O DE CIRURGIA UROL\u00d3GICA COM PACIENTES DA LISTA DE ESPERA."},"content":{"rendered":"\n<p><strong><em>Assessoria de Comunica\u00e7\u00e3o do HU<\/em><\/strong><\/p>\n\n\n\n<p><strong><em>Ag\u00eancia UEL<\/em><\/strong><\/p>\n\n\n\n<p>O Hospital Universit\u00e1rio (HU) da UEL promove, nesta sexta (24), s\u00e1bado (25) e domingo (26), um mutir\u00e3o que vai capacitar urologistas na aplica\u00e7\u00e3o da cirurgia de Enuclea\u00e7\u00e3o Endosc\u00f3pica da Pr\u00f3stata a Laser, uma t\u00e9cnica moderna que consiste na retirada do crescimento prost\u00e1tico, que provoca obstru\u00e7\u00e3o \u00e0 mic\u00e7\u00e3o. A cirurgia, realizada pela uretra, sem cortes ou pun\u00e7\u00f5es, permite alta hospitalar precoce e sem uso de sonda, diminuindo o desconforto dos pacientes no p\u00f3s-operat\u00f3rio.<\/p>\n\n\n\n<p>As aulas te\u00f3ricas ocorrem nesta sexta, na Sala de Eventos do Restaurante Vila Fontana, no Shopping Aurora (Av. Ayrton Senna, 400, Palhano 1), das 19h \u00e0s 22h. As cirurgias ser\u00e3o realizadas no Centro Cir\u00fargico do HU, no s\u00e1bado e domingo. A a\u00e7\u00e3o vai envolver 12 urologistas e 20 pacientes da lista de espera de cirurgias eletivas, que ser\u00e3o beneficiados pelo mutir\u00e3o. A coordena\u00e7\u00e3o do evento \u00e9 do professor do Departamento de Cirurgia Cl\u00ednica (CCS) da UEL, o urologista Silvio Henrique de Almeida.<\/p>\n\n\n\n<p>A a\u00e7\u00e3o, al\u00e9m de dar aos urologistas-alunos a forma\u00e7\u00e3o continuada, abordando os assuntos mais recentes na \u00e1rea de interesse da hiperplasia prost\u00e1tica benigna, vai proporcionar aos pacientes do SUS t\u00e9cnicas avan\u00e7adas de cirurgia prost\u00e1tica, n\u00e3o dispon\u00edveis no sistema p\u00fablico, al\u00e9m de diminuir a fila de pacientes aguardando a cirurgia no munic\u00edpio.<\/p>\n\n\n<div class=\"wp-block-image\">\n<figure class=\"aligncenter size-full is-resized\"><img loading=\"lazy\" decoding=\"async\" width=\"682\" height=\"1024\" src=\"https:\/\/sites.uel.br\/ccs\/wp-content\/uploads\/2024\/05\/image-30.png\" alt=\"\" class=\"wp-image-1544\" style=\"width:426px;height:auto\" srcset=\"https:\/\/sites.uel.br\/ccs\/wp-content\/uploads\/2024\/05\/image-30.png 682w, https:\/\/sites.uel.br\/ccs\/wp-content\/uploads\/2024\/05\/image-30-200x300.png 200w\" sizes=\"auto, (max-width: 682px) 100vw, 682px\" \/><figcaption class=\"wp-element-caption\"><strong><em>Urologista Silvio Henrique de Almeida coordena o evento.<\/em><\/strong><\/figcaption><\/figure>\n<\/div>\n\n\n<h2 class=\"wp-block-heading\"><strong>Resultados<\/strong><\/h2>\n\n\n\n<p>Segundo o professor Almeida, a reten\u00e7\u00e3o urin\u00e1ria aguda secund\u00e1ria ao crescimento da hiperplasia benigna \u00e9 uma das complica\u00e7\u00f5es urin\u00e1rias mais significativas do homem, principalmente idoso. \u201cA a\u00e7\u00e3o do Hospital consiste num importante evento j\u00e1 que \u00e9 uma doen\u00e7a que provoca grande desconforto, incapacidade de trabalho, al\u00e9m de aumentar o risco de complica\u00e7\u00f5es urin\u00e1rias\u201d, avaliou o professor, que tamb\u00e9m \u00e9 respons\u00e1vel pela disciplina de Urologia do curso de Medicina.<\/p>\n\n\n<div class=\"wp-block-image\">\n<figure class=\"aligncenter size-full is-resized\"><img loading=\"lazy\" decoding=\"async\" width=\"1024\" height=\"682\" src=\"https:\/\/sites.uel.br\/ccs\/wp-content\/uploads\/2024\/05\/image-31.png\" alt=\"\" class=\"wp-image-1545\" style=\"width:742px;height:auto\" srcset=\"https:\/\/sites.uel.br\/ccs\/wp-content\/uploads\/2024\/05\/image-31.png 1024w, https:\/\/sites.uel.br\/ccs\/wp-content\/uploads\/2024\/05\/image-31-300x200.png 300w, https:\/\/sites.uel.br\/ccs\/wp-content\/uploads\/2024\/05\/image-31-768x512.png 768w\" sizes=\"auto, (max-width: 1024px) 100vw, 1024px\" \/><figcaption class=\"wp-element-caption\"><strong><em>A equipe cir\u00fargica: da esquerda para a direita, urologistas Luis Gustavo Toledo<br>(orientador), Adolfo Neves e Jo\u00e3o Gabriel Scorpione.<\/em><\/strong><\/figcaption><\/figure>\n<\/div>\n\n\n<p>\u201cO uso de tecnologias mais recentes, como o laser, n\u00e3o \u00e9 previsto para<br>cobertura no SUS na cirurgia de hiperplasia prost\u00e1tica. Com cursos como este, podemos oferecer o melhor e mais moderno tratamento a esses pacientes\u201d, finalizou o professor.<\/p>\n\n\n\n<p>As aulas te\u00f3ricas e as orienta\u00e7\u00f5es nas cirurgias ser\u00e3o ministradas pelo urologista Luis<br>Gustavo Toledo, do HU da UEL.<\/p>\n","protected":false},"excerpt":{"rendered":"<p>Assessoria de Comunica\u00e7\u00e3o do HU Ag\u00eancia UEL O Hospital Universit\u00e1rio (HU) da UEL promove, nesta sexta (24), s\u00e1bado (25) e domingo (26), um mutir\u00e3o que vai capacitar urologistas na aplica\u00e7\u00e3o da cirurgia de Enuclea\u00e7\u00e3o Endosc\u00f3pica da Pr\u00f3stata a Laser, uma t\u00e9cnica moderna que consiste na retirada do crescimento prost\u00e1tico, que provoca obstru\u00e7\u00e3o \u00e0 mic\u00e7\u00e3o. A [&hellip;]<\/p>\n","protected":false},"author":15,"featured_media":1545,"comment_status":"open","ping_status":"open","sticky":false,"template":"","format":"standard","meta":{"_acf_changed":false,"footnotes":""},"categories":[1],"tags":[],"class_list":["post-1543","post","type-post","status-publish","format-standard","has-post-thumbnail","hentry","category-sem-categoria"],"acf":[],"_links":{"self":[{"href":"https:\/\/sites.uel.br\/ccs\/wp-json\/wp\/v2\/posts\/1543","targetHints":{"allow":["GET"]}}],"collection":[{"href":"https:\/\/sites.uel.br\/ccs\/wp-json\/wp\/v2\/posts"}],"about":[{"href":"https:\/\/sites.uel.br\/ccs\/wp-json\/wp\/v2\/types\/post"}],"author":[{"embeddable":true,"href":"https:\/\/sites.uel.br\/ccs\/wp-json\/wp\/v2\/users\/15"}],"replies":[{"embeddable":true,"href":"https:\/\/sites.uel.br\/ccs\/wp-json\/wp\/v2\/comments?post=1543"}],"version-history":[{"count":1,"href":"https:\/\/sites.uel.br\/ccs\/wp-json\/wp\/v2\/posts\/1543\/revisions"}],"predecessor-version":[{"id":1546,"href":"https:\/\/sites.uel.br\/ccs\/wp-json\/wp\/v2\/posts\/1543\/revisions\/1546"}],"wp:featuredmedia":[{"embeddable":true,"href":"https:\/\/sites.uel.br\/ccs\/wp-json\/wp\/v2\/media\/1545"}],"wp:attachment":[{"href":"https:\/\/sites.uel.br\/ccs\/wp-json\/wp\/v2\/media?parent=1543"}],"wp:term":[{"taxonomy":"category","embeddable":true,"href":"https:\/\/sites.uel.br\/ccs\/wp-json\/wp\/v2\/categories?post=1543"},{"taxonomy":"post_tag","embeddable":true,"href":"https:\/\/sites.uel.br\/ccs\/wp-json\/wp\/v2\/tags?post=1543"}],"curies":[{"name":"wp","href":"https:\/\/api.w.org\/{rel}","templated":true}]}}